{"id":734739,"date":"2026-08-28T00:22:23","date_gmt":"2026-08-28T00:22:23","guid":{"rendered":"https:\/\/www.europesays.com\/es\/734739\/"},"modified":"2026-08-28T00:22:23","modified_gmt":"2026-08-28T00:22:23","slug":"jean-marc-pansa-la-liga-endesa-es-la-mejor-liga-de-europa-una-gran-oportunidad-para-mi","status":"publish","type":"post","link":"https:\/\/www.europesays.com\/es\/734739\/","title":{"rendered":"Jean-Marc Pansa: \u201cLa Liga Endesa es la mejor liga de Europa, una gran oportunidad para m\u00ed\u201d"},"content":{"rendered":"<p class=\"ContentTypeText-module-scss-module__t80MYq__content__paragraph\"><strong>Jean-Marc Pansa<\/strong> ha sido presentado oficialmente como nuevo jugador del UCAM Murcia. El p\u00edvot franc\u00e9s ha comparecido este jueves en el CAR Regi\u00f3n de Murcia, patrocinador del acto, acompa\u00f1ado por <strong>Alejandro G\u00f3mez<\/strong>, director general del UCAM Murcia; <strong>Fran S\u00e1nchez<\/strong>, director general de Deportes; <strong>Pablo Rosique<\/strong>, director de Deportes de la UCAM; y <strong>Jos\u00e9 Miguel Garrido<\/strong>, director comercial y de marketing del club.<\/p>\n<p class=\"ContentTypeText-module-scss-module__t80MYq__content__paragraph\">En sus primeras palabras como jugador universitario, <strong>Pansa<\/strong> ha dejado clara la ambici\u00f3n con la que afronta esta nueva etapa. <strong>\u201cMi primer objetivo es ganar, por supuesto, ayudar al equipo a crecer, tener la mejor temporada posible y disfrutar\u201d<\/strong>, ha se\u00f1alado.<\/p>\n<p class=\"ContentTypeText-module-scss-module__t80MYq__content__paragraph\">El nuevo interior universitario tambi\u00e9n ha explicado qu\u00e9 puede aportar al equipo de <strong>Sito Alonso<\/strong>. <strong>Pansa<\/strong> se define como un jugador con energ\u00eda, capacidad atl\u00e9tica y predisposici\u00f3n para ponerse al servicio del colectivo. <strong>\u201cDir\u00eda que soy un buen finalizador cerca del aro. Corro mucho, tengo capacidad para taponar y soy muy activo en la pista. Estoy preparado para hacer lo que el entrenador me pida\u201d<\/strong>, ha explicado.<\/p>\n<p class=\"ContentTypeText-module-scss-module__t80MYq__content__paragraph\">Tras sus primeros d\u00edas de trabajo junto al resto de la plantilla, el franc\u00e9s se ha mostrado satisfecho con su integraci\u00f3n en el grupo. <strong>\u201cCreo que la adaptaci\u00f3n ser\u00e1 f\u00e1cil porque tanto el cuerpo t\u00e9cnico como todos mis compa\u00f1eros est\u00e1n intentando ayudarme a entenderlo todo y a ser el mejor jugador que pueda ser en la pista\u00bb<\/strong>, ha asegurado.<\/p>\n<blockquote class=\"ContentTypeQuote-module-scss-module__mfbW6a__quote\">\n<p class=\"ContentTypeQuote-module-scss-module__mfbW6a__quote__text\">\u201cEs una gran oportunidad para demostrar lo que puedo hacer\u201d<\/p>\n<\/blockquote>\n<p class=\"ContentTypeText-module-scss-module__t80MYq__content__paragraph\"><strong>Pansa<\/strong> llega a Murcia despu\u00e9s de competir la pasada temporada en Azerbaiy\u00e1n y afronta ahora el salto a la Liga Endesa como uno de los grandes retos de su carrera. \u201c<strong>Es un desaf\u00edo muy importante para m\u00ed. El a\u00f1o pasado estaba jugando en Azerbaiy\u00e1n y ahora llego a la liga espa\u00f1ola, que es la mejor liga de Europa. Es una gran oportunidad para demostrar lo que puedo hacer y ayudar al equipo a tener una buena temporada\u201d<\/strong>, ha afirmado.<\/p>\n<p class=\"ContentTypeText-module-scss-module__t80MYq__content__paragraph\">El p\u00edvot tiene claro cu\u00e1l debe ser su actitud para aprovechar esta oportunidad: <strong>\u201cQuiero dar lo mejor de m\u00ed y dar todo lo que pueda en la pista\u201d<\/strong>.<\/p>\n<p class=\"ContentTypeText-module-scss-module__t80MYq__content__paragraph\">El nuevo jugador universitario tambi\u00e9n ha reconocido que antes de aterrizar en Murcia tuvo la oportunidad de hablar con Yannis Morin, exjugador del UCAM Murcia, para conocer de primera mano el club y la ciudad. <strong>\u201cHabl\u00e9 con Yannis Morin este verano y me cont\u00f3 muchas cosas buenas sobre la ciudad y sobre el club\u201d<\/strong>, ha relatado.<\/p>\n<p class=\"ContentTypeText-module-scss-module__t80MYq__content__paragraph\"><strong>Pansa<\/strong> ya ha comenzado tambi\u00e9n su particular adaptaci\u00f3n a las costumbres murcianas. El franc\u00e9s ha desvelado cu\u00e1l ha sido uno de sus primeros contactos con la gastronom\u00eda de la Regi\u00f3n: <strong>\u201cLo primero que prob\u00e9 aqu\u00ed fue el zarangollo y estaba muy bueno\u201d<\/strong>.<\/p>\n<p class=\"ContentTypeText-module-scss-module__t80MYq__content__paragraph\">Una primera toma de contacto con Murcia que espera ampliar durante los pr\u00f3ximos meses. <strong>\u201cEspero que todo el mundo pueda ense\u00f1arme m\u00e1s cosas para conocer mejor la historia del club y tambi\u00e9n la ciudad\u201d<\/strong>, ha concluido el nuevo jugador del UCAM Murcia.<\/p>\n","protected":false},"excerpt":{"rendered":"Jean-Marc Pansa ha sido presentado oficialmente como nuevo jugador del UCAM Murcia. El p\u00edvot franc\u00e9s ha comparecido este&hellip;\n","protected":false},"author":2,"featured_media":734740,"comment_status":"","ping_status":"","sticky":false,"template":"","format":"standard","meta":{"footnotes":""},"categories":[269],"tags":[58880,299,298,105856,168,25,24,557,117994,665,2436,23,167],"class_list":["post-734739","post","type-post","status-publish","format-standard","has-post-thumbnail","category-baloncesto","tag-2026-27","tag-baloncesto","tag-basketball","tag-cb-murcia","tag-deportes","tag-es","tag-espana","tag-fichaje","tag-jean-marc-pansa","tag-liga-endesa","tag-presentacion","tag-spain","tag-sports"],"share_on_mastodon":{"url":"https:\/\/pubeurope.com\/@es\/117170284020020757","error":""},"_links":{"self":[{"href":"https:\/\/www.europesays.com\/es\/wp-json\/wp\/v2\/posts\/734739","targetHints":{"allow":["GET"]}}],"collection":[{"href":"https:\/\/www.europesays.com\/es\/wp-json\/wp\/v2\/posts"}],"about":[{"href":"https:\/\/www.europesays.com\/es\/wp-json\/wp\/v2\/types\/post"}],"author":[{"embeddable":true,"href":"https:\/\/www.europesays.com\/es\/wp-json\/wp\/v2\/users\/2"}],"replies":[{"embeddable":true,"href":"https:\/\/www.europesays.com\/es\/wp-json\/wp\/v2\/comments?post=734739"}],"version-history":[{"count":0,"href":"https:\/\/www.europesays.com\/es\/wp-json\/wp\/v2\/posts\/734739\/revisions"}],"wp:featuredmedia":[{"embeddable":true,"href":"https:\/\/www.europesays.com\/es\/wp-json\/wp\/v2\/media\/734740"}],"wp:attachment":[{"href":"https:\/\/www.europesays.com\/es\/wp-json\/wp\/v2\/media?parent=734739"}],"wp:term":[{"taxonomy":"category","embeddable":true,"href":"https:\/\/www.europesays.com\/es\/wp-json\/wp\/v2\/categories?post=734739"},{"taxonomy":"post_tag","embeddable":true,"href":"https:\/\/www.europesays.com\/es\/wp-json\/wp\/v2\/tags?post=734739"}],"curies":[{"name":"wp","href":"https:\/\/api.w.org\/{rel}","templated":true}]}}