{"id":734815,"date":"2026-08-28T01:31:16","date_gmt":"2026-08-28T01:31:16","guid":{"rendered":"https:\/\/www.europesays.com\/es\/734815\/"},"modified":"2026-08-28T01:31:16","modified_gmt":"2026-08-28T01:31:16","slug":"sebastian-molano-ficha-por-lotto-intermarche-para-las-dos-proximas-temporadas-esciclismo","status":"publish","type":"post","link":"https:\/\/www.europesays.com\/es\/734815\/","title":{"rendered":"Sebasti\u00e1n Molano ficha por Lotto-Intermarch\u00e9 para las dos pr\u00f3ximas temporadas &#8211; Esciclismo"},"content":{"rendered":"<ol>\n<li><a href=\"https:\/\/news.google.com\/rss\/articles\/CBMiakFVX3lxTE02aFlMVkdYdlFJanNoU3hacFlBNWRwZjFhY1d0RHVGdG5ZSTZ5dGxYb3VLNW03SXgzQUZTWE9rZWp6Q2lCZ1V1T3p5RjJZSDhZQlNrZTQzWnR5cDNNOTdwTFpxUjROcXUyRGc?oc=5\" target=\"_blank\" rel=\"nofollow noopener\">Sebasti\u00e1n Molano ficha por Lotto-Intermarch\u00e9 para las dos pr\u00f3ximas temporadas<\/a>&nbsp;&nbsp;Esciclismo<\/li>\n<li><a href=\"https:\/\/news.google.com\/rss\/articles\/CBMioAFBVV95cUxOZUYtVE93RE5FODdjc0RKSklna3RrYlNkSDRXbE5vVml6ekxqWHRGZ21nRVlhLUhiUk1rMHpHZldVVExSNUpjV3V2dnQ5a2R2SDBHN3VsR0tyV1R1UzdCNlQxV3V3cHNMN2tWSzhWcDVmWVJXQUttbFRsLXQwc1ZNeDQ5bWZMX0ZqbE5vd1M0cTEzN2wxYng0OXlyeTAzY1Jx?oc=5\" target=\"_blank\" rel=\"nofollow noopener\">Molano ya es oficialmente nuevo corredor del Lotto-Intermarch\u00e9<\/a>&nbsp;&nbsp;MARCA<\/li>\n<li><a href=\"https:\/\/news.google.com\/rss\/articles\/CBMivAFBVV95cUxQc0xPMW9WYnJ4RE5HYUZGTjYwMXBWeUN6NzUtbnh3NDNmZlFiUFp6YjF5MW5pOXJNejktYjMwczNEdTFlcVNFYXJESkRLN0Q0VlZvTkgyQjUyeXhzaUQ3ZFFGYXRqZV8xUzB1N2ZDdmhWUHM4THBsUnQ1V0tkLTdXOHhCY3B6ZDdnT3Y3NlpGVHQ3bGxZWEVBNTQ2Tm0xclZoLU9HV20xazk1RXIyeFBxYlQ3b2xuQ1NSSHpGbQ?oc=5\" target=\"_blank\" rel=\"nofollow noopener\">Molano deja UAE tras 8 temporadas e intentar\u00e1 llenar el gran vac\u00edo de De Lie en Lotto<\/a>&nbsp;&nbsp;Ciclismo Internacional<\/li>\n<li><a href=\"https:\/\/news.google.com\/rss\/articles\/CBMi5wFBVV95cUxPY1NMMzZEOXlZY0pMaWtVVlpaQlA0blhXZHNkZUc5TGdEUTFER0lBOFFDTU9haFBVaUl2OHI3LW1td0ROYWNxWnVaRjBBY19mOVcxX3g2UHFiRTRNWHc4Q1AtUjlPSmxPQ0RPZV9GLVZCdHBraUFheXMzUHVmd1ZIMFpqcVEwU3NqbGpJVnhraFpCR1liWGQwZ0N4Y0prS3ZIZmZRdDNwN3ZwREg5Q3oydldGUkNmVHozbVp0R1hwT19MOHJUMENvaWdILWFpcG1vcHZPM2s5cDdRZjBRblUzbjVudGxza2_SAYICQVVfeXFMT1VoVHE0N3J2MVZGVXB0NGZCSnQ3OUF4S2o0aHl4eTh5SDVidXE1NnoydktEVy1UNlFjRlJSak0wTERXaERkU3V6ZVh2SU5vV1Z3SVpUZ2VzZjNWX3hVNHpnT19zNi00bU90Slc5WjUzQXFIcmZPSktmWmdjbWlTSHNtakc0REZ5WUNueUJWd2tmUFJscDJiRGpQUENOR1dCeGRSNzhsV25tSFNPTW84UVRxWUlOZ1ZRRkE0Q2JvWWRSRXNQOHVoRC1tSEV2LWR2b0h5aVJ3ZXJoaXF2a0s1SENGclVNRS03R0NSSFpoZk1MRXIteWszeFhxakFtdXVMQkx3?oc=5\" target=\"_blank\" rel=\"nofollow noopener\">Juan Sebasti\u00e1n Molano dej\u00f3 de ser compa\u00f1ero de Tadej Pogacar: este es el nuevo equipo del esprinter<\/a>&nbsp;&nbsp;Infobae<\/li>\n<li><a href=\"https:\/\/news.google.com\/rss\/articles\/CBMiwgFBVV95cUxNdXFBbUhaSHFfZUFxQkZkSV9kSWVvYmxYV2tPTXJBVUFSMkRJejZPZ085LWIzZ0oxZzN5ekZmTF9SX0U1a3AyZE1nQXFfQzBjMXZfM2kzQTBOSnp3ellfVmUwMzcwV29ZaDB0LVhOaU5DRFlYejNHZWFGX3lnQm1sYTVDLXFkN3N5M3RVbFg3ZTBaSGZxRnU2dHgzclpCbThDUWZLcV9wdWhEZzVCbGRsUTFnR0xKX0hBekU2Q1k4d3Zidw?oc=5\" target=\"_blank\" rel=\"nofollow noopener\">Lotto-Intermarch\u00e9 cierra el fichaje de un gran espr\u00ednter: oportunidad perdida para Movistar<\/a>&nbsp;&nbsp;Ciclismoaldia.es<\/li>\n<\/ol>\n","protected":false},"excerpt":{"rendered":"Sebasti\u00e1n Molano ficha por Lotto-Intermarch\u00e9 para las dos pr\u00f3ximas temporadas&nbsp;&nbsp;Esciclismo Molano ya es oficialmente nuevo corredor del Lotto-Intermarch\u00e9&nbsp;&nbsp;MARCA&hellip;\n","protected":false},"author":2,"featured_media":734816,"comment_status":"","ping_status":"","sticky":false,"template":"","format":"standard","meta":{"footnotes":""},"categories":[273],"tags":[313,1757,10084,8062,312,168,158,25,24,409,27756,95776,11678,23,167],"class_list":["post-734815","post","type-post","status-publish","format-standard","has-post-thumbnail","category-ciclismo","tag-ciclismo","tag-ciclista","tag-colombiano","tag-correra","tag-cycling","tag-deportes","tag-el","tag-es","tag-espana","tag-juan","tag-lotto","tag-molano","tag-sebastian","tag-spain","tag-sports"],"share_on_mastodon":{"url":"https:\/\/pubeurope.com\/@es\/117170555150989894","error":""},"_links":{"self":[{"href":"https:\/\/www.europesays.com\/es\/wp-json\/wp\/v2\/posts\/734815","targetHints":{"allow":["GET"]}}],"collection":[{"href":"https:\/\/www.europesays.com\/es\/wp-json\/wp\/v2\/posts"}],"about":[{"href":"https:\/\/www.europesays.com\/es\/wp-json\/wp\/v2\/types\/post"}],"author":[{"embeddable":true,"href":"https:\/\/www.europesays.com\/es\/wp-json\/wp\/v2\/users\/2"}],"replies":[{"embeddable":true,"href":"https:\/\/www.europesays.com\/es\/wp-json\/wp\/v2\/comments?post=734815"}],"version-history":[{"count":0,"href":"https:\/\/www.europesays.com\/es\/wp-json\/wp\/v2\/posts\/734815\/revisions"}],"wp:featuredmedia":[{"embeddable":true,"href":"https:\/\/www.europesays.com\/es\/wp-json\/wp\/v2\/media\/734816"}],"wp:attachment":[{"href":"https:\/\/www.europesays.com\/es\/wp-json\/wp\/v2\/media?parent=734815"}],"wp:term":[{"taxonomy":"category","embeddable":true,"href":"https:\/\/www.europesays.com\/es\/wp-json\/wp\/v2\/categories?post=734815"},{"taxonomy":"post_tag","embeddable":true,"href":"https:\/\/www.europesays.com\/es\/wp-json\/wp\/v2\/tags?post=734815"}],"curies":[{"name":"wp","href":"https:\/\/api.w.org\/{rel}","templated":true}]}}