{"id":734851,"date":"2026-08-28T02:02:31","date_gmt":"2026-08-28T02:02:31","guid":{"rendered":"https:\/\/www.europesays.com\/es\/734851\/"},"modified":"2026-08-28T02:02:31","modified_gmt":"2026-08-28T02:02:31","slug":"nuevo-capitulo-especial-de-the-promised-neverland","status":"publish","type":"post","link":"https:\/\/www.europesays.com\/es\/734851\/","title":{"rendered":"Nuevo cap\u00edtulo especial de The Promised Neverland"},"content":{"rendered":"<p>\t\t\t\t\t\t\t\t\t\t\t\t\t\t\t\t\t\t\t\t\t\t\t\t\t\t\t\t\t\t\t\t<img decoding=\"async\" itemprop=\"image\" src=\"https:\/\/www.europesays.com\/es\/wp-content\/uploads\/2026\/08\/promised-neverland-card-191.jpg\" alt=\"Nuevo cap\u00edtulo especial de The Promised Neverland\"\/><\/p>\n<p>\n\t\t\t\t\t\t\t\t\t\t\tNuevo cap\u00edtulo especial de The Promised Neverland\n\t\t\t\t\t\t\t\t\t\t<\/p>\n<p>\t\t\t\t\t\t\t\t\t\t\t\t\t<img loading=\"lazy\" referrerpolicy=\"no-referrer\" alt=\"Avatar de Desconocido\" src=\"data:image\/svg+xml,%3Csvg%20xmlns=\" http:=\"\" data-lazy- class=\"avatar avatar-120 photo\" height=\"120\" width=\"120\" decoding=\"async\" data-lazy-src=\"https:\/\/www.europesays.com\/es\/wp-content\/uploads\/2026\/08\/1787882549_45_0e45e195f225c14e09b375d26fceb4ac9cd1396d837b889627748a79571313a4.jpeg\"\/>\t\t\t\t\t\t\t\t\t\t\t\t<\/p>\n<p><a href=\"https:\/\/ramenparados.com\/persona\/kaiu-shirai\/\" rel=\"nofollow noopener\" target=\"_blank\"><strong>Kaiu Shirai<\/strong><\/a>\u00a0y\u00a0<strong><a href=\"https:\/\/ramenparados.com\/persona\/posuka-demizu\/\" rel=\"nofollow noopener\" target=\"_blank\">Posuka Demizu<\/a><\/strong> regresan a las p\u00e1ginas de la revista <a href=\"https:\/\/ramenparados.com\/tag\/weekly-shonen-jump\" rel=\"nofollow noopener\" target=\"_blank\"><strong>Weekly Sh\u014dnen Jump<\/strong><\/a>. El n\u00famero 29 del semanario de\u00a0<a href=\"https:\/\/ramenparados.com\/empresa\/shueisha\/\" rel=\"nofollow noopener\" target=\"_blank\">Sh\u016beisha<\/a> incluye un <strong>nuevo cap\u00edtulo<\/strong> <strong>especial<\/strong> de <a href=\"https:\/\/ramenparados.com\/manga\/the-promised-neverland\" rel=\"nofollow noopener\" target=\"_blank\">The Promised Neverland<\/a> titulado <strong>\u00abEl filo que nunca desaparece\u00bb<\/strong>. Las 40 p\u00e1ginas que conforman este cap\u00edtulo extra est\u00e1n <a href=\"https:\/\/mangaplus.shueisha.co.jp\/viewer\/2013096\" rel=\"nofollow noopener\" target=\"_blank\">disponibles<\/a> para leer a trav\u00e9s de <strong>Manga Plus\u00a0<\/strong>en <strong>castellano<\/strong>, entre otros idiomas.\n<\/p>\n<p><a href=\"https:\/\/www.europesays.com\/es\/wp-content\/uploads\/2026\/08\/ThePromisedNeverland_10thAnniversary.jpg\"><img fetchpriority=\"high\" decoding=\"async\" class=\"size-full wp-image-493360 aligncenter\" src=\"https:\/\/www.europesays.com\/es\/wp-content\/uploads\/2026\/08\/ThePromisedNeverland_10thAnniversary.jpg\" alt=\"ThePromisedNeverland_10thAnniversary\" width=\"593\" height=\"872\"  \/><\/a>\n<\/p>\n<p>Kaiu Shirai\u00a0(guionista) y\u00a0Posuka Demizu\u00a0(dibujante) finalizaron esta historia de fantas\u00eda oscura en la revista\u00a0<strong>Weekly Sh\u00f4nen Jump<\/strong>\u00a0de\u00a0Shueisha en junio de 2020 con un total de <strong>20 tomos<\/strong> recopilatorios. La historia tambi\u00e9n cuenta con varias adaptaciones a novela ligera, publicadas por\u00a0<a href=\"https:\/\/ramenparados.com\/empresa\/shueisha\/\" rel=\"nofollow noopener\" target=\"_blank\">Shueisha<\/a>.\n<\/p>\n<p><a href=\"https:\/\/ramenparados.com\/empresa\/norma-editorial\/\" rel=\"nofollow noopener\" target=\"_blank\"><strong>Norma Editorial<\/strong><\/a> public\u00f3 la obra al completo en Espa\u00f1a, as\u00ed como el <a href=\"https:\/\/ramenparados.com\/manga\/the-promised-neverland-artbook\/\" rel=\"nofollow noopener\" target=\"_blank\">artbook<\/a> y las cuatro novelas ligeras: <a href=\"https:\/\/ramenparados.com\/manga\/the-promised-neverland-balada-de-recuerdos-de-las-madres-novela\/\" rel=\"nofollow noopener\" target=\"_blank\"><strong>Balada de recuerdos de las madres<\/strong><\/a>, <a href=\"https:\/\/ramenparados.com\/manga\/the-promised-neverland-una-carta-de-norman-novela\/\" rel=\"nofollow noopener\" target=\"_blank\"><strong>La carta de Norman<\/strong><\/a>,\u00a0<strong><a href=\"https:\/\/ramenparados.com\/manga\/the-promised-neverland-cronicas-de-unos-companeros-de-armas-novela\/\" rel=\"nofollow noopener\" target=\"_blank\">Cr\u00f3nicas de unos compa\u00f1eros de armas<\/a><\/strong> y\u00a0<strong><a href=\"https:\/\/ramenparados.com\/manga\/the-promised-neverland-escenas-para-el-recuerdo-novela\/\" rel=\"nofollow noopener\" target=\"_blank\">Escenas para el recuerdo<\/a><\/strong>.\n<\/p>\n<p><a href=\"https:\/\/www.europesays.com\/es\/wp-content\/uploads\/2026\/08\/promised-neverland-poster.jpg\"><img loading=\"lazy\" decoding=\"async\" class=\"wp-image-217473 aligncenter\" src=\"data:image\/svg+xml,%3Csvg%20xmlns=\" http:=\"\" alt=\"Nuevo v\u00eddeo promocional de The Promised Neverland con el ending del anime\" width=\"783\" height=\"1102\" data-lazy- data-lazy- data-lazy-src=\"https:\/\/www.europesays.com\/es\/wp-content\/uploads\/2026\/08\/promised-neverland-poster.jpg\"\/><\/a>\n<\/p>\n<p>La obra cuenta con una <a href=\"https:\/\/ramenparados.com\/anime\/the-promised-neverland\" rel=\"nofollow noopener\" target=\"_blank\"><strong>adaptaci\u00f3n animada<\/strong><\/a> de <strong>dos temporadas<\/strong>, con un total de 23 episodios estrenados entre 2019 y 2021. <a href=\"https:\/\/ramenparados.com\/empresa\/cloverworks\/\" rel=\"nofollow noopener\" target=\"_blank\"><strong>CloverWorks<\/strong>\u00a0<\/a>(<a href=\"https:\/\/ramenparados.com\/anime\/darling-in-the-franxx\/\" rel=\"nofollow noopener\" target=\"_blank\">Darling in the FranXX<\/a>\u00a0y\u00a0<a href=\"https:\/\/ramenparados.com\/videojuego\/persona-5\/\" rel=\"nofollow noopener\" target=\"_blank\">Persona 5 the Animation<\/a>) produce el proyecto con <a href=\"https:\/\/ramenparados.com\/persona\/mamoru-kanbe\" rel=\"nofollow noopener\" target=\"_blank\"><strong>Mamoru Kanbe<\/strong><\/a>\u00a0(<a href=\"https:\/\/ramenparados.com\/anime\/elfen-lied\/\" rel=\"nofollow noopener\" target=\"_blank\">Elfen Lied<\/a>,\u00a0<a href=\"https:\/\/ramenparados.com\/tag\/subete-ga-f-ni-naru\/\" rel=\"nofollow noopener\" target=\"_blank\">Subete ga F ni Naru: The Perfect Insider<\/a>) en la direcci\u00f3n. <strong><a href=\"https:\/\/ramenparados.com\/persona\/toshio-ohno\" rel=\"nofollow noopener\" target=\"_blank\">Toshiya Ohno<\/a>\u00a0<\/strong>(<a href=\"https:\/\/ramenparados.com\/tag\/hoseki-no-kuni\/\" rel=\"nofollow noopener\" target=\"_blank\">H\u014dseki no Kuni<\/a>) realiz\u00f3 el guion. En cuanto al apartado art\u00edstico, <a href=\"https:\/\/ramenparados.com\/persona\/kazuaki-shimada\" rel=\"nofollow noopener\" target=\"_blank\"><strong>Kazuaki Shimada<\/strong><\/a>\u00a0(Mahou Shoujo Nante Mou Ii Desukara) se encarg\u00f3 del dise\u00f1o de personajes y <a href=\"https:\/\/ramenparados.com\/persona\/takahiro-obata\" rel=\"nofollow noopener\" target=\"_blank\"><strong>Takahiro Obata<\/strong><\/a>\u00a0(<a href=\"https:\/\/ramenparados.com\/tag\/welcome-to-the-ballroom\/\" rel=\"nofollow noopener\" target=\"_blank\">Welcome to the Ballroom<\/a>)\u00a0se ocup\u00f3 de la banda sonora.\n<\/p>\n<p>Emma, Norman y Ray son tres hu\u00e9rfanos que viven felices en el id\u00edlico orfanato Grace Field House, esperando el momento en el que se les asignar\u00e1 una familia adoptiva. Todo cambia cuando descubren accidentalmente la horrorosa realidad de su existencia, as\u00ed que deciden rebelarse y luchar hasta las \u00faltimas consecuencias en una oscura y aterradora aventura. Pero su tiempo se acaba\u2026\n<\/p>\n<p>Fuente: <a href=\"https:\/\/mangaplus.shueisha.co.jp\/viewer\/1030332\" rel=\"nofollow noopener\" target=\"_blank\">Manga Plus<\/a>\n\t\t\t\t\t\t\t\t\t\t\t\t\t\t\t\t\t\t\t\t\t\t\t\t\t\t\t\t\t\t<\/p>\n","protected":false},"excerpt":{"rendered":"Nuevo cap\u00edtulo especial de The Promised Neverland Kaiu Shirai\u00a0y\u00a0Posuka Demizu regresan a las p\u00e1ginas de la revista Weekly&hellip;\n","protected":false},"author":2,"featured_media":734852,"comment_status":"","ping_status":"","sticky":false,"template":"","format":"standard","meta":{"footnotes":""},"categories":[171],"tags":[146,147,25,24,338,130490,23,130491,214,130492],"class_list":["post-734851","post","type-post","status-publish","format-standard","has-post-thumbnail","category-tv","tag-entertainment","tag-entretenimiento","tag-es","tag-espana","tag-portada","tag-shueisha","tag-spain","tag-the-promised-neverland","tag-tv","tag-weekly-shonen-jump"],"share_on_mastodon":{"url":"https:\/\/pubeurope.com\/@es\/117170677908647572","error":""},"_links":{"self":[{"href":"https:\/\/www.europesays.com\/es\/wp-json\/wp\/v2\/posts\/734851","targetHints":{"allow":["GET"]}}],"collection":[{"href":"https:\/\/www.europesays.com\/es\/wp-json\/wp\/v2\/posts"}],"about":[{"href":"https:\/\/www.europesays.com\/es\/wp-json\/wp\/v2\/types\/post"}],"author":[{"embeddable":true,"href":"https:\/\/www.europesays.com\/es\/wp-json\/wp\/v2\/users\/2"}],"replies":[{"embeddable":true,"href":"https:\/\/www.europesays.com\/es\/wp-json\/wp\/v2\/comments?post=734851"}],"version-history":[{"count":0,"href":"https:\/\/www.europesays.com\/es\/wp-json\/wp\/v2\/posts\/734851\/revisions"}],"wp:featuredmedia":[{"embeddable":true,"href":"https:\/\/www.europesays.com\/es\/wp-json\/wp\/v2\/media\/734852"}],"wp:attachment":[{"href":"https:\/\/www.europesays.com\/es\/wp-json\/wp\/v2\/media?parent=734851"}],"wp:term":[{"taxonomy":"category","embeddable":true,"href":"https:\/\/www.europesays.com\/es\/wp-json\/wp\/v2\/categories?post=734851"},{"taxonomy":"post_tag","embeddable":true,"href":"https:\/\/www.europesays.com\/es\/wp-json\/wp\/v2\/tags?post=734851"}],"curies":[{"name":"wp","href":"https:\/\/api.w.org\/{rel}","templated":true}]}}