{"id":734941,"date":"2026-08-28T03:23:46","date_gmt":"2026-08-28T03:23:46","guid":{"rendered":"https:\/\/www.europesays.com\/es\/734941\/"},"modified":"2026-08-28T03:23:46","modified_gmt":"2026-08-28T03:23:46","slug":"el-kremlin-tacha-de-alarmistas-las-informaciones-sobre-riesgo-de-un-ataque-ruso-a-la-otan","status":"publish","type":"post","link":"https:\/\/www.europesays.com\/es\/734941\/","title":{"rendered":"El Kremlin tacha de \u00abalarmistas\u00bb las informaciones sobre riesgo de un ataque ruso a la OTAN"},"content":{"rendered":"<p>    <img src=\"https:\/\/www.europesays.com\/es\/wp-content\/uploads\/2026\/08\/2026-08-27T113A583A17Z-91964101.jpg\" width=\"1024\" height=\"682\" alt=\"\" loading=\"eager\" decoding=\"sync\" fetchpriority=\"high\"\/><\/p>\n<p>            afp_tickers        <\/p>\n<p>        Este contenido fue publicado en    <\/p>\n<p>        27 agosto 2026 &#8211; 22:47\n<\/p>\n<p>El Kremlin calific\u00f3 el jueves de \u00abhistorias alarmistas\u00bb las informaciones de la prensa estadounidense de que una inusual visita del director de la CIA esta semana a Mosc\u00fa tuvo por objeto disuadir a Rusia de atacar a la OTAN.<\/p>\n<p>\u00abActualmente se publican muchas noticias alarmistas. Por supuesto, esto no tiene nada que ver con la realidad ni con las intenciones de Rusia\u00bb, declar\u00f3 el portavoz del Kremlin, Dmitri Peskov, quien afirm\u00f3 que Mosc\u00fa enfrenta una \u00abagresi\u00f3n\u00bb de los pa\u00edses europeos.<\/p>\n<p>El presidente estadounidense, Donald Trump, y un alto funcionario europeo, tambi\u00e9n restaron importancia al riesgo.<\/p>\n<p>Trump \u2013 que durante la semana minimiz\u00f3 la importancia de la visita a Mosc\u00fa del director de la CIA \u2013 asegur\u00f3 que Rusia \u00abno va a atacar\u00bb territorio de la OTAN.\u00a0<\/p>\n<p>El republicano se\u00f1al\u00f3 que ha tenido \u00abbuenas conversaciones\u00bb con el presidente ruso, Vladimir Putin. \u00abNo va a atacar territorio de la OTAN\u00bb, enfatiz\u00f3.<\/p>\n<p>Por su parte, los servicios de inteligencia europeos no disponen de indicios sobre un posible ataque militar ruso contra los pa\u00edses europeos miembros de la OTAN, declar\u00f3 el jueves un alto funcionario europeo.<\/p>\n<p>\u00abLos servicios de inteligencia europeos no ven ning\u00fan riesgo de un ataque ruso contra los pa\u00edses europeos\u00bb, asegur\u00f3 este funcionario bajo condici\u00f3n de anonimato.<\/p>\n<p>El director de la CIA, John Ratcliffe, se hab\u00eda reunido el martes en Mosc\u00fa con oficiales rusos de inteligencia.<\/p>\n<p>El diario The Wall Street Journal y la cadena CBS afirmaron el mi\u00e9rcoles que Ratcliffe busc\u00f3 disuadir a Rusia de atacar un pa\u00eds miembro de la OTAN, ya que las evaluaciones de la inteligencia indican que Mosc\u00fa podr\u00eda intentar poner a prueba a la alianza.<\/p>\n<p>Seg\u00fan The Wall Street Journal, el presidente ruso podr\u00eda desafiar a la OTAN con un \u00abataque limitado\u00bb en los pr\u00f3ximos a\u00f1os.<\/p>\n<p>El portavoz del Kremlin sostuvo adem\u00e1s que Rusia contin\u00faa con su \u00aboperaci\u00f3n militar especial\u00bb, el t\u00e9rmino oficial para la ofensiva lanzada en febrero de 2022 contra Ucrania.\u00a0<\/p>\n<p>\u00abRusia hubiera preferido alcanzar sus objetivos por medios pac\u00edficos, pero dado que eso no es posible, contin\u00faa con su operaci\u00f3n militar especial. Esto es para garantizar su seguridad e intereses\u00bb, declar\u00f3 Peskov a periodistas.<\/p>\n<p>Las negociaciones mediadas por Estados Unidos para poner fin al conflicto est\u00e1n en punto muerto.<\/p>\n<p>bur\/fpp\/mas\/avl\/mab\/ahg-an\/cr<\/p>\n","protected":false},"excerpt":{"rendered":"afp_tickers Este contenido fue publicado en 27 agosto 2026 &#8211; 22:47 El Kremlin calific\u00f3 el jueves de \u00abhistorias&hellip;\n","protected":false},"author":2,"featured_media":734942,"comment_status":"","ping_status":"","sticky":false,"template":"","format":"standard","meta":{"footnotes":""},"categories":[42],"tags":[17,18,636,83,13,14,11,61,62,63,86,64,19,20,9,10,15,16,88,90,12,21,22,65,66,67],"class_list":["post-734941","post","type-post","status-publish","format-standard","has-post-thumbnail","category-internacional","tag-breaking-news","tag-breakingnews","tag-conflict","tag-diplomacy","tag-featured-news","tag-featurednews","tag-headlines","tag-internacional","tag-international","tag-international-news","tag-international-relations","tag-internationalnews","tag-latest-news","tag-latestnews","tag-news","tag-noticias","tag-noticias-destacadas","tag-noticiasdestacadas","tag-politics","tag-ticker","tag-titulares","tag-ultimas-noticias","tag-ultimasnoticias","tag-world","tag-world-news","tag-worldnews"],"share_on_mastodon":{"url":"https:\/\/pubeurope.com\/@es\/117170995565360347","error":""},"_links":{"self":[{"href":"https:\/\/www.europesays.com\/es\/wp-json\/wp\/v2\/posts\/734941","targetHints":{"allow":["GET"]}}],"collection":[{"href":"https:\/\/www.europesays.com\/es\/wp-json\/wp\/v2\/posts"}],"about":[{"href":"https:\/\/www.europesays.com\/es\/wp-json\/wp\/v2\/types\/post"}],"author":[{"embeddable":true,"href":"https:\/\/www.europesays.com\/es\/wp-json\/wp\/v2\/users\/2"}],"replies":[{"embeddable":true,"href":"https:\/\/www.europesays.com\/es\/wp-json\/wp\/v2\/comments?post=734941"}],"version-history":[{"count":0,"href":"https:\/\/www.europesays.com\/es\/wp-json\/wp\/v2\/posts\/734941\/revisions"}],"wp:featuredmedia":[{"embeddable":true,"href":"https:\/\/www.europesays.com\/es\/wp-json\/wp\/v2\/media\/734942"}],"wp:attachment":[{"href":"https:\/\/www.europesays.com\/es\/wp-json\/wp\/v2\/media?parent=734941"}],"wp:term":[{"taxonomy":"category","embeddable":true,"href":"https:\/\/www.europesays.com\/es\/wp-json\/wp\/v2\/categories?post=734941"},{"taxonomy":"post_tag","embeddable":true,"href":"https:\/\/www.europesays.com\/es\/wp-json\/wp\/v2\/tags?post=734941"}],"curies":[{"name":"wp","href":"https:\/\/api.w.org\/{rel}","templated":true}]}}