{"id":734967,"date":"2026-08-28T03:49:34","date_gmt":"2026-08-28T03:49:34","guid":{"rendered":"https:\/\/www.europesays.com\/es\/734967\/"},"modified":"2026-08-28T03:49:34","modified_gmt":"2026-08-28T03:49:34","slug":"los-docentes-de-ceuta-exigen-medidas-reales-para-volver-a-las-aulas-el-1-de-septiembre-no-podemos-regresar-sin-seguridad-ni-apoyo","status":"publish","type":"post","link":"https:\/\/www.europesays.com\/es\/734967\/","title":{"rendered":"Los docentes de Ceuta exigen medidas reales para volver a las aulas el 1 de septiembre: \u201cNo podemos regresar sin seguridad ni apoyo\u201d"},"content":{"rendered":"<p>La <strong>Junta de Personal Docente no Universitario de Ceuta<\/strong><a title=\" ha lanzado un mensaje contundente\" href=\"https:\/\/www.larazon.es\/espana\/militares-piden-gobierno-poder-utilizar-fuerza-proporcionada-defenderse-agresiones-ceuta_202608276a900b7c2bcaf82098f02391.html\" target=\"_blank\" rel=\"nofollow noopener\"> ha lanzado un mensaje contundente<\/a> al Ministerio de Educaci\u00f3n: todas las medidas anunciadas para la \u2018vuelta al cole\u2019 deben estar <strong>plenamente operativas en Ceuta desde el 1 de septiembre<\/strong>, fecha en la que el profesorado regresa a los centros.<\/p>\n<p>El \u00f3rgano denuncia que el Ministerio ha actuado \u201c<strong style=\"white-space: pre-wrap;\">sin contar en ning\u00fan momento con el profesorado ceut\u00ed<\/strong>\u201d, pese a que los docentes han vivido, como el resto de la poblaci\u00f3n, semanas de <strong style=\"white-space: pre-wrap;\">miedo, incertidumbre, inseguridad y sensaci\u00f3n de abandono<\/strong> desde los sucesos del 30 y 31 de julio. <\/p>\n<p>La Junta de Personal considera que los anuncios del secretario de Estado, <strong>Abelardo de la Rosa<\/strong>, sobre refuerzos de seguridad y planes psicosociales \u201c<strong>no pueden quedarse en titulares<\/strong>\u201d y deben transformarse en actuaciones concretas desde el primer d\u00eda de septiembre.<\/p>\n<p>\u201cEn Ceuta el curso empieza el 1 de septiembre, no el 8\u201d<\/p>\n<p>El \u00f3rgano recuerda que el curso escolar <strong>no comienza el d\u00eda 8<\/strong>, sino el 1 de septiembre, cuando los equipos directivos y el profesorado vuelven a los centros para preparar la actividad educativa.<\/p>\n<p>Ser\u00e1n ellos quienes, una semana despu\u00e9s, est\u00e9n en primera l\u00ednea gestionando las consecuencias emocionales y sociales que la crisis puede provocar en el alumnado ceut\u00ed. <\/p>\n<p><img decoding=\"async\" loading=\"lazy\" src=\"https:\/\/www.europesays.com\/es\/wp-content\/uploads\/2026\/08\/madre-ceuta-impulsa-peticion-que-abran-colegios-que-garantice-seguridad_58.jpg\" alt=\"Una madre de Ceuta impulsa una petici\u00f3n para \u201cque no se abran los colegios hasta que se garantice la seguridad\u201d\" width=\"802\" height=\"551\"\/><b>Una madre de Ceuta impulsa una petici\u00f3n para \u201cque no se abran los colegios hasta que se garantice la seguridad\u201d<\/b> difoosion<\/p>\n<p>La Junta subraya que los docentes tambi\u00e9n forman parte de la sociedad ceut\u00ed afectada por la situaci\u00f3n excepcional y que necesitan <strong style=\"white-space: pre-wrap;\">seguridad, estabilidad, apoyo y garant\u00edas profesionales<\/strong> para afrontar el curso. \u201cEl profesorado no es solo un recurso para garantizar la continuidad educativa. Es una pieza fundamental para que esa continuidad sea posible en condiciones de <strong style=\"white-space: pre-wrap;\">seguridad, calidad y dignidad profesional<\/strong>\u201d, se\u00f1ala.<\/p>\n<p>Las exigencias: seguridad real, apoyo psicosocial y recursos suficientes en Ceuta<\/p>\n<p>La Junta de Personal reclama que todas las medidas anunciadas est\u00e9n <strong>planificadas, coordinadas y operativas en Ceuta<\/strong> desde el 1 de septiembre. Entre ellas:<\/p>\n<ul role=\"list\">\n<li>\n<p><strong>Centros seguros y salubres<\/strong> \u2014 Condiciones adecuadas de seguridad y limpieza desde el primer d\u00eda.<\/p>\n<\/li>\n<li>\n<p><strong>Plan psicosocial para docentes<\/strong> \u2014 El acompa\u00f1amiento emocional debe incluir tambi\u00e9n al profesorado ceut\u00ed.<\/p>\n<\/li>\n<li>\n<p><strong>Protocolos claros de actuaci\u00f3n<\/strong> \u2014 Gu\u00edas para equipos directivos y docentes ante situaciones derivadas del contexto social de Ceuta.<\/p>\n<\/li>\n<li>\n<p><strong>Refuerzo de recursos humanos<\/strong> \u2014 M\u00e1s profesionales para atender necesidades de alumnado y familias.<\/p>\n<\/li>\n<li>\n<p><strong>Garant\u00edas profesionales<\/strong> \u2014 Que los docentes no asuman en solitario responsabilidades que corresponden a las administraciones.<\/p>\n<\/li>\n<\/ul>\n<p>CSIF se suma a la exigencia y reclama que <a title=\"todas las medidas\" href=\"https:\/\/www.larazon.es\/espana\/atme-estalla-emboscada-ceuta-militares-desarmados-frente-40-agresores-defensa-debe-explicar-como-podido-ocurrir_202608276a9026d82bcaf82098f06097.html\" target=\"_blank\" rel=\"nofollow noopener\">todas las medidas<\/a> est\u00e9n activas <strong>antes del 1 de septiembre<\/strong>, incluyendo vigilancia en accesos, rutas escolares, centros reparados, plantillas suficientes y psic\u00f3logos en los centros.<\/p>\n","protected":false},"excerpt":{"rendered":"La Junta de Personal Docente no Universitario de Ceuta ha lanzado un mensaje contundente al Ministerio de Educaci\u00f3n:&hellip;\n","protected":false},"author":2,"featured_media":734968,"comment_status":"","ping_status":"","sticky":false,"template":"","format":"standard","meta":{"footnotes":""},"categories":[8],"tags":[17,18,4486,2026,25,24,13,14,582,11,19,20,9,10,15,16,23,12,21,22],"class_list":["post-734967","post","type-post","status-publish","format-standard","has-post-thumbnail","category-espana","tag-breaking-news","tag-breakingnews","tag-ceuta","tag-educacion","tag-es","tag-espana","tag-featured-news","tag-featurednews","tag-gobierno","tag-headlines","tag-latest-news","tag-latestnews","tag-news","tag-noticias","tag-noticias-destacadas","tag-noticiasdestacadas","tag-spain","tag-titulares","tag-ultimas-noticias","tag-ultimasnoticias"],"share_on_mastodon":{"url":"https:\/\/pubeurope.com\/@es\/117171098867939444","error":""},"_links":{"self":[{"href":"https:\/\/www.europesays.com\/es\/wp-json\/wp\/v2\/posts\/734967","targetHints":{"allow":["GET"]}}],"collection":[{"href":"https:\/\/www.europesays.com\/es\/wp-json\/wp\/v2\/posts"}],"about":[{"href":"https:\/\/www.europesays.com\/es\/wp-json\/wp\/v2\/types\/post"}],"author":[{"embeddable":true,"href":"https:\/\/www.europesays.com\/es\/wp-json\/wp\/v2\/users\/2"}],"replies":[{"embeddable":true,"href":"https:\/\/www.europesays.com\/es\/wp-json\/wp\/v2\/comments?post=734967"}],"version-history":[{"count":0,"href":"https:\/\/www.europesays.com\/es\/wp-json\/wp\/v2\/posts\/734967\/revisions"}],"wp:featuredmedia":[{"embeddable":true,"href":"https:\/\/www.europesays.com\/es\/wp-json\/wp\/v2\/media\/734968"}],"wp:attachment":[{"href":"https:\/\/www.europesays.com\/es\/wp-json\/wp\/v2\/media?parent=734967"}],"wp:term":[{"taxonomy":"category","embeddable":true,"href":"https:\/\/www.europesays.com\/es\/wp-json\/wp\/v2\/categories?post=734967"},{"taxonomy":"post_tag","embeddable":true,"href":"https:\/\/www.europesays.com\/es\/wp-json\/wp\/v2\/tags?post=734967"}],"curies":[{"name":"wp","href":"https:\/\/api.w.org\/{rel}","templated":true}]}}