{"id":734977,"date":"2026-08-28T04:06:18","date_gmt":"2026-08-28T04:06:18","guid":{"rendered":"https:\/\/www.europesays.com\/es\/734977\/"},"modified":"2026-08-28T04:06:18","modified_gmt":"2026-08-28T04:06:18","slug":"eitb-apuesta-por-los-directos-y-una-radio-mas-visual-en-su-nueva-temporada","status":"publish","type":"post","link":"https:\/\/www.europesays.com\/es\/734977\/","title":{"rendered":"EITB apuesta por los directos y una radio \u00abm\u00e1s visual\u00bb en su nueva temporada"},"content":{"rendered":"<p style=\"\">Con el nuevo curso a la vuelta de la esquina, la temporada radiof\u00f3nica de EITB arranca el pr\u00f3ximo lunes, 31 de agosto. Maite Go\u00f1i, directora  &#8230; de Radio y Audio de EITB, ha presentado este jueves en Bilbao, junto a algunas de las caras conocidas de la casa, la programaci\u00f3n con la que las emisoras p\u00fablicas vascas regresan tras las vacaciones. La apuesta por una radio cada vez m\u00e1s visual y el objetivo de \u00abofrecer contenidos de calidad desde la cercan\u00eda\u00bb marcan una temporada que busca \u00abm\u00e1s directo, nuevos formatos y mayor recorrido para sus contenidos\u00bb.<\/p>\n<p class=\"v-d-p\" style=\"\">Radio Euskadi, Euskadi Irratia, Radio Vitoria, Gaztea y EITB Musika forman parte de este proyecto com\u00fan, pero cada una va dirigida a p\u00fablicos distintos. Buscan poner el foco en asuntos que quiz\u00e1 no ocupan la agenda pol\u00edtica, pero que tienen un impacto directo en la vida de los oyentes. Por ello, en Radio Euskadi una de las principales novedades ser\u00e1 la incorporaci\u00f3n de Mar\u00eda Ruiz al segundo tramo de &#8216;Boulevard&#8217;, a las 10 de la ma\u00f1ana. La joven periodista se suma as\u00ed al magazine matinal, dirigido por Eider Hurtado, con la intenci\u00f3n de combinar actualidad y entretenimiento. \u00abSiempre centr\u00e1ndonos en lo local y en escuchar mucho a las personas\u00bb, ha explicado Ruiz. La idea es llevar a la antena las conversaciones cotidianas, las que \u00abse dan en cualquier cafeter\u00eda, cualquier bar; ese es el tono que queremos tener\u00bb, a\u00f1ad\u00eda.<\/p>\n<p class=\"v-d-p\" style=\"\">Por la tarde, &#8216;Distrito Euskadi&#8217;, con Xabier Garc\u00eda Ramsden, se refuerza con nuevos colaboradores como la nutricionista Gabriela Uriarte, el chef Andoni Luis Aduriz y la humorista Ana Goitia, entre otros. Adem\u00e1s, a\u00fan quedan por anunciar un programa nocturno que ser\u00e1 \u00aben directo\u00bb y algunos tem\u00e1ticos. Por su parte, en Euskadi Irratia la gran noticia es el cambio de presentador del espacio vespertino. Tras siete temporadas, Olaia Urtiaga cede el testigo de &#8216;Baipasa&#8217; a Mikel Rotaetxe que, seg\u00fan la emisora, mantendr\u00e1 su car\u00e1cter \u00abmoderno\u00bb y \u00abvital\u00bb. Adem\u00e1s se incorpora a la programaci\u00f3n deportiva &#8216;Futboltegia&#8217;, un nuevo espacio en euskera dedicado al an\u00e1lisis futbol\u00edstico.<\/p>\n<p>\nCon el f\u00fatbol femenino\n<\/p>\n<p class=\"v-d-p\" style=\"\">\u00abEl gran reto que vamos a tener es el cambio de ubicaci\u00f3n\u00bb, ha comentado Aratz Goikoetxea, presentador del informativo matinal de Radio Vitoria; se trasladan a una nueva sede a principios del pr\u00f3ximo a\u00f1o. Adem\u00e1s, la emisora alavesa adelanta a las 9 de la ma\u00f1ana su magazine del fin de semana, &#8216;D\u00e9jate Llevar&#8217;, porque retransmitir\u00e1n todos los partidos de Las Gloriosas, el equipo femenino del Deportivo Alav\u00e9s.<\/p>\n<p class=\"v-d-p\" style=\"\">Y, en las emisoras musicales lo que m\u00e1s destaca es el estreno de un programa de radiof\u00f3rmula conducido por Ibon Fern\u00e1ndez, &#8216;Panorama&#8217;; que se podr\u00e1 sintonizar a diario, de 10.00 a 12.00 horas, en Gaztea.<\/p>\n","protected":false},"excerpt":{"rendered":"Con el nuevo curso a la vuelta de la esquina, la temporada radiof\u00f3nica de EITB arranca el pr\u00f3ximo&hellip;\n","protected":false},"author":2,"featured_media":734978,"comment_status":"","ping_status":"","sticky":false,"template":"","format":"standard","meta":{"footnotes":""},"categories":[170],"tags":[304,60238,74248,146,147,25,24,184,185,795,1448,23,1152,5706],"class_list":["post-734977","post","type-post","status-publish","format-standard","has-post-thumbnail","category-musica","tag-apuesta","tag-directos","tag-eitb","tag-entertainment","tag-entretenimiento","tag-es","tag-espana","tag-music","tag-musica","tag-nueva","tag-radio","tag-spain","tag-temporada","tag-visual"],"share_on_mastodon":{"url":"https:\/\/pubeurope.com\/@es\/117171164571732573","error":""},"_links":{"self":[{"href":"https:\/\/www.europesays.com\/es\/wp-json\/wp\/v2\/posts\/734977","targetHints":{"allow":["GET"]}}],"collection":[{"href":"https:\/\/www.europesays.com\/es\/wp-json\/wp\/v2\/posts"}],"about":[{"href":"https:\/\/www.europesays.com\/es\/wp-json\/wp\/v2\/types\/post"}],"author":[{"embeddable":true,"href":"https:\/\/www.europesays.com\/es\/wp-json\/wp\/v2\/users\/2"}],"replies":[{"embeddable":true,"href":"https:\/\/www.europesays.com\/es\/wp-json\/wp\/v2\/comments?post=734977"}],"version-history":[{"count":0,"href":"https:\/\/www.europesays.com\/es\/wp-json\/wp\/v2\/posts\/734977\/revisions"}],"wp:featuredmedia":[{"embeddable":true,"href":"https:\/\/www.europesays.com\/es\/wp-json\/wp\/v2\/media\/734978"}],"wp:attachment":[{"href":"https:\/\/www.europesays.com\/es\/wp-json\/wp\/v2\/media?parent=734977"}],"wp:term":[{"taxonomy":"category","embeddable":true,"href":"https:\/\/www.europesays.com\/es\/wp-json\/wp\/v2\/categories?post=734977"},{"taxonomy":"post_tag","embeddable":true,"href":"https:\/\/www.europesays.com\/es\/wp-json\/wp\/v2\/tags?post=734977"}],"curies":[{"name":"wp","href":"https:\/\/api.w.org\/{rel}","templated":true}]}}