{"id":735005,"date":"2026-08-28T04:31:21","date_gmt":"2026-08-28T04:31:21","guid":{"rendered":"https:\/\/www.europesays.com\/es\/735005\/"},"modified":"2026-08-28T04:31:21","modified_gmt":"2026-08-28T04:31:21","slug":"el-camp-nou-responde-con-estelades-a-la-agresion-policial-a-un-menor-socio-del-barca-en-elche","status":"publish","type":"post","link":"https:\/\/www.europesays.com\/es\/735005\/","title":{"rendered":"El Camp Nou responde con &#8216;estelades&#8217; a la agresi\u00f3n policial a un menor socio del Bar\u00e7a en Elche"},"content":{"rendered":"<p class=\"article-text\">\n        Respuesta del Camp Nou a <a href=\"https:\/\/www.eldiario.es\/catalunya\/junts-denuncia-abuso-policia-aficionado-retirarle-estelada-elche-barca_1_13463147.html\" target=\"_blank\" data-mrf-recirculation=\"links-noticia\" class=\"link\" rel=\"nofollow noopener\">la agresi\u00f3n de la Polic\u00eda a un socio menor de edad en Elche tras quitarle una bandera &#8216;estelada&#8217;<\/a>. Miles de aficionados han seguido la llamada del presidente del F.C. Barcelona, Joan Laporta, y han lucido la se\u00f1a independentista en el estadio para condenar la actuaci\u00f3n policial contra el joven.\n    <\/p>\n<p class=\"article-text\">\n        Antes de que empezara el partido contra el Athletic Club de Bilbao en el Camp Nou, las &#8216;esteladas&#8217; se han lucido antes del inicio del partido, durante el canto del himno del Bar\u00e7a, que ha ido seguido del c\u00e1ntico \u201cvisca el Bar\u00e7a i visca Catalunya\u201d.\n    <\/p>\n<p class=\"article-text\">\n        Lo que ten\u00eda que ser un homenaje <a href=\"https:\/\/www.eldiario.es\/catalunya\/barca-cambia-homenaje-seleccion-espanola-camp-nou-acto-exaltacion-estelada_1_13469623.html\" target=\"_blank\" data-mrf-recirculation=\"links-noticia\" class=\"link\" rel=\"nofollow noopener\">a los jugadores del Bar\u00e7a que ganaron el mundial con la selecci\u00f3n espa\u00f1ola<\/a> ha terminado en una reivindicaci\u00f3n independentista catalana. La agresi\u00f3n policial al menor ha provocado el giro de guion. La Assemblea Nacional Catalana (ANC) ha agotado las 10.000 banderas &#8216;estelades&#8217; que ha repartido a las puertas del Camp Nou, todav\u00eda en obras y con capacidad para unas 60.000 personas.\n    <\/p>\n<p class=\"article-text\">\n        Laporta hab\u00eda llamado a convertir la previa del partido en un \u201cacto de exaltaci\u00f3n de la &#8216;estelada&#8217;\u201d y a defender los \u201cvalores\u201d que representa esta bandera. \u201cExpresa los anhelos de libertad de muchos cul\u00e9s y catalanes. Debe respetarse. Esa voluntad forma parte de la libertad de expresi\u00f3n y es una forma de expresarnos de forma pac\u00edfica que no genera violencia ni odio\u201d, apunt\u00f3 Laporta.\n    <\/p>\n<p class=\"article-text\">\n        Adem\u00e1s, el club ha asumido la defensa del joven agredido, que se enfrenta a una causa ante el juzgado de menores por atentado a los agentes de la autoridad por haberse encarado con el grupo de agentes que le quit\u00f3 la &#8216;estelada&#8217; y despu\u00e9s lo agredi\u00f3, incluso cuando ya estaba reducido en el suelo.\n    <\/p>\n<p class=\"article-text\">\n        La presencia de banderas y c\u00e1nticos independentistas en el Camp Nou hab\u00eda descendido notablemente en los \u00faltimos a\u00f1os en comparaci\u00f3n con los momentos \u00e1lgidos del proceso soberanista, cuando era habitual que el estadio coreara mayoritariamente gritos de \u201cindepend\u00e8ncia\u201d en el minuto 17:14 de partido.\n    <\/p>\n<p class=\"article-text\">\n        La protesta de la afici\u00f3n azulgrana ha conectado con la identidad catalanista que el F.C. Barcelona tiene desde su fundaci\u00f3n y que ha mostrado en varios momentos de su historia, incluso bajo periodos dictatoriales, y que le han valido el lema de &#8216;M\u00e9s que un club&#8217; (M\u00e1s que un club).\n    <\/p>\n<p class=\"article-text\">\n        Adem\u00e1s, el episodio se produce en un contexto en el que cada vez m\u00e1s turistas acuden a las gradas del Camp Nou como una parada m\u00e1s de su viaje a Barcelona, sin saber nada de la historia del club y en detrimento del socio tradicional.\n    <\/p>\n<p class=\"article-text\">\n        El revuelo de los hechos ocurridos en el campo del Elche ha llegado tambi\u00e9n al Congreso, donde ERC ha registrado una proposici\u00f3n no de ley para garantizar que no se requisen &#8216;estelades&#8217; en eventos deportivos, tal y como les ocurre a muchos aficionados del Bar\u00e7a que llevan esta bandera en estadios de Espa\u00f1a. Los republicanos exigen que \u201cninguna instrucci\u00f3n pol\u00edtica, policial o particular\u201d impida la exhibici\u00f3n de este s\u00edmbolo.\n    <\/p>\n<p>    <a href=\"https:\/\/www.eldiario.es\/catalunya\/barca-cambia-homenaje-seleccion-espanola-camp-nou-acto-exaltacion-estelada_1_13469623.html\" data-mrf-recirculation=\"saber-mas-abajo\" data-dl-event=\"saber-mas-abajo\" rel=\"nofollow noopener\" target=\"_blank\"><\/p>\n<p class=\"know-more__title\">El Bar\u00e7a cambia el homenaje a la selecci\u00f3n espa\u00f1ola en el Camp Nou por un \u201cacto de exaltaci\u00f3n a la estelada\u201d\n<\/p>\n<p>            <img decoding=\"async\" class=\"lazy\" loading=\"lazy\" data-src=\"https:\/\/static.eldiario.es\/clip\/6f262410-4253-427d-9e27-f1a317d58a06_16-9-aspect-ratio_default_0.jpg\" src=\"data:image\/svg+xml,%3Csvg xmlns=\" http:=\"\" viewbox=\"0 0 880 495\" alt=\"El Bar\u00e7a cambia el homenaje a la selecci\u00f3n espa\u00f1ola en el Camp Nou por un &quot;acto de exaltaci\u00f3n a la estelada&quot;\"\/><\/p>\n<p>                        <\/a><\/p>\n<p class=\"article-text\">\n        Los partidos independentistas y los Comuns censuraron la actuaci\u00f3n de los agentes, mientras que la Polic\u00eda Nacional ha abierto una investigaci\u00f3n interna (una informaci\u00f3n reservada) sobre los hechos.\n    <\/p>\n","protected":false},"excerpt":{"rendered":"Respuesta del Camp Nou a la agresi\u00f3n de la Polic\u00eda a un socio menor de edad en Elche&hellip;\n","protected":false},"author":2,"featured_media":735006,"comment_status":"","ping_status":"","sticky":false,"template":"","format":"standard","meta":{"footnotes":""},"categories":[93],"tags":[517,210,1980,168,95,25,24,1982,10,1981,952,23,167],"class_list":["post-735005","post","type-post","status-publish","format-standard","has-post-thumbnail","category-deportes","tag-actualidad","tag-barcelona","tag-cataluna","tag-deportes","tag-economia","tag-es","tag-espana","tag-ignacio-escolar","tag-noticias","tag-periodismo-independiente","tag-politica","tag-spain","tag-sports"],"share_on_mastodon":{"url":"https:\/\/pubeurope.com\/@es\/117171263138709879","error":""},"_links":{"self":[{"href":"https:\/\/www.europesays.com\/es\/wp-json\/wp\/v2\/posts\/735005","targetHints":{"allow":["GET"]}}],"collection":[{"href":"https:\/\/www.europesays.com\/es\/wp-json\/wp\/v2\/posts"}],"about":[{"href":"https:\/\/www.europesays.com\/es\/wp-json\/wp\/v2\/types\/post"}],"author":[{"embeddable":true,"href":"https:\/\/www.europesays.com\/es\/wp-json\/wp\/v2\/users\/2"}],"replies":[{"embeddable":true,"href":"https:\/\/www.europesays.com\/es\/wp-json\/wp\/v2\/comments?post=735005"}],"version-history":[{"count":0,"href":"https:\/\/www.europesays.com\/es\/wp-json\/wp\/v2\/posts\/735005\/revisions"}],"wp:featuredmedia":[{"embeddable":true,"href":"https:\/\/www.europesays.com\/es\/wp-json\/wp\/v2\/media\/735006"}],"wp:attachment":[{"href":"https:\/\/www.europesays.com\/es\/wp-json\/wp\/v2\/media?parent=735005"}],"wp:term":[{"taxonomy":"category","embeddable":true,"href":"https:\/\/www.europesays.com\/es\/wp-json\/wp\/v2\/categories?post=735005"},{"taxonomy":"post_tag","embeddable":true,"href":"https:\/\/www.europesays.com\/es\/wp-json\/wp\/v2\/tags?post=735005"}],"curies":[{"name":"wp","href":"https:\/\/api.w.org\/{rel}","templated":true}]}}