{"id":735067,"date":"2026-08-28T05:24:24","date_gmt":"2026-08-28T05:24:24","guid":{"rendered":"https:\/\/www.europesays.com\/es\/735067\/"},"modified":"2026-08-28T05:24:24","modified_gmt":"2026-08-28T05:24:24","slug":"jefe-de-la-dea-envia-un-mensaje-al-presidente-abelardo-de-la-espriella-tras-captura-de-capo-del-tren-de-aragua","status":"publish","type":"post","link":"https:\/\/www.europesays.com\/es\/735067\/","title":{"rendered":"Jefe de la DEA env\u00eda un mensaje al presidente Abelardo De La Espriella, tras captura de capo del Tren de Aragua"},"content":{"rendered":"<p class=\"text-base\" data-type=\"text\">Las autoridades colombianas detuvieron al l\u00edder de la organizaci\u00f3n criminal Tren de Aragua en Per\u00fa, conocido como Nairobi, seg\u00fan anunci\u00f3 este jueves 27 de agosto el presidente de Colombia, Abelardo De La Espriella.<\/p>\n<p><a href=\"https:\/\/www.semana.com\/mundo\/noticias-estados-unidos\/articulo\/llego-a-colombia-el-general-francis-l-donovan-jefe-del-comando-sur-de-los-estados-unidos\/202643\/\" data-type=\"link_list\" target=\"_blank\" rel=\"noopener noreferrer nofollow\" class=\"no-underline\"><img decoding=\"async\" data-chromatic=\"ignore\" alt=\"El alto cargo militar lleg\u00f3 a Colombia en las \u00faltimas horas.\" class=\"c-image m-0 h-full w-full object-cover\" loading=\"lazy\" src=\"https:\/\/www.europesays.com\/es\/wp-content\/uploads\/2026\/08\/Z2C7PW3JD5GFVC3FIE25YFCPKU.jpeg\"  width=\"128\" height=\"128\"\/><\/p>\n<p>Lleg\u00f3 a Colombia el general Francis L. Donovan, jefe del Comando Sur de los Estados Unidos<\/p>\n<p><\/a><\/p>\n<p class=\"text-base\" data-type=\"text\">\u201cNuestra Fuerza P\u00fablica captur\u00f3 en Fontib\u00f3n, Bogot\u00e1, a Luis Sa\u00fal P\u00e9rez Nieto, alias P\u00e1ez o Nairobi, <b>cabecilla principal del Tren de Aragua en Per\u00fa <\/b>y hombre de confianza de alias Ni\u00f1o Guerrero\u201d, fundador de este grupo procedente de Venezuela, dijo.<\/p>\n<p class=\"text-base\" data-type=\"text\">El detenido era responsable de \u201cextorsiones, tr\u00e1fico internacional de armas, homicidios selectivos y narcotr\u00e1fico <b>en corredores estrat\u00e9gicos de Sur y Centroam\u00e9rica\u201d<\/b>, cargos por los que es \u201crequerido\u201d por las autoridades estadounidenses.<\/p>\n<blockquote class=\"twitter-tweet\">\n<p lang=\"es\" dir=\"ltr\">Golpe al Tren de Aragua.<\/p>\n<p>Nuestra Fuerza P\u00fablica captur\u00f3 en Fontib\u00f3n, Bogot\u00e1, a Luis Sa\u00fal P\u00e9rez Nieto, alias \u201cP\u00e1ez\u201d o \u201cNairobi\u201d, cabecilla principal del Tren de Aragua en Per\u00fa y hombre de confianza de alias \u201cNi\u00f1o Guerrero\u201d.<\/p>\n<p>Alias \u201cNairobi\u201d estar\u00eda encargado de articular\u2026 <a href=\"https:\/\/t.co\/kAajEsGiIF\" rel=\"nofollow\">pic.twitter.com\/kAajEsGiIF<\/a><\/p>\n<p>\u2014 Abelardo De La Espriella (@ABDELAESPRIELLA) <a href=\"https:\/\/x.com\/ABDELAESPRIELLA\/status\/2092996255064400072?ref_src=twsrc%5Etfw\" rel=\"nofollow\">August 27, 2026<\/a><\/p><\/blockquote>\n<p class=\"text-base\" data-type=\"text\">Al respecto, el m\u00e1ximo responsable de la DEA, Terrance Cole, envi\u00f3 un mensaje de felicitaci\u00f3n al mandatario colombiano.<\/p>\n<p class=\"text-base\" data-type=\"text\">\u201cFelicitaciones al presidente Abelardo De La Espriella y a la Polic\u00eda Nacional de Colombia<b> por la captura de Luis P\u00e1ez Nieto, alto dirigente del Tren de Aragua\u201d<\/b>, dijo el director.<\/p>\n<p class=\"text-base\" data-type=\"text\">\u201cTdA es una organizaci\u00f3n terrorista extranjera designada; impulsa la corrupci\u00f3n, alimenta el narcotr\u00e1fico y utiliza violencia extrema para intimidar a comunidades y funcionarios gubernamentales en todo el hemisferio occidental\u201d, agreg\u00f3 Cole en el texto de una imagen publicada en X.<\/p>\n<p class=\"text-base\" data-type=\"text\">\u201cEste arresto golpea a TdA donde m\u00e1s le duele y demuestra lo que pueden lograr las alianzas decididas. <b>La DEA se enorgullece de estar junto a Colombia\u201d<\/b>, asever\u00f3.<\/p>\n<p class=\"text-base\" data-type=\"text\">Cabe recordar que, adem\u00e1s de Estados Unidos, pa\u00edses como Per\u00fa, Argentina y Ecuador han declarado al Tren de Aragua como organizaci\u00f3n terrorista.<\/p>\n<p><a href=\"https:\/\/www.semana.com\/mundo\/noticias-estados-unidos\/articulo\/llego-a-colombia-el-general-francis-l-donovan-jefe-del-comando-sur-de-los-estados-unidos\/202643\/\" data-type=\"link_list\" target=\"_blank\" rel=\"noopener noreferrer nofollow\" class=\"no-underline\"><img decoding=\"async\" data-chromatic=\"ignore\" alt=\"Ejercicios militares del Southcom\" class=\"c-image m-0 h-full w-full object-cover\" loading=\"lazy\" src=\"https:\/\/www.europesays.com\/es\/wp-content\/uploads\/2026\/08\/JYC7LODJYFEABLVYDY4PWYQUXE.jpg\"  width=\"128\" height=\"128\"\/><\/p>\n<p>\u201cYa sea por aire, tierra o mar\u201d: Fuerza Armada de EE. UU. publica video de operaciones en Latinoam\u00e9rica y lanza dura advertencia<\/p>\n<p><\/a><\/p>\n<p class=\"text-base\" data-type=\"text\">La noticia llega despu\u00e9s de que las autoridades de Colombia y Estados Unidos conversaran sobre el refuerzo de la cooperaci\u00f3n bilateral en la lucha contra el narcotr\u00e1fico y el crimen organizado, <b>en el marco de un encuentro en Tumaco.<\/b><\/p>\n<p class=\"text-base\" data-type=\"text\">En este participaron el comandante del Comando Sur de Estados Unidos (SOUTHCOM), el general Francis Donovan, y el ministro de Defensa colombiano, Jorge Mora.<\/p>\n<p><img decoding=\"async\" data-chromatic=\"ignore\" alt=\"En la imagen el general Francis Donovan de los Estados Unidos y el ministro de Defensa, Jorge Mora.\" class=\"c-image w-auto mx-auto max-h-[70vh] object-contain rounded-lg\" loading=\"lazy\" src=\"https:\/\/www.europesays.com\/es\/wp-content\/uploads\/2026\/08\/TQWXCPLGQZCAJECZPFBREQ55FM.jpeg\"   width=\"1228\" height=\"1600\"\/><\/p>\n<p>En la imagen el general Francis Donovan de los Estados Unidos y el ministro de Defensa, Jorge Mora. Foto: Ministerio de Defensa.<\/p>\n<p class=\"text-base\" data-type=\"text\">Mora asegur\u00f3 en un mensaje en redes que el prop\u00f3sito de la reuni\u00f3n es \u201cfortalecer la cooperaci\u00f3n en seguridad y defensa\u201d entre ambos pa\u00edses, despu\u00e9s de que Bogot\u00e1 entrara a formar parte de la <b>Coalici\u00f3n de las Am\u00e9ricas Contra los C\u00e1rteles (A3C),<\/b> impulsada por Washington.<\/p>\n<p><script async src=\"https:\/\/platform.twitter.com\/widgets.js\" charset=\"utf-8\"><\/script><\/p>\n","protected":false},"excerpt":{"rendered":"Las autoridades colombianas detuvieron al l\u00edder de la organizaci\u00f3n criminal Tren de Aragua en Per\u00fa, conocido como Nairobi,&hellip;\n","protected":false},"author":2,"featured_media":735068,"comment_status":"","ping_status":"","sticky":false,"template":"","format":"standard","meta":{"footnotes":""},"categories":[42],"tags":[1765,17,18,13,14,11,61,62,63,64,19,20,9,10,15,16,12,1766,21,22,65,66,67],"class_list":["post-735067","post","type-post","status-publish","format-standard","has-post-thumbnail","category-internacional","tag-bestof","tag-breaking-news","tag-breakingnews","tag-featured-news","tag-featurednews","tag-headlines","tag-internacional","tag-international","tag-international-news","tag-internationalnews","tag-latest-news","tag-latestnews","tag-news","tag-noticias","tag-noticias-destacadas","tag-noticiasdestacadas","tag-titulares","tag-topix","tag-ultimas-noticias","tag-ultimasnoticias","tag-world","tag-world-news","tag-worldnews"],"share_on_mastodon":{"url":"https:\/\/pubeurope.com\/@es\/117171471323867377","error":""},"_links":{"self":[{"href":"https:\/\/www.europesays.com\/es\/wp-json\/wp\/v2\/posts\/735067","targetHints":{"allow":["GET"]}}],"collection":[{"href":"https:\/\/www.europesays.com\/es\/wp-json\/wp\/v2\/posts"}],"about":[{"href":"https:\/\/www.europesays.com\/es\/wp-json\/wp\/v2\/types\/post"}],"author":[{"embeddable":true,"href":"https:\/\/www.europesays.com\/es\/wp-json\/wp\/v2\/users\/2"}],"replies":[{"embeddable":true,"href":"https:\/\/www.europesays.com\/es\/wp-json\/wp\/v2\/comments?post=735067"}],"version-history":[{"count":0,"href":"https:\/\/www.europesays.com\/es\/wp-json\/wp\/v2\/posts\/735067\/revisions"}],"wp:featuredmedia":[{"embeddable":true,"href":"https:\/\/www.europesays.com\/es\/wp-json\/wp\/v2\/media\/735068"}],"wp:attachment":[{"href":"https:\/\/www.europesays.com\/es\/wp-json\/wp\/v2\/media?parent=735067"}],"wp:term":[{"taxonomy":"category","embeddable":true,"href":"https:\/\/www.europesays.com\/es\/wp-json\/wp\/v2\/categories?post=735067"},{"taxonomy":"post_tag","embeddable":true,"href":"https:\/\/www.europesays.com\/es\/wp-json\/wp\/v2\/tags?post=735067"}],"curies":[{"name":"wp","href":"https:\/\/api.w.org\/{rel}","templated":true}]}}