{"id":735121,"date":"2026-08-28T06:21:22","date_gmt":"2026-08-28T06:21:22","guid":{"rendered":"https:\/\/www.europesays.com\/es\/735121\/"},"modified":"2026-08-28T06:21:22","modified_gmt":"2026-08-28T06:21:22","slug":"chus-mateo-seleccionador-de-espana-el-willy-hernangomez-del-barca-no-ha-sido-el-que-esperabamos-pero-esa-experiencia-le-hara-mejor","status":"publish","type":"post","link":"https:\/\/www.europesays.com\/es\/735121\/","title":{"rendered":"Chus Mateo, seleccionador de Espa\u00f1a: \u00abEl Willy Hernang\u00f3mez del Bar\u00e7a no ha sido el que esper\u00e1bamos, pero esa experiencia le har\u00e1 mejor\u00bb"},"content":{"rendered":"<p class=\"ft-text\"><a class=\"ft-link ft-link--decoration\" href=\"https:\/\/www.sport.es\/es\/noticias\/baloncesto\/chus-mateo-espiritu-unidad-enorgullece-132067346\" rel=\"nofollow noopener\" target=\"_blank\"><strong>Chus Mateo<\/strong><\/a> (Madrid, 1969) no puede disimular en su rostro ese gesto de <strong>alegr\u00eda e ilusi\u00f3n<\/strong> que transmite, orgulloso, como <strong>seleccionador espa\u00f1ol.<\/strong> Tras una larga trayectoria en los banquillos, hace algo m\u00e1s de un a\u00f1o, la Federaci\u00f3n Espa\u00f1ola de Baloncesto confi\u00f3 en \u00e9l para tomar el testigo de <strong>Sergio Scariolo<\/strong> al frente de &#8216;La Familia&#8217;. Un movimiento curioso, en el que coincidieron los cambios de destino: <strong>el t\u00e9cnico italiano hered\u00f3 el banquillo del club blanco, mientras que Mateo se puso al frente del combinado nacional.<\/strong><\/p>\n<p class=\"ft-text\">Mateo olvid\u00f3 pronto la <strong>decepci\u00f3n<\/strong> de una salida inesperada del Real Madrid. En tres a\u00f1os, <strong>levant\u00f3 dos t\u00edtulos ligueros, un par de Supercopas, la Copa en 2024 y la Euroliga en 2023.<\/strong> Poco m\u00e1s se puede ganar en menos tiempo, pero los planes en los despachos de la secci\u00f3n blanca fueron otros.<\/p>\n<p class=\"ft-text\">Ahora, el club blanco es historia, y tras una gran primera fase de clasificaci\u00f3n para el <strong>Mundial<\/strong> del pr\u00f3ximo verano en Catar, con un registro de cinco triunfos y tan solo un tropiezo, &#8216;La Familia&#8217; arranca su andadura en la segunda recibiendo este viernes (21h CEST) a <strong>Portugal<\/strong> en el Pr\u00edncipe Felipe de Zaragoza. La cohesi\u00f3n de los lusos es la gran arma de los vecinos ib\u00e9ricos, pero tanto Mateo como el grupo conf\u00edan en hacer un buen partido que les permita sumar un triunfo que les acerque, un poco m\u00e1s, a la <strong>disputa del pr\u00f3ximo Campeonato del Mundo.<\/strong> Antes del duelo ante Portugal, Mateo atiende amablemente a &#8216;SPORT&#8217; desde la grada del pabell\u00f3n zaragozano.<\/p>\n<p><img decoding=\"async\" src=\"https:\/\/www.europesays.com\/es\/wp-content\/uploads\/2026\/08\/aa47fba3-5f24-492b-8238-323318940d79_alta-libre-aspect-ratio_default_0_x600y225.jpg\" width=\"1200\" height=\"675\" alt=\"Chus Mateo, seleccionador espa\u00f1ol\" class=\"ft-helper-img-rd\" loading=\"lazy\" fetchpriority=\"auto\"\/><\/p>\n<p class=\"ft-helper-fontColor-quaternary ft-helper-fontSize-body-S ft-helper-spacer-t-xxs\">Chus Mateo, seleccionador espa\u00f1ol  \/ AFP v\u00eda Europa Press<\/p>\n<p class=\"ft-text\"><strong>\u00bfC\u00f3mo te trata la vida?<\/strong><\/p>\n<p class=\"ft-text\">Estoy bien, disfrutando mucho de esta nueva etapa. Creo que no me puedo quejar, soy un privilegiado de mi deporte, de la vida. Estoy feliz, estoy con ilusi\u00f3n, con muchas ganas de hacer cosas, de poder contribuir tambi\u00e9n a que el baloncesto espa\u00f1ol pueda dar el nivel que se espera de \u00e9l.<\/p>\n<p class=\"ft-text\"><strong>\u00bfQu\u00e9 tal el verano entre ventana y ventana? \u00bfHas podido desconectar algo del basket?<\/strong><\/p>\n<p class=\"ft-text\">Se me hacen largos los veranos, f\u00edjate. Antes se me hac\u00edan cortos porque la temporada estaba muy apretada, muchos partidos, mucha tensi\u00f3n. Y ahora estoy deseando volver a coger el equipo, a entrenar, a entrar en la cancha y a jugar partidos. F\u00edjate que del a\u00f1o anterior, que acab\u00e9 la temporada en el Real Madrid, eran 90 partidos y este a\u00f1o solo seis. Entonces la diferencia es grande.<\/p>\n<p>Una convocatoria cargada de estrellas<\/p>\n<p class=\"ft-text\"><strong>Has presentado una lista en la que pr\u00e1cticamente est\u00e1n todos los mejores jugadores espa\u00f1oles. \u00bfC\u00f3mo se gest\u00f3 esta convocatoria?<\/strong><\/p>\n<p class=\"ft-text\">Todos est\u00e1n haciendo un muy buen trabajo en las ventanas. No ser\u00eda justo por mi parte pensar que la gente que ha estado en otras ventanas y no en esta no haya sido importante. Al rev\u00e9s, han sido muy importantes. De hecho, de los 6 partidos han conseguido 5 victorias. Lo que s\u00ed que es verdad es que en esta ocasi\u00f3n el abanico se ampliaba y hab\u00eda posibilidad de conseguir jugadores de otras ligas que estaban, unos muy j\u00f3venes, pero llamando a la puerta de forma violenta y queriendo ser part\u00edcipes de este nuevo aire que se respira en la selecci\u00f3n y ganas de ilusionar.<\/p>\n<p class=\"ft-text\"><strong>Vuelve a haber ya un importante n\u00famero de jugadores NBA. \u00bfQu\u00e9 me puedes decir de ellos?<\/strong><\/p>\n<p class=\"ft-text\">Lo que destacar\u00eda, como en casi todas estas convocatorias, es el compromiso de querer estar. Lo primero que han querido es decirle a sus equipos, a sus franquicias, que ellos quieren formar parte de este equipo y han demostrado que quer\u00edan venir. Les estoy viendo muy bien a todos, con much\u00edsimas ganas de hacer las cosas bien, con muchas ganas de aportar, muy involucrados. Con ganas de generar tambi\u00e9n una qu\u00edmica que yo demando en estos casos, porque creo que al final, estando juntos, es m\u00e1s f\u00e1cil conseguir las cosas. Y, bueno, la verdad que contento vi\u00e9ndoles que ellos tambi\u00e9n lo est\u00e1n.<\/p>\n<p class=\"ft-text\"><strong>Se presagi\u00f3 una larga traves\u00eda por el desierto de la selecci\u00f3n, pero da la sensaci\u00f3n que estos jugadores podr\u00edan tener \u00e9xito en un campeonato internacional&#8230;<\/strong><\/p>\n<p class=\"ft-text\">Yo soy de la opini\u00f3n que, aunque son un grupo con talento y un muy buen grupo que ilusiona, creo que hay que dejar tambi\u00e9n a la gente que trabaje junta y que vaya madurando el proceso, \u00bfno? Y el proceso a veces requiere sufrir juntos, perder juntos, para volver a ganar juntos. Y esto es lo que espero de este grupo. Que podamos permanecer unidos mucho tiempo y que vivamos experiencias que nos ayuden a crecer, tanto positivas como negativas, porque todo ayuda, \u00bfno? A la hora de conseguir algo grande en el futuro, obviamente hay que pasar por malos momentos tambi\u00e9n, eso es inevitable.<\/p>\n<p><img decoding=\"async\" src=\"https:\/\/www.europesays.com\/es\/wp-content\/uploads\/2026\/08\/1775929c-0418-4fdb-8a52-8118161583a3_alta-libre-aspect-ratio_default_0_x600y225.jpg\" width=\"1200\" height=\"675\" alt=\"La convocatoria de Chus Mateo cuenta con pr\u00e1cticamente todas las estrellas del baloncesto espa\u00f1ol\" class=\"ft-helper-img-rd\" loading=\"lazy\" fetchpriority=\"auto\"\/><\/p>\n<p class=\"ft-helper-fontColor-quaternary ft-helper-fontSize-body-S ft-helper-spacer-t-xxs\">La convocatoria de Chus Mateo cuenta con pr\u00e1cticamente todas las estrellas del baloncesto espa\u00f1ol  \/ Twitter: @BaloncestoESP<\/p>\n<p class=\"ft-text\"><strong>\u00bfQu\u00e9 te encontraste cuando pisaste el vestuario de &#8216;La Familia&#8217; por primera vez en esta etapa como seleccionador?<\/strong><\/p>\n<p class=\"ft-text\">Unas ganas tremendas, mucha ilusi\u00f3n, muchos ojos abiertos, muchos o\u00eddos escuchando lo que dec\u00edas, c\u00f3mo ven\u00edas, con qu\u00e9 idea ven\u00edas&#8230; Yo tengo en la cabeza que esta oportunidad que se me da a m\u00ed es un privilegio de poder representar el baloncesto espa\u00f1ol. No solamente pienso en que es Chus Mateo el que representa el baloncesto espa\u00f1ol, sino que es un poco el representante ahora mismo de muchos entrenadores que se lo han currado desde abajo, que luchan en categor\u00edas de formaci\u00f3n, que dan un nivel al jugador espa\u00f1ol tan extraordinario, que siguen trabajando, porque as\u00ed se ha visto este verano con las categor\u00edas inferiores de la federaci\u00f3n. Y bueno, muy agradecido tambi\u00e9n a los clubes porque me permiten trabajar con jugadores de sus equipos que al final son de primer nivel. Me encontr\u00e9 un vestuario siempre con much\u00edsimo compromiso, pero tambi\u00e9n con muchas ganas de hacer las cosas bien.<\/p>\n<p>El papel de los Hernang\u00f3mez en &#8216;La Familia&#8217;<\/p>\n<p class=\"ft-text\"><strong>\u00bfQu\u00e9 aportan los hermanos Hernang\u00f3mez al grupo y qu\u00e9 suponen para ti?<\/strong><\/p>\n<p class=\"ft-text\">Es una experiencia para todos la que pueden aportar ellos. Su camino est\u00e1 siendo m\u00e1s largo que el de otros, con muchas m\u00e1s experiencias. Han vivido momentos buenos y momentos no tan buenos. Y son capaces de transmitir a los j\u00f3venes y a sus entrenadores tambi\u00e9n lo que es la selecci\u00f3n mejor que nadie. Desde ese punto de vista yo les dejo a todos su espacio para que ellos se muestren como son. Quiero que sean ellos mismos y a m\u00ed me da mucha seguridad tenerlos en el equipo.<\/p>\n<p class=\"ft-text\"><strong>Para Willy, ha dado la sensaci\u00f3n de que la selecci\u00f3n era una liberaci\u00f3n despu\u00e9s de tres temporadas complicadas en Barcelona. \u00bfC\u00f3mo has vivido t\u00fa sus a\u00f1os de azulgrana?<\/strong><\/p>\n<p class=\"ft-text\">La visi\u00f3n que tengo es que esas expectativas generadas por un contrato que seguramente pudo llamar la atenci\u00f3n quiz\u00e1 no se cumplieron como todos esperaban, pero tampoco como \u00e9l mismo esperaba. \u00c9l querr\u00eda agradar claramente, pero las cosas a veces no salen como uno quiere. Y bueno, seguramente esas expectativas, ahora que quiz\u00e1 sean un poco menores, \u00e9l pueda demostrar el gran jugador que es, siempre lo ha sido. Pero hay veces, por lo que sea, que uno no consigue funcionar en un ambiente determinado, en un equipo determinado, en un ambiente diferente&#8230; Adaptarse es importante y esa capacidad de adaptaci\u00f3n muchas veces te da la posibilidad de rendir al nivel que de uno se espera, pero no siempre se consigue. Creo que esta experiencia le har\u00e1 mejor, aunque ha podido jugar alg\u00fan partido bueno y a buen nivel, no ha sido el Willy que todos esper\u00e1bamos, pero seguramente va a conseguirlo y que al final todav\u00eda le queda mucha carrera por delante.<\/p>\n<p><img decoding=\"async\" src=\"https:\/\/www.europesays.com\/es\/wp-content\/uploads\/2026\/08\/f8418107-bfd7-4287-8d88-2792d904ad28_alta-libre-aspect-ratio_default_0_x600y225.jpg\" width=\"1200\" height=\"675\" alt=\"Chus Mateo y Willy Hernang\u00f3mez, en un entrenamiento de la selecci\u00f3n espa\u00f1ola\" class=\"ft-helper-img-rd\" loading=\"lazy\" fetchpriority=\"auto\"\/><\/p>\n<p class=\"ft-helper-fontColor-quaternary ft-helper-fontSize-body-S ft-helper-spacer-t-xxs\">Chus Mateo y Willy Hernang\u00f3mez, en un entrenamiento de la selecci\u00f3n espa\u00f1ola  \/ FEB<\/p>\n<p class=\"ft-text\"><strong>En ese papel de &#8216;veteranos&#8217; podemos incluir a Joel Parra y Dar\u00edo Brizuela. \u00bfQu\u00e9 importancia tienen para t\u00ed en la selecci\u00f3n?<\/strong><\/p>\n<p class=\"ft-text\">Son importantes porque efectivamente son &#8216;veteranos&#8217;, pero son muy j\u00f3venes y todav\u00eda tienen mucho recorrido por delante. Pero ya tienen galones, muchas veces para enfadarse, para dar una voz en un entrenamiento, para poder poner a la gente firme, para exigirse y exigir a los dem\u00e1s. Creo que eso lo da tambi\u00e9n el tiempo y ellos tienen galones, \u00bfno? A m\u00ed no me gusta mucho lo de qui\u00e9n va a ser el l\u00edder, los l\u00edderes aparecen, salen y no es necesario darle a nadie una tarjeta de visita que ponga \u00abt\u00fa eres el l\u00edder de este equipo\u00bb. Aparecen y ellos est\u00e1n demostrando capacidad tambi\u00e9n para poder en un momento determinado liderar ciertas situaciones.<\/p>\n<p>Bar\u00e7a y Madrid, proyectos renovados<\/p>\n<p class=\"ft-text\"><strong>Son dos de los cuatro \u00fanicos supervivientes del Bar\u00e7a de cara a la pr\u00f3xima temporada&#8230;<\/strong><\/p>\n<p class=\"ft-text\">Veo que la gente est\u00e1 ilusionada con un nuevo modelo. Obviamente todav\u00eda es &#8216;un mel\u00f3n por abrir&#8217;, no se sabe c\u00f3mo funcionar\u00e1, pero el Barcelona ha venido busc\u00e1ndose en los \u00faltimos a\u00f1os y no ha podido encontrar todav\u00eda la f\u00f3rmula. Lo ideal es que la encuentre pronto porque eso es muy bueno para el baloncesto espa\u00f1ol. Que el Barcelona compita hasta el final en todas las competiciones, luchando por t\u00edtulos de nuevo, que estoy convencido de que volver\u00e1 a hacerlo, siempre es bueno para todos. Para todo el baloncesto espa\u00f1ol, no solamente para la afici\u00f3n cul\u00e9.<\/p>\n<p class=\"ft-text\"><strong>En Madrid tampoco han sido pocos los cambios&#8230;<\/strong><\/p>\n<p class=\"ft-text\">Tambi\u00e9n una plantilla nueva a la que habr\u00e1 que dejar que trabaje con su entrenador tambi\u00e9n nuevo en el Real Madrid. Todos estos clubes, habl\u00e1bamos del Barcelona, pero tambi\u00e9n del Real Madrid, son clubes, entre comillas, con diferencias notables con respecto a otros. Donde la exigencia es m\u00e1xima a todos los niveles y habr\u00e1 que darles el tiempo suficiente como para demostrar que seguramente tambi\u00e9n habr\u00e1n hecho una buena plantilla y muy competitiva.<\/p>\n<p><img decoding=\"async\" src=\"https:\/\/www.europesays.com\/es\/wp-content\/uploads\/2026\/08\/f391013f-d6a1-4d66-845a-16e2fb7c5b1a_alta-libre-aspect-ratio_default_0_x600y225.jpg\" width=\"1200\" height=\"675\" alt=\"Pedro Mart\u00ednez y Chus Mateo, en un partido de la Liga Endesa\" class=\"ft-helper-img-rd\" loading=\"lazy\" fetchpriority=\"auto\"\/><\/p>\n<p class=\"ft-helper-fontColor-quaternary ft-helper-fontSize-body-S ft-helper-spacer-t-xxs\">Pedro Mart\u00ednez y Chus Mateo, en un partido de la Liga Endesa  \/ ACB Photo &#8211; Victor Carretero<\/p>\n<p class=\"ft-text\"><strong>\u00bfQu\u00e9 recuerdo te ha quedado de tu etapa all\u00ed? Desde la distancia, no se entendi\u00f3 que se terminase de aquella manera una etapa exitosa cargada de t\u00edtulos&#8230;<\/strong><\/p>\n<p class=\"ft-text\">De aquella etapa estoy muy agradecido. La vida a veces te da oportunidades que a veces salen bien, otras veces no tan bien. Y yo, el d\u00eda que me dijeron que no continuo me fui a dormir muy tranquilo. Realmente pensaba que hab\u00eda hecho lo que estaba en mi mano en todo momento. Entend\u00ed que hay decisiones que a veces no dependen de uno mismo y ya est\u00e1, hay que aceptarlas como vienen. Creo que hay que entender que cada uno toma las decisiones que cree que son las mejores para su club. Y yo lo \u00fanico que pod\u00eda hacer era valorar esa etapa como algo que me hab\u00eda venido francamente bien para crecer como entrenador y tambi\u00e9n a nivel personal, aprender a aguantar la presi\u00f3n, aprender a centrarme en lo que depend\u00eda realmente de m\u00ed. Y creo que eso me ha hecho madurar tambi\u00e9n como entrenador. Les deseo lo mejor siempre como lo deseo ahora a todos los clubes de Espa\u00f1a.<\/p>\n<p>Los referentes en el banquillo para Chus Mateo<\/p>\n<p class=\"ft-text\"><strong>\u00bfQu\u00e9 entrenadores han sido referentes para ti?<\/strong><\/p>\n<p class=\"ft-text\">Aprend\u00ed mucho de \u00c1ngel Pardo, que en categor\u00edas inferiores me influy\u00f3 mucho en el baloncesto que incluso hago ahora. De Tirso Lorente, que en paz descanse. Aprend\u00ed, por supuesto, much\u00edsimo de Sergio Scariolo en su momento, de Pablo Laso, no cabe duda que much\u00edsimo tambi\u00e9n, diferentes cosas de cada uno. Pero he tenido compa\u00f1eros que me han ayudado mucho a ser como soy y a ser quien soy a nivel baloncest\u00edstico y a entender que el baloncesto a veces no se puede tomar tambi\u00e9n a vida o muerte. Es un deporte que amamos y a veces tomarlo a vida o muerte significar\u00eda que morimos muchas veces, porque aqu\u00ed ganar queremos todos. Aprendo mucho de los entrenadores espa\u00f1oles tambi\u00e9n de formaci\u00f3n, aprendo mucho de entrenadores cuando hablo con ellos con una servilleta, un boli, una cerveza encima de la mesa. Me gusta seguir progresando.<\/p>\n<p><img decoding=\"async\" src=\"https:\/\/www.europesays.com\/es\/wp-content\/uploads\/2026\/08\/6239d091-4f19-47cd-bb0e-abee329b4c23_alta-libre-aspect-ratio_default_0_x600y225.jpg\" width=\"1200\" height=\"675\" alt=\"Pablo Laso y Chus Mateo se saludan antes de un partido\" class=\"ft-helper-img-rd\" loading=\"lazy\" fetchpriority=\"auto\"\/><\/p>\n<p class=\"ft-helper-fontColor-quaternary ft-helper-fontSize-body-S ft-helper-spacer-t-xxs\">Pablo Laso y Chus Mateo se saludan antes de un partido  \/ EFE<\/p>\n<p class=\"ft-text\"><strong>\u00bfQu\u00e9 opini\u00f3n tienes del \u00e9xodo de los j\u00f3venes jugadores hacia la NCAA? \u00bfHay alguna soluci\u00f3n?<\/strong><\/p>\n<p class=\"ft-text\">A nivel de clubs, de canteras, es obvio que mucho del sentido que ten\u00eda la cantera antiguamente que era tratar de abaratar costos y sacar jugadores o jugadores propios que se identifiquen con el club y que sientan el club, pues obviamente es un destrozo. Pero yo veo con buenos ojos el que ellos si piensan que en un momento determinado pueden tener m\u00e1s oportunidades, m\u00e1s medios, m\u00e1s posibilidades de mejorar jugando minutos en otras ligas, \u00bfpor qu\u00e9 no van a hacerlo? Y encima muchos de ellos se van con contratos que realmente son dif\u00edciles de asumir aqu\u00ed. En Espa\u00f1a queremos que los j\u00f3venes enseguida se pongan a jugar. Por el contrario, tambi\u00e9n presionamos mucho a los entrenadores para que ganen cada d\u00eda. Entonces es un poco dif\u00edcil el conseguir pensar en proyectos cuando realmente el entrenador tampoco tiene proyecto. Entiendo el miedo del entrenador muchas veces a poner a los j\u00f3venes porque hay que gestionar muchos egos tambi\u00e9n dentro del vestuario, en muchas directivas que en ocasiones no quieren que les hables de proyecto, quieren inmediatez en los resultados.<\/p>\n<p class=\"ft-text\"><strong>Portugal y Grecia, a priori, son partidos de una dificultad diferente. \u00bfSe preparan de la misma manera los duelos?<\/strong><\/p>\n<p class=\"ft-text\">Cambiar\u00e1 con respecto al primero la preparaci\u00f3n del segundo en el sentido de que tendremos tres d\u00edas ya de entrenamiento donde nos hayamos tratado de conectar un poco m\u00e1s, de conocer un poco m\u00e1s y podremos valorar de otra manera a lo mejor el encuentro contra Grecia, pero el partido de Portugal ahora mismo es la prioridad. Necesitamos estar muy bien para ganar a Portugal, vienen jugando juntos todas las ventanas excepto Neemias Queta y Ruben Prey, pero que viene con mecanismos ya adquiridos de otras veces porque juegan los mismos jugadores. Es obvio que nuestra calidad nos da una seguridad por momentos que dices bueno, somos buenos, pero eso no vale. Y lo sabemos todos, para ganar con el ser bueno hay que ponerse, hay que trabajar como equipo, hay que sufrir, hay que esforzarse al m\u00e1ximo. Sabemos que Portugal lo va a hacer y nosotros lo \u00fanico que podemos hacer, independientemente de nuestra calidad, de que metamos m\u00e1s tiros o menos tiros, es esforzarnos un poquito m\u00e1s que ellos o mucho m\u00e1s que ellos.<\/p>\n<p class=\"ft-text\"><strong>\u00bfQu\u00e9 supondr\u00eda para ti dirigir a Espa\u00f1a en un partido de Copa del Mundo?<\/strong><\/p>\n<p class=\"ft-text\">No quiero ni pensarlo, porque voy siempre paso a paso, no quiero anticiparme con pensar que tenemos la clasificaci\u00f3n, hay que cerrar esto primero y ganar a Portugal. Pero es obvio que para m\u00ed ser\u00eda una ilusi\u00f3n enorme poder dirigir a la selecci\u00f3n espa\u00f1ola, de mi pa\u00eds, cuando me he formado en el baloncesto desde muy peque\u00f1o, poder dirigir a los mejores jugadores del baloncesto espa\u00f1ol en un Campeonato del Mundo, es un privilegio para cualquiera que se dedique a esto. Yo amo el baloncesto y no creo que haya un evento junto con los Juegos Ol\u00edmpicos, obviamente tambi\u00e9n los Europeos, pero el Mundial y los Juegos Ol\u00edmpicos creo que son algo que no tiene comparaci\u00f3n.<\/p>\n","protected":false},"excerpt":{"rendered":"Chus Mateo (Madrid, 1969) no puede disimular en su rostro ese gesto de alegr\u00eda e ilusi\u00f3n que transmite,&hellip;\n","protected":false},"author":2,"featured_media":735122,"comment_status":"","ping_status":"","sticky":false,"template":"","format":"standard","meta":{"footnotes":""},"categories":[269],"tags":[299,2296,298,9525,168,3141,25,24,2501,24234,7862,3048,1988,23,3020,167,67275],"class_list":["post-735121","post","type-post","status-publish","format-standard","has-post-thumbnail","category-baloncesto","tag-baloncesto","tag-barca","tag-basketball","tag-chus","tag-deportes","tag-entrevista","tag-es","tag-espana","tag-espanola","tag-hernangomez","tag-mateo","tag-real-madrid","tag-seleccion","tag-spain","tag-sport","tag-sports","tag-willy"],"share_on_mastodon":{"url":"https:\/\/pubeurope.com\/@es\/117171696883803440","error":""},"_links":{"self":[{"href":"https:\/\/www.europesays.com\/es\/wp-json\/wp\/v2\/posts\/735121","targetHints":{"allow":["GET"]}}],"collection":[{"href":"https:\/\/www.europesays.com\/es\/wp-json\/wp\/v2\/posts"}],"about":[{"href":"https:\/\/www.europesays.com\/es\/wp-json\/wp\/v2\/types\/post"}],"author":[{"embeddable":true,"href":"https:\/\/www.europesays.com\/es\/wp-json\/wp\/v2\/users\/2"}],"replies":[{"embeddable":true,"href":"https:\/\/www.europesays.com\/es\/wp-json\/wp\/v2\/comments?post=735121"}],"version-history":[{"count":0,"href":"https:\/\/www.europesays.com\/es\/wp-json\/wp\/v2\/posts\/735121\/revisions"}],"wp:featuredmedia":[{"embeddable":true,"href":"https:\/\/www.europesays.com\/es\/wp-json\/wp\/v2\/media\/735122"}],"wp:attachment":[{"href":"https:\/\/www.europesays.com\/es\/wp-json\/wp\/v2\/media?parent=735121"}],"wp:term":[{"taxonomy":"category","embeddable":true,"href":"https:\/\/www.europesays.com\/es\/wp-json\/wp\/v2\/categories?post=735121"},{"taxonomy":"post_tag","embeddable":true,"href":"https:\/\/www.europesays.com\/es\/wp-json\/wp\/v2\/tags?post=735121"}],"curies":[{"name":"wp","href":"https:\/\/api.w.org\/{rel}","templated":true}]}}