{"id":735137,"date":"2026-08-28T06:33:13","date_gmt":"2026-08-28T06:33:13","guid":{"rendered":"https:\/\/www.europesays.com\/es\/735137\/"},"modified":"2026-08-28T06:33:13","modified_gmt":"2026-08-28T06:33:13","slug":"fallece-en-tokio-la-artista-visual-japonesa-yayoi-kusama","status":"publish","type":"post","link":"https:\/\/www.europesays.com\/es\/735137\/","title":{"rendered":"Fallece en Tokio la artista visual japonesa Yayoi Kusama"},"content":{"rendered":"<p>   La noticia de su muerte el pasado 14 de agosto fue confirmada la v\u00edspera, m\u00e1s de una semana despu\u00e9s, por el Museo Yayoi Kusama y la Fundaci\u00f3n Yayoi Kusama en un comunicado oficial. Su obra revolucion\u00f3 el arte contempor\u00e1neo con sus patrones de lunares y sus inmersivas instalaciones con espejos.<\/p>\n<p>   Kusama, quien construy\u00f3 una carrera marcada por la experimentaci\u00f3n y la ruptura de esquemas, alcanz\u00f3 fama mundial con sus Redes infinitas, inmensas telas abstractas compuestas por miles de pinceladas diminutas que simulaban mallas perforadas.<\/p>\n<p>   As\u00ed fue con sus c\u00e9lebres Habitaciones infinitas, espacios acristalados que se convirtieron en fen\u00f3meno de masas y atracci\u00f3n para los amantes de las selfis en museos de todo el orbe, precis\u00f3 el medio estadounidense The New York Times. <\/p>\n<p>   Persigo el arte con el fin de corregir la discapacidad que comenz\u00f3 en mi infancia, declar\u00f3 en m\u00faltiples ocasiones la artista, quien padeci\u00f3 alucinaciones desde temprana edad y encontr\u00f3 en la creaci\u00f3n una v\u00eda de sanaci\u00f3n.<\/p>\n<p>   Nacida en 1929 en Matsumoto, Kusama comenz\u00f3 a despuntar en la escena art\u00edstica neoyorquina a finales de los a\u00f1os 50, cuando sus monumentales obras abstractas llamaron la atenci\u00f3n de cr\u00edticos de arte como Donald Judd.<\/p>\n<p>   Emigr\u00f3 a Estados Unidos en 1957 y desarroll\u00f3 en la d\u00e9cada de 1960 performances provocadores que combinaban el activismo contra la Guerra de Vietnam con el desnudo y la pintura corporal con lunares.<\/p>\n<p>   Con esos lunares, las personas se autodestruir\u00e1n y regresar\u00e1n a la naturaleza del universo, explic\u00f3 entonces la artista, a decir de The New York Times. <\/p>\n<p>   Tras percibir una p\u00e9rdida de inter\u00e9s en su trabajo en Estados Unidos, Kusama regres\u00f3 a Jap\u00f3n en 1973, donde enfrent\u00f3 dificultades econ\u00f3micas y agudizaci\u00f3n de sus trastornos mentales, lo que la llev\u00f3 a internarse voluntariamente en 1977 en el hospital psiqui\u00e1trico Seiwa de Tokio, que se convirti\u00f3 en su hogar permanente. <\/p>\n<p>   El siglo XXI le trajo reconocimiento global; en 2014, una de sus pinturas de la serie Redes infinitas alcanz\u00f3 los 7,1 millones de d\u00f3lares en Christie\u2019s, convirti\u00e9ndose en la obra m\u00e1s cara de una artista viva vendida en subasta.<\/p>\n<p>   Sus exposiciones en museos como la Tate Modern de Londres, el Whitney de Nueva York y el Centro Pompidou de Par\u00eds consolidaron su estatus de estrella del arte contempor\u00e1neo.<\/p>\n<p>nmr\/vnl<\/p>\n","protected":false},"excerpt":{"rendered":"La noticia de su muerte el pasado 14 de agosto fue confirmada la v\u00edspera, m\u00e1s de una semana&hellip;\n","protected":false},"author":2,"featured_media":735138,"comment_status":"","ping_status":"","sticky":false,"template":"","format":"standard","meta":{"footnotes":""},"categories":[91],"tags":[209,146,147,25,24,12536,23,52493],"class_list":["post-735137","post","type-post","status-publish","format-standard","has-post-thumbnail","category-entretenimiento","tag-cultura","tag-entertainment","tag-entretenimiento","tag-es","tag-espana","tag-nota-informativa","tag-spain","tag-yayoi-kusama"],"share_on_mastodon":{"url":"https:\/\/pubeurope.com\/@es\/117171742738487346","error":""},"_links":{"self":[{"href":"https:\/\/www.europesays.com\/es\/wp-json\/wp\/v2\/posts\/735137","targetHints":{"allow":["GET"]}}],"collection":[{"href":"https:\/\/www.europesays.com\/es\/wp-json\/wp\/v2\/posts"}],"about":[{"href":"https:\/\/www.europesays.com\/es\/wp-json\/wp\/v2\/types\/post"}],"author":[{"embeddable":true,"href":"https:\/\/www.europesays.com\/es\/wp-json\/wp\/v2\/users\/2"}],"replies":[{"embeddable":true,"href":"https:\/\/www.europesays.com\/es\/wp-json\/wp\/v2\/comments?post=735137"}],"version-history":[{"count":0,"href":"https:\/\/www.europesays.com\/es\/wp-json\/wp\/v2\/posts\/735137\/revisions"}],"wp:featuredmedia":[{"embeddable":true,"href":"https:\/\/www.europesays.com\/es\/wp-json\/wp\/v2\/media\/735138"}],"wp:attachment":[{"href":"https:\/\/www.europesays.com\/es\/wp-json\/wp\/v2\/media?parent=735137"}],"wp:term":[{"taxonomy":"category","embeddable":true,"href":"https:\/\/www.europesays.com\/es\/wp-json\/wp\/v2\/categories?post=735137"},{"taxonomy":"post_tag","embeddable":true,"href":"https:\/\/www.europesays.com\/es\/wp-json\/wp\/v2\/tags?post=735137"}],"curies":[{"name":"wp","href":"https:\/\/api.w.org\/{rel}","templated":true}]}}