{"id":735145,"date":"2026-08-28T06:37:13","date_gmt":"2026-08-28T06:37:13","guid":{"rendered":"https:\/\/www.europesays.com\/es\/735145\/"},"modified":"2026-08-28T06:37:13","modified_gmt":"2026-08-28T06:37:13","slug":"ultima-hora-de-la-entrada-de-inmigrantes-a-ceuta-en-directo-marlaska-y-albares-acuden-al-congreso-tras-una-noche-de-incidentes-en-ceuta-espana","status":"publish","type":"post","link":"https:\/\/www.europesays.com\/es\/735145\/","title":{"rendered":"\u00daltima hora de la entrada de inmigrantes a Ceuta, en directo | Marlaska y Albares acuden al Congreso tras una noche de incidentes en Ceuta | Espa\u00f1a"},"content":{"rendered":"<p class=\"ev-title\">Inquietud entre los docentes de Ceuta a cinco d\u00edas del inicio del curso escolar<\/p>\n<p>Los profesores de Ceuta siguen intranquilos a cinco d\u00edas de su regreso al trabajo, el pr\u00f3ximo 1 de septiembre, a la espera de las medidas de seguridad anunciadas por el Ministerio de Educaci\u00f3n y en medio de una crisis a la que no ven un horizonte de resoluci\u00f3n, motivo por el que piden certezas y ayuda psicol\u00f3gica generalizada.<\/p>\n<p>As\u00ed lo han reiterado a EFE representantes sindicales, despu\u00e9s de que la Junta de Personal Docente No Universitario de Ceuta, \u00f3rgano de representaci\u00f3n del profesorado, pidiera que el refuerzo de seguridad anunciado por el secretario de Estado de Educaci\u00f3n, Abelardo de la Rosa, se adelantara del d\u00eda 8 \u2014inicio del curso escolar\u2014 al pr\u00f3ximo martes, es decir, cuando se incorporan a los centros los profesores y el personal no docente.<\/p>\n<p>\u201cEn Ceuta la crisis no ha finalizado. No es como una cat\u00e1strofe, en la que termina la situaci\u00f3n y se camina hacia la recuperaci\u00f3n. Nosotros no sabemos cu\u00e1ndo va a acabar\u201d, explica a EFE para contextualizar la inquietud Mar\u00eda Trinidad Meg\u00edas, de UGT. \u201cSon muchos d\u00edas, muchos d\u00edas de tener miedo y de tener adem\u00e1s una sensaci\u00f3n de abandono. Eso lleva a una crispaci\u00f3n enorme. Es el problema grave\u201d, a\u00f1ade la representante sindical.<\/p>\n","protected":false},"excerpt":{"rendered":"Inquietud entre los docentes de Ceuta a cinco d\u00edas del inicio del curso escolar Los profesores de Ceuta&hellip;\n","protected":false},"author":2,"featured_media":735146,"comment_status":"","ping_status":"","sticky":false,"template":"","format":"standard","meta":{"footnotes":""},"categories":[8],"tags":[17,18,4486,25,24,13,14,14341,11,590,895,15398,125793,19,20,4485,892,9,10,15,16,2959,956,1699,23,12,21,22],"class_list":["post-735145","post","type-post","status-publish","format-standard","has-post-thumbnail","category-espana","tag-breaking-news","tag-breakingnews","tag-ceuta","tag-es","tag-espana","tag-featured-news","tag-featurednews","tag-fernando-grande-marlaska","tag-headlines","tag-inmigracion","tag-inmigracion-irregular","tag-inmigracion-irregular-espana","tag-juan-jesus-vivas","tag-latest-news","tag-latestnews","tag-marruecos","tag-migracion","tag-news","tag-noticias","tag-noticias-destacadas","tag-noticiasdestacadas","tag-pedro-sanchez","tag-pp","tag-psoe","tag-spain","tag-titulares","tag-ultimas-noticias","tag-ultimasnoticias"],"share_on_mastodon":{"url":"","error":""},"_links":{"self":[{"href":"https:\/\/www.europesays.com\/es\/wp-json\/wp\/v2\/posts\/735145","targetHints":{"allow":["GET"]}}],"collection":[{"href":"https:\/\/www.europesays.com\/es\/wp-json\/wp\/v2\/posts"}],"about":[{"href":"https:\/\/www.europesays.com\/es\/wp-json\/wp\/v2\/types\/post"}],"author":[{"embeddable":true,"href":"https:\/\/www.europesays.com\/es\/wp-json\/wp\/v2\/users\/2"}],"replies":[{"embeddable":true,"href":"https:\/\/www.europesays.com\/es\/wp-json\/wp\/v2\/comments?post=735145"}],"version-history":[{"count":0,"href":"https:\/\/www.europesays.com\/es\/wp-json\/wp\/v2\/posts\/735145\/revisions"}],"wp:featuredmedia":[{"embeddable":true,"href":"https:\/\/www.europesays.com\/es\/wp-json\/wp\/v2\/media\/735146"}],"wp:attachment":[{"href":"https:\/\/www.europesays.com\/es\/wp-json\/wp\/v2\/media?parent=735145"}],"wp:term":[{"taxonomy":"category","embeddable":true,"href":"https:\/\/www.europesays.com\/es\/wp-json\/wp\/v2\/categories?post=735145"},{"taxonomy":"post_tag","embeddable":true,"href":"https:\/\/www.europesays.com\/es\/wp-json\/wp\/v2\/tags?post=735145"}],"curies":[{"name":"wp","href":"https:\/\/api.w.org\/{rel}","templated":true}]}}