{"id":735153,"date":"2026-08-28T06:47:23","date_gmt":"2026-08-28T06:47:23","guid":{"rendered":"https:\/\/www.europesays.com\/es\/735153\/"},"modified":"2026-08-28T06:47:23","modified_gmt":"2026-08-28T06:47:23","slug":"el-1x1-del-barca-ante-el-athletic","status":"publish","type":"post","link":"https:\/\/www.europesays.com\/es\/735153\/","title":{"rendered":"El 1&#215;1 del Bar\u00e7a ante el Athletic"},"content":{"rendered":"<p class=\"ft-text\"><a class=\"ft-link ft-link--decoration\" href=\"https:\/\/www.sport.es\/es\/noticias\/barca\/barcelona-athletic-club-directo-partido-133711541\" rel=\"nofollow noopener\" target=\"_blank\">El Bar\u00e7a jug\u00f3 un encuentro en el que mostr\u00f3 un muy buen nivel<\/a>, aunque le falt\u00f3 algo de precisi\u00f3n en las acciones finales para irse con mayor ventaja en el marcador al descanso, al que lleg\u00f3 con ventaja m\u00ednima tras el gol de <strong>Raphinha<\/strong>. El once de <strong>Hansi Flick<\/strong>, con tres cambios respecto al d\u00eda del Elche, se present\u00f3 sobrio e intenso sobre el c\u00e9sped.<\/p>\n<p class=\"ft-text\">Raphinha jug\u00f3 un partidazo como nueve, mientras que Ferm\u00edn, Gordon y Pedri pusieron f\u00fatbol para aburrir, como <strong>Lamine Yamal<\/strong>. Tambi\u00e9n en defensa estuvo seguro el equipo. Muy buen primer tiempo que tuvo el premio en el gol de <strong>Raphinha <\/strong>tras una extraordinaria asistencia de Pedri. Antes hab\u00eda rematado al palo de cabeza.<\/p>\n<p class=\"ft-text\">Bernal tambi\u00e9n se la puso a Lamine, que se qued\u00f3 solo ante Unai Sim\u00f3n, que rechaz\u00f3 a c\u00f3rner cuando ten\u00eda a su lado a Gordon. Una jugada similar a la del ingl\u00e9s y Ferm\u00edn en Elche que no acab\u00f3 igual. Quien s\u00ed volvi\u00f3 a ver puerta fue el de El Campillo gracias a un error grave de Laporte. Lo celebr\u00f3 bes\u00e1ndose el escudo. El Bar\u00e7a sufri\u00f3 poco, aunque debi\u00f3 cerrar el triunfo antes.<\/p>\n<p class=\"ft-text\"><strong>Estas son las notas de los futbolistas del Bar\u00e7a ante el Athletic Club<\/strong>:<\/p>\n<p><img decoding=\"async\" src=\"https:\/\/www.europesays.com\/es\/wp-content\/uploads\/2026\/08\/4bdbe3b0-4940-4e0e-8c76-4cdc453cd577_source-aspect-ratio_default_0.webp\" width=\"80\" height=\"80\" alt=\"Joan Garcia, Portero\" class=\"ft-mol-boxInfo--score__image\" loading=\"eager\"\/>7<\/p>\n<p class=\"ft-mol-boxInfo--score__subtitle\">Sereno<\/p>\n<p class=\"ft-text\">Es un hombre tranquilo y no duda nunca. El Athletic apret\u00f3 poco y, cuando lo hizo y fue necesario, ah\u00ed estuvo Joan Garcia para poner paz, como en alguna salida salvadora. El rival no inquiet\u00f3 demasiado.<\/p>\n<p><img decoding=\"async\" src=\"https:\/\/www.europesays.com\/es\/wp-content\/uploads\/2026\/08\/eea8da78-77ef-4c9e-a71b-42fd250e1808_source-aspect-ratio_default_0.webp\" width=\"80\" height=\"80\" alt=\"Eric Garcia, Defensa\" class=\"ft-mol-boxInfo--score__image\" loading=\"eager\"\/>7<\/p>\n<p class=\"ft-mol-boxInfo--score__subtitle\">Multiplicado<\/p>\n<p class=\"ft-text\">Con Nico Williams por su banda, dio la sensaci\u00f3n de que tendr\u00eda mucho trabajo en defensa, y en parte fue as\u00ed, pero tuvo tiempo para sumarse al ataque e intentarlo con un remate de cabeza y dejar solos en ataque a varios de sus compa\u00f1eros. Si hace algo mal, no se nota. Jugadorazo.<\/p>\n<p><img decoding=\"async\" src=\"https:\/\/www.europesays.com\/es\/wp-content\/uploads\/2026\/08\/ba4d9b57-b4df-42f7-9cdf-082e4efa5172_source-aspect-ratio_default_0.webp\" width=\"80\" height=\"80\" alt=\"Pau Cubars\u00ed, Defensa\" class=\"ft-mol-boxInfo--score__image\" loading=\"eager\"\/>8<\/p>\n<p class=\"ft-mol-boxInfo--score__subtitle\">Jefazo<\/p>\n<p class=\"ft-text\">Es quien manda en la l\u00ednea de atr\u00e1s. Por posici\u00f3n y, ya tambi\u00e9n, por jerarqu\u00eda. La edad es solo un n\u00famero para un futbolista que cerr\u00f3 espacios, dio continuidad y rompi\u00f3 l\u00edneas con esos pases suyos tan cortantes. Dio un recital e intent\u00f3 un gol de chilena. De locos.<\/p>\n<p><img decoding=\"async\" src=\"https:\/\/www.europesays.com\/es\/wp-content\/uploads\/2026\/08\/1a7cf450-303c-4e8b-9227-69034b48ddcb_source-aspect-ratio_default_0.webp\" width=\"80\" height=\"80\" alt=\"Gerard Mart\u00edn, Defensa\" class=\"ft-mol-boxInfo--score__image\" loading=\"eager\"\/>7<\/p>\n<p class=\"ft-mol-boxInfo--score__subtitle\">Rectificador<\/p>\n<p class=\"ft-text\">Es un t\u00edo calmado, pero sobre el c\u00e9sped no se cansa de dar instrucciones y corregir posiciones. Ha ganado peso en el equipo y se nota. Se le ve con confianza y corta por alto y por bajo, aunque cometi\u00f3 un par de errores. El primero cost\u00f3 la amarilla a Espart y en el segundo, \u00e9l mismo solucion\u00f3 el marr\u00f3n. Se le perdona, faltar\u00eda m\u00e1s.<\/p>\n<p><img decoding=\"async\" src=\"https:\/\/www.europesays.com\/es\/wp-content\/uploads\/2026\/08\/ac2f8616-519a-4e47-ab3d-d0cf9cd0cef3_source-aspect-ratio_default_0.webp\" width=\"80\" height=\"80\" alt=\"Xavi Espart, Defensa\" class=\"ft-mol-boxInfo--score__image\" loading=\"eager\"\/>7<\/p>\n<p class=\"ft-mol-boxInfo--score__subtitle\">Mimado<\/p>\n<p class=\"ft-text\">Porque se lo est\u00e1 ganando. Es pronto para asegurarlo al cien por cien, pero da la sensaci\u00f3n de que si no baja el nivel, el lateral zurdo puede ser suyo. Ante el Athletic volvi\u00f3 a demostrar que el juego del Bar\u00e7a no tiene secretos para \u00e9l. Inteligente y concentrado, vio la amarilla evitando un mano a mano de I\u00f1aki Williams.<\/p>\n<p><img decoding=\"async\" src=\"https:\/\/www.europesays.com\/es\/wp-content\/uploads\/2026\/08\/4ea94c36-a93d-428e-8324-fbbb779ae070_source-aspect-ratio_default_0.webp\" width=\"80\" height=\"80\" alt=\"Marc Bernal, Centrocampista\" class=\"ft-mol-boxInfo--score__image\" loading=\"eager\"\/>7<\/p>\n<p class=\"ft-mol-boxInfo--score__subtitle\">Liberado<\/p>\n<p class=\"ft-text\">Le cost\u00f3 tener continuidad en el primer tiempo porque no le llegaban demasiados balones. El Athletic le enjaul\u00f3, pero no dej\u00f3 de pedirla nunca y trabaj\u00f3 much\u00edsimo a nivel defensivo para liberarse. En el \u00faltimo cuarto de hora se desat\u00f3 el vendaval futbol\u00edstico. Un festival. Hasta que fue sustituido por Rodri.<\/p>\n<p><img decoding=\"async\" src=\"https:\/\/www.europesays.com\/es\/wp-content\/uploads\/2026\/08\/9a00e1c7-eef6-4d1d-b46b-81ee21c286ef_source-aspect-ratio_default_0.webp\" width=\"80\" height=\"80\" alt=\"Pedri, Centrocampista\" class=\"ft-mol-boxInfo--score__image\" loading=\"eager\"\/>8<\/p>\n<p class=\"ft-mol-boxInfo--score__subtitle\">Delicatessen<\/p>\n<p class=\"ft-text\">Algo parecido a lo de Bernal le ocurri\u00f3 al de Tegueste, cuyo f\u00fatbol brilla cuanto m\u00e1s contacto tiene con el bal\u00f3n. Tambi\u00e9n entendi\u00f3 Terzic que por ah\u00ed estaba el peligro blaugrana, pero es que Pedri necesita muy poco para brillar y dej\u00f3 detalles de genio. Asistencia &#8216;gourmet&#8217; a Raphinha. Tambi\u00e9n le anularon un gol por un supuesto fuera de juego previo de Lamine. \u00a1Qu\u00e9 maravilla de jugador!<\/p>\n<p><img decoding=\"async\" src=\"https:\/\/www.europesays.com\/es\/wp-content\/uploads\/2026\/08\/bb4ab3f6-9334-4c85-86e0-455228297009_source-aspect-ratio_default_0.webp\" width=\"80\" height=\"80\" alt=\"Ferm\u00edn L\u00f3pez, Centrocampista\" class=\"ft-mol-boxInfo--score__image\" loading=\"eager\"\/>8<\/p>\n<p class=\"ft-mol-boxInfo--score__subtitle\">Extensivo<\/p>\n<p class=\"ft-text\">Estuvo en todas partes y en todo momento, dando continuidad en el centro del campo, desmarc\u00e1ndose con peligro, ayudando en la presi\u00f3n, por arriba, por abajo, por dentro&#8230; Es un portento f\u00edsico y, adem\u00e1s, va sobrado de calidad. Marc\u00f3 el gol m\u00e1s f\u00e1cil de su vida. Tambi\u00e9n vale y lo celebr\u00f3 bes\u00e1ndose el escudo. \u00a1Grande Ferminator!<\/p>\n<p><img decoding=\"async\" src=\"https:\/\/www.europesays.com\/es\/wp-content\/uploads\/2026\/08\/c8ccd175-2d7c-487c-8c63-e729e200cbf8_source-aspect-ratio_default_0.webp\" width=\"80\" height=\"80\" alt=\"Lamine Yamal, Delantero\" class=\"ft-mol-boxInfo--score__image\" loading=\"eager\"\/>7<\/p>\n<p class=\"ft-mol-boxInfo--score__subtitle\">Buscado<\/p>\n<p class=\"ft-text\">No dej\u00f3 de intentarlo, de abrirse y disparar al palo largo, de buscar compa\u00f1eros en la frontal, de ponerlas en el \u00e1rea. Mereci\u00f3 el gol o la asistencia y, cuando m\u00e1s participaba, m\u00e1s peligro generaba el Bar\u00e7a. Por eso todos le buscan. Tuvo un mano a mano con Unai Sim\u00f3n que mereci\u00f3 acabar en gol. Parad\u00f3n. Tras el descanso sigui\u00f3 a lo suyo, estrell\u00f3 un bal\u00f3n en el larguero y dej\u00f3 detalles callejeros.<\/p>\n<p><img decoding=\"async\" src=\"https:\/\/www.europesays.com\/es\/wp-content\/uploads\/2026\/08\/46c94b9e-a6f1-4710-b646-ad55c9397b62_source-aspect-ratio_default_0.webp\" width=\"80\" height=\"80\" alt=\"Raphinha, Delantero\" class=\"ft-mol-boxInfo--score__image\" loading=\"eager\"\/>8<\/p>\n<p class=\"ft-mol-boxInfo--score__subtitle\">Acolchado<\/p>\n<p class=\"ft-text\">Cada vez se le ve m\u00e1s c\u00f3modo como delantero centro porque ha entendido la movilidad que requiere la posici\u00f3n. Remat\u00f3 de cabeza al palo, habilit\u00f3 a Lamine varias veces, se entendi\u00f3 con Ferm\u00edn y con Gordon. Una maravilla que mereci\u00f3 la ovaci\u00f3n del Camp Nou cuando fue sustituido.<\/p>\n<p><img decoding=\"async\" src=\"https:\/\/www.europesays.com\/es\/wp-content\/uploads\/2026\/08\/captura-de-pantalla-2026-08-23-215705.png\" width=\"80\" height=\"80\" alt=\"Gordon, Delantero\" class=\"ft-mol-boxInfo--score__image\" loading=\"eager\"\/>7<\/p>\n<p class=\"ft-mol-boxInfo--score__subtitle\">&#8216;Unodinoi&#8217;<\/p>\n<p class=\"ft-text\">Lo hizo todo pr\u00e1cticamente bien, es decir, que le falt\u00f3 un puntito para que todas sus jugadas fueran limpias. Es cuesti\u00f3n de tiempo que as\u00ed sea, cuesti\u00f3n de ritmo solo porque ha entendido su funci\u00f3n por banda izquierda. No entendi\u00f3 que Lamine no se la diera en una jugada parecida a la suya con Ferm\u00edn en Elche. Ha ca\u00eddo de pie.<\/p>\n<p><img decoding=\"async\" src=\"https:\/\/www.europesays.com\/es\/wp-content\/uploads\/2026\/08\/captura-de-pantalla-2026-08-27-225323.png\" width=\"80\" height=\"80\" alt=\"Rodrigo Hern\u00e1ndez, Centrocampista\" class=\"ft-mol-boxInfo--score__image\" loading=\"eager\"\/>6<\/p>\n<p class=\"ft-mol-boxInfo--score__subtitle\">Bienvenido<\/p>\n<p class=\"ft-text\">Le dijo a Florentino que gracias, pero que a \u00e9l le gusta jugar a f\u00fatbol. Y eso el Camp Nou siempre lo agradece. Entr\u00f3 por Bernal y recibi\u00f3 una ovaci\u00f3n cerrada. Los catalanes son gente que sabe acoger, que recibe con los brazos abiertos a quienes deciden ser parte de esto.<\/p>\n<p><img decoding=\"async\" src=\"https:\/\/www.europesays.com\/es\/wp-content\/uploads\/2026\/08\/7a21b258-778f-4dd3-85eb-c0a5f0177b99_source-aspect-ratio_default_0.webp\" width=\"80\" height=\"80\" alt=\"Dani Olmo, Centrocampista\" class=\"ft-mol-boxInfo--score__image\" loading=\"eager\"\/>6<\/p>\n<p class=\"ft-mol-boxInfo--score__subtitle\">Golpeado<\/p>\n<p class=\"ft-text\">Sali\u00f3 a retener el bal\u00f3n y casi le cuesta la pierna porque recibi\u00f3 un par de coces peligrosas. Le sobra el f\u00fatbol y tambi\u00e9n sabe sufrir cuando toca. Fue quien m\u00e1s puso para ir, primero a por el segundo y, luego, a por el tercero.<\/p>\n<p><img decoding=\"async\" src=\"https:\/\/www.europesays.com\/es\/wp-content\/uploads\/2026\/08\/78c72b42-142c-4fa3-add9-7903f11b5af9_source-aspect-ratio_default_0.webp\" width=\"80\" height=\"80\" alt=\"Jules Kound\u00e9, Defensa\" class=\"ft-mol-boxInfo--score__image\" loading=\"eager\"\/>6<\/p>\n<p class=\"ft-mol-boxInfo--score__subtitle\">Suplente<\/p>\n<p class=\"ft-text\">Parece que \u00c8ric Garcia le ha ganado la partida y tuvo minutos m\u00e1s para dar descanso al canterano que por razones t\u00e1cticas. Deber\u00e1 dar un paso al frente si quiere ser importante.<\/p>\n<p><img decoding=\"async\" src=\"https:\/\/www.europesays.com\/es\/wp-content\/uploads\/2026\/08\/captura-de-pantalla-2026-08-23-215645.png\" width=\"80\" height=\"80\" alt=\"Adeyemi, Delantero\" class=\"ft-mol-boxInfo--score__image\" loading=\"eager\"\/>6<\/p>\n<p class=\"ft-mol-boxInfo--score__subtitle\">Motivado<\/p>\n<p class=\"ft-text\">Da igual que salga de titular o suplente. Lo da todo. Tuvo un remate en el que Unai realiz\u00f3 un parad\u00f3n imposible, aunque habr\u00eda sido anulado por fuera de juego.<\/p>\n<p><img decoding=\"async\" src=\"https:\/\/www.europesays.com\/es\/wp-content\/uploads\/2026\/08\/ac6b3ea8-28b3-40cc-84fc-6ba0ee1800a4_source-aspect-ratio_default_0.webp\" width=\"80\" height=\"80\" alt=\"Joao Cancelo, Defensa\" class=\"ft-mol-boxInfo--score__image\" loading=\"eager\"\/>6<\/p>\n<p class=\"ft-mol-boxInfo--score__subtitle\">Reubicador<\/p>\n<p class=\"ft-text\">Sali\u00f3 los \u00faltimos diez minutos por Pedri, que necesitaba un respiro, y Espart se situ\u00f3 en el centro del campo. Correcto el rato que estuvo.<\/p>\n","protected":false},"excerpt":{"rendered":"El Bar\u00e7a jug\u00f3 un encuentro en el que mostr\u00f3 un muy buen nivel, aunque le falt\u00f3 algo de&hellip;\n","protected":false},"author":2,"featured_media":735154,"comment_status":"","ping_status":"","sticky":false,"template":"","format":"standard","meta":{"footnotes":""},"categories":[268],"tags":[10306,2182,2296,168,25,24,881,280,282,281,23,167],"class_list":["post-735153","post","type-post","status-publish","format-standard","has-post-thumbnail","category-futbol","tag-1x1","tag-athletic","tag-barca","tag-deportes","tag-es","tag-espana","tag-fc-barcelona","tag-football","tag-futbol","tag-soccer","tag-spain","tag-sports"],"share_on_mastodon":{"url":"https:\/\/pubeurope.com\/@es\/117171798674894566","error":""},"_links":{"self":[{"href":"https:\/\/www.europesays.com\/es\/wp-json\/wp\/v2\/posts\/735153","targetHints":{"allow":["GET"]}}],"collection":[{"href":"https:\/\/www.europesays.com\/es\/wp-json\/wp\/v2\/posts"}],"about":[{"href":"https:\/\/www.europesays.com\/es\/wp-json\/wp\/v2\/types\/post"}],"author":[{"embeddable":true,"href":"https:\/\/www.europesays.com\/es\/wp-json\/wp\/v2\/users\/2"}],"replies":[{"embeddable":true,"href":"https:\/\/www.europesays.com\/es\/wp-json\/wp\/v2\/comments?post=735153"}],"version-history":[{"count":0,"href":"https:\/\/www.europesays.com\/es\/wp-json\/wp\/v2\/posts\/735153\/revisions"}],"wp:featuredmedia":[{"embeddable":true,"href":"https:\/\/www.europesays.com\/es\/wp-json\/wp\/v2\/media\/735154"}],"wp:attachment":[{"href":"https:\/\/www.europesays.com\/es\/wp-json\/wp\/v2\/media?parent=735153"}],"wp:term":[{"taxonomy":"category","embeddable":true,"href":"https:\/\/www.europesays.com\/es\/wp-json\/wp\/v2\/categories?post=735153"},{"taxonomy":"post_tag","embeddable":true,"href":"https:\/\/www.europesays.com\/es\/wp-json\/wp\/v2\/tags?post=735153"}],"curies":[{"name":"wp","href":"https:\/\/api.w.org\/{rel}","templated":true}]}}