{"id":735161,"date":"2026-08-28T06:54:29","date_gmt":"2026-08-28T06:54:29","guid":{"rendered":"https:\/\/www.europesays.com\/es\/735161\/"},"modified":"2026-08-28T06:54:29","modified_gmt":"2026-08-28T06:54:29","slug":"esteladas-en-el-camp-nou-y-los-8-campeones-del-mundo-del-barca-se-quedan-sin-homenaje","status":"publish","type":"post","link":"https:\/\/www.europesays.com\/es\/735161\/","title":{"rendered":"Esteladas en el Camp Nou y los 8 campeones del mundo del Bar\u00e7a se quedan sin homenaje"},"content":{"rendered":"<p>Numerosos aficionados acudieron al partido contra el Athletic con banderas independentistas tras el incidente del pasado domingo. La ANC anunci\u00f3 el reparto de 10.000 esteladas y durante el encuentro se escucharon gritos de &#8216;Independ\u00e8ncia&#8217;.<\/p>\n<p>Las esteladas se convirtieron este jueves en una de las im\u00e1genes protagonistas del regreso del f\u00fatbol al Camp Nou. Numerosos aficionados del FC Barcelona acudieron al encuentro frente al Athletic Club con banderas independentistas como protesta por la actuaci\u00f3n de la Polic\u00eda Nacional contra un seguidor azulgrana el pasado domingo en Elche.<\/p>\n<p>Desde varias horas antes del encuentro ya pod\u00edan verse esteladas en los alrededores y posteriormente en diferentes sectores de las gradas. Las ense\u00f1as independentistas se mezclaron con camisetas de la &#8216;senyera&#8217;, bufandas y banderas del Bar\u00e7a hasta dejar una estampa que se hab\u00eda vuelto menos habitual durante los \u00faltimos tiempos en el estadio, aunque nunca hab\u00eda desaparecido por completo.<\/p>\n<p>Esta vez, la presencia fue mucho m\u00e1s numerosa. Muchos aficionados acudieron directamente con esteladas en la mano o colgadas al cuello en respuesta a lo ocurrido cuatro d\u00edas antes.<\/p>\n<p>Reparto de 10.000 esteladas<\/p>\n<p>La protesta comenz\u00f3 a tomar forma mucho antes del pitido inicial. La Assemblea Nacional Catalana (ANC), una de las organizaciones que hab\u00eda promovido la movilizaci\u00f3n, instal\u00f3 diferentes puntos en los alrededores del Camp Nou para repartir esteladas de cart\u00f3n.<\/p>\n<p>La organizaci\u00f3n hab\u00eda anunciado previamente su intenci\u00f3n de distribuir 10.000 unidades entre los aficionados que acudieran al partido. Unos pocos, no obstante, optaron por repartir banderas de Espa\u00f1a entre los hinchas.<\/p>\n<p>El momento de mayor visibilidad lleg\u00f3 justo antes del comienzo del encuentro. Cuando empezaron a sonar las primeras notas del himno del Barcelona, numerosas esteladas se levantaron simult\u00e1neamente en diferentes sectores de las gradas.<\/p>\n<p>Durante los proleg\u00f3menos y el partido tambi\u00e9n pudieron escucharse c\u00e1nticos como &#8216;Independ\u00e8ncia&#8217; y &#8216;Visca el Bar\u00e7a, visca Catalunya&#8217;.<\/p>\n<p>El origen de la protesta, en Elche<\/p>\n<p>La movilizaci\u00f3n tiene su origen en el incidente ocurrido el pasado domingo antes del partido entre el Elche y el Barcelona.<\/p>\n<p>Varios agentes de la Polic\u00eda Nacional retiraron una estelada a un joven aficionado azulgrana. Cuando este intent\u00f3 recuperarla se produjo un forcejeo que termin\u00f3 con el seguidor en el suelo mientras varios polic\u00edas le golpeaban.<\/p>\n<p>Las im\u00e1genes fueron grabadas y posteriormente difundidas en las redes sociales, donde provocaron una importante pol\u00e9mica. La Polic\u00eda Nacional abri\u00f3 una investigaci\u00f3n para esclarecer lo sucedido.<\/p>\n<p>El Barcelona denunci\u00f3 un \u00abuso desproporcionado\u00bb<\/p>\n<p>El Barcelona se posicion\u00f3 p\u00fablicamente despu\u00e9s del incidente. El club difundi\u00f3 un comunicado en el que calific\u00f3 de \u00abuso desproporcionado\u00bb la actuaci\u00f3n policial y mostr\u00f3 su rechazo a las im\u00e1genes protagonizadas por su aficionado.<\/p>\n<p>Joan Laporta fue posteriormente m\u00e1s contundente y reclam\u00f3 que, una vez esclarecidos los hechos, <a title=\"existan consecuencias para los agentes implicados\" href=\"https:\/\/www.antena3.com\/noticias\/deportes\/futbol\/barcelona-sustituye-homenaje-sus-8-campeones-mundo-exaltacion-estelada_202608266a8ef8272bcaf82098ee26cf.html\" target=\"_blank\" rel=\"nofollow noopener\"><b>existan consecuencias para los agentes implicados<\/b><\/a>.<\/p>\n<p>El presidente azulgrana tambi\u00e9n defendi\u00f3 p\u00fablicamente el derecho de los aficionados a exhibir esteladas de forma pac\u00edfica y anticip\u00f3 que el encuentro frente al Athletic pod\u00eda convertirse en \u00abun acto de exaltaci\u00f3n de la estelada\u00bb.<\/p>\n<p>Sin homenaje a los 8 campeones del mundo<\/p>\n<p>La tensi\u00f3n generada por lo sucedido en Elche tuvo adem\u00e1s otra consecuencia antes del encuentro.<\/p>\n<p>El Barcelona decidi\u00f3 cancelar el homenaje que la Real Federaci\u00f3n Espa\u00f1ola de F\u00fatbol hab\u00eda propuesto realizar a los ocho futbolistas de la primera plantilla azulgrana que conquistaron el Mundial con Espa\u00f1a: Joan Garcia, Eric Garcia, Pedri, Pau Cubars\u00ed, Gavi, Rodri Hern\u00e1ndez, Dani Olmo y Lamine Yamal.<\/p>\n<p>Laporta justific\u00f3 la decisi\u00f3n al considerar que \u00abno se da el contexto, ni es el momento m\u00e1s apropiado\u00bb para realizar el reconocimiento y explic\u00f3 que la RFEF hab\u00eda entendido la postura del club.<\/p>\n<p>As\u00ed, <a title=\"sin homenaje a los campeones del mundo\" href=\"https:\/\/www.antena3.com\/noticias\/deportes\/futbol\/barcelona-sustituye-homenaje-sus-8-campeones-mundo-exaltacion-estelada_202608266a8ef8272bcaf82098ee26cf.html\" target=\"_blank\" rel=\"nofollow noopener\"><b>sin homenaje a los campeones del mundo<\/b><\/a> y con miles de esteladas repartidas en los alrededores, el f\u00fatbol regres\u00f3 al Camp Nou 103 d\u00edas despu\u00e9s.<\/p>\n<p>Una vuelta en la que el partido contra el Athletic comparti\u00f3 protagonismo con las gradas, donde las banderas y los c\u00e1nticos convirtieron la protesta por lo sucedido en Elche en una de las grandes im\u00e1genes de la noche.<\/p>\n<p><img alt=\"Juli\u00e1n Alvarez, en el banquillo del Metropolitano\" width=\"472\" height=\"266\" src=\"https:\/\/www.europesays.com\/es\/wp-content\/uploads\/2026\/08\/julian-alvarez-banquillo-metropolitano_177.jpg\" loading=\"lazy\" class=\"lazy video-main-picture\"  decoding=\"async\" \/><\/p>\n","protected":false},"excerpt":{"rendered":"Numerosos aficionados acudieron al partido contra el Athletic con banderas independentistas tras el incidente del pasado domingo. La&hellip;\n","protected":false},"author":2,"featured_media":735162,"comment_status":"","ping_status":"","sticky":false,"template":"","format":"standard","meta":{"footnotes":""},"categories":[93],"tags":[210,15927,121974,168,25,24,130537,23,167],"class_list":["post-735161","post","type-post","status-publish","format-standard","has-post-thumbnail","category-deportes","tag-barcelona","tag-camp-nou","tag-campeones-del-mundo","tag-deportes","tag-es","tag-espana","tag-esteladas","tag-spain","tag-sports"],"share_on_mastodon":{"url":"https:\/\/pubeurope.com\/@es\/117171826473663704","error":""},"_links":{"self":[{"href":"https:\/\/www.europesays.com\/es\/wp-json\/wp\/v2\/posts\/735161","targetHints":{"allow":["GET"]}}],"collection":[{"href":"https:\/\/www.europesays.com\/es\/wp-json\/wp\/v2\/posts"}],"about":[{"href":"https:\/\/www.europesays.com\/es\/wp-json\/wp\/v2\/types\/post"}],"author":[{"embeddable":true,"href":"https:\/\/www.europesays.com\/es\/wp-json\/wp\/v2\/users\/2"}],"replies":[{"embeddable":true,"href":"https:\/\/www.europesays.com\/es\/wp-json\/wp\/v2\/comments?post=735161"}],"version-history":[{"count":0,"href":"https:\/\/www.europesays.com\/es\/wp-json\/wp\/v2\/posts\/735161\/revisions"}],"wp:featuredmedia":[{"embeddable":true,"href":"https:\/\/www.europesays.com\/es\/wp-json\/wp\/v2\/media\/735162"}],"wp:attachment":[{"href":"https:\/\/www.europesays.com\/es\/wp-json\/wp\/v2\/media?parent=735161"}],"wp:term":[{"taxonomy":"category","embeddable":true,"href":"https:\/\/www.europesays.com\/es\/wp-json\/wp\/v2\/categories?post=735161"},{"taxonomy":"post_tag","embeddable":true,"href":"https:\/\/www.europesays.com\/es\/wp-json\/wp\/v2\/tags?post=735161"}],"curies":[{"name":"wp","href":"https:\/\/api.w.org\/{rel}","templated":true}]}}