{"id":735165,"date":"2026-08-28T06:56:34","date_gmt":"2026-08-28T06:56:34","guid":{"rendered":"https:\/\/www.europesays.com\/es\/735165\/"},"modified":"2026-08-28T06:56:34","modified_gmt":"2026-08-28T06:56:34","slug":"murio-peter-cullen-prolifico-actor-de-voz-que-dio-a-optimus-prime-su-baritono-autoritario","status":"publish","type":"post","link":"https:\/\/www.europesays.com\/es\/735165\/","title":{"rendered":"Muri\u00f3 Peter Cullen, prol\u00edfico actor de voz que dio a Optimus Prime su bar\u00edtono autoritario"},"content":{"rendered":"<p>NUEVA YORK (AP) \u2014 Peter Cullen, un prol\u00edfico actor de voz que dio vida a decenas de personajes en series de televisi\u00f3n, especiales y pel\u00edculas, entre ellas Optimus Prime en la serie de 1984 \u201cTransformers\u201d e \u00cdgor en la franquicia de dibujos animados de Winnie the Pooh, ha muerto. Ten\u00eda 85 a\u00f1os.<\/p>\n<p>Su agente, Kevin Motley, inform\u00f3 que Cullen muri\u00f3 el mi\u00e9rcoles en su casa de Los \u00c1ngeles. \u201cSu familia pide que honren su extraordinario legado sirviendo a sus comunidades y guiando a otros con compasi\u00f3n, integridad y lealtad, y recuerden siempre: \u2018sean lo bastante fuertes como para ser amables\u2019\u201d, se\u00f1alaron sus familiares en un comunicado.<\/p>\n<p>La carrera de Cullen abarc\u00f3 desde ser locutor en la innovadora serie de comedia y variedades de finales de la d\u00e9cada de 1960 \u201cThe Smothers Brothers Comedy Hour\u201d hasta \u201cThe Smurfs\u201d (\u201cLos Pitufos\u201d) y m\u00faltiples versiones de G.I. Joe, pero fue como Optimus Prime que toc\u00f3 una fibra especial.<\/p>\n<p>Aunque la caricatura original se emiti\u00f3 solo unos pocos a\u00f1os, dej\u00f3 una huella indeleble en la cultura pop, con una l\u00ednea de juguetes, series animadas derivadas y c\u00f3mics producidos durante las dos d\u00e9cadas siguientes. Eso culmin\u00f3 con el lanzamiento en 2007 de una franquicia cinematogr\u00e1fica de acci\u00f3n real de miles de millones de d\u00f3lares, a cargo de Michael Bay.<\/p>\n<p>Antes de su audici\u00f3n, Cullen solo sab\u00eda que leer\u00eda para el papel de un cami\u00f3n, aunque ponerle voz a un veh\u00edculo no le parec\u00eda tan descabellado.\u201cEn animaci\u00f3n siempre est\u00e1s audicionando para algo que se sale un poco de lo normal\u201d, dijo Cullen a AP en 2019.<\/p>\n<p>Cuando Cullen ley\u00f3 sobre el heroico l\u00edder Autobot que se transformaba en un semirremolque rojo con cabina sobre el motor, pens\u00f3 en su hermano mayor, que hab\u00eda servido como marine de Estados Unidos en la Guerra de Vietnam.<\/p>\n<p>\u201c\u00c9l era mi h\u00e9roe, y sin duda fue el pilar detr\u00e1s del personaje. Yo solo hice una imitaci\u00f3n de Larry, y hoy sigue vivo en mi mente porque cada vez que hago a Prime, ah\u00ed est\u00e1 mi hermano Larry\u201d, se\u00f1al\u00f3 Cullen.<\/p>\n<p>El bar\u00edtono autoritario de Cullen como Optimus Prime tambi\u00e9n apareci\u00f3 desde \u201cTransformers: Revenge of the Fallen\u201d (\u201cTransformers: La venganza de los ca\u00eddos\u201d) de 2009 hasta \u201cDark of the Moon\u201d (\u201cEl lado oscuro de la luna\u201d), \u201cAge of Extinction\u201d (\u201cLa era de la extinci\u00f3n\u201d), \u201cThe Last Knight\u201d (\u201cEl \u00faltimo caballero\u201d), \u201cBumblebee\u201d y \u201cRise of the Beasts\u201d (\u201cEl despertar de las bestias\u201d) en 2023.<\/p>\n<p>Sus frases reflexivas, casi oper\u00e1ticas, ser\u00edan citadas durante d\u00e9cadas por ni\u00f1os y adultos por igual. En la primera pel\u00edcula, dijo: \u201cSoy Optimus Prime, y env\u00edo este mensaje a cualquier Autobot superviviente que se refugie entre las estrellas: estamos aqu\u00ed. Estamos esperando\u201d. En otra, declam\u00f3: \u201cEl destino rara vez nos llama en el momento que elegimos\u201d.<\/p>\n<p>Otros momentos destacados de la prol\u00edfica carrera de Cullen incluyen dar voz a \u00cdgor en diversos proyectos de \u201cWinnie-the-Pooh\u201d, entre ellos la serie de televisi\u00f3n de Disney \u201cThe New Adventures of Winnie the Pooh\u201d (\u201cLas nuevas aventuras de Winnie Pooh\u201d), que se emiti\u00f3 de 1988 a 1991, as\u00ed como interpretar al villano KARR que se opon\u00eda a KITT en la serie de NBC de la d\u00e9cada de 1980 \u201cKnight Rider\u201d (\u201cKit, el auto incre\u00edble\u201d), y prestar su voz a King Kong en la versi\u00f3n de \u201cKing Kong\u201d de 1976 protagonizada por Jeff Bridges.<\/p>\n<p>Cullen asist\u00eda a convenciones por todo el pa\u00eds para encontrarse con fans de varias generaciones, y a menudo se emocionaba hasta las l\u00e1grimas. Coment\u00f3 que a veces los padres se entusiasmaban m\u00e1s que sus hijos al conocerlo.<\/p>\n<p>\u201cEspero encontrarme con un padre con su hijo, y lo m\u00e1s probable es que el padre se emocione\u201d, dijo Cullen antes de MegaCon Orlando en 2019. \u201cY luego yo me emociono, y entonces el ni\u00f1o dice: \u2018\u00bfPor qu\u00e9 estos dos hombres adultos se est\u00e1n emocionando?\u2019\u201d.<\/p>\n<p>A Cullen le sobreviven sus cuatro hijos: Angus, Claire, Pilar y Clay.<\/p>\n","protected":false},"excerpt":{"rendered":"NUEVA YORK (AP) \u2014 Peter Cullen, un prol\u00edfico actor de voz que dio vida a decenas de personajes&hellip;\n","protected":false},"author":2,"featured_media":735166,"comment_status":"","ping_status":"","sticky":false,"template":"","format":"standard","meta":{"footnotes":""},"categories":[91],"tags":[20385,146,147,25,24,2793,10,23],"class_list":["post-735165","post","type-post","status-publish","format-standard","has-post-thumbnail","category-entretenimiento","tag-arts-and-entertainment","tag-entertainment","tag-entretenimiento","tag-es","tag-espana","tag-espectaculos","tag-noticias","tag-spain"],"share_on_mastodon":{"url":"https:\/\/pubeurope.com\/@es\/117171833267209457","error":""},"_links":{"self":[{"href":"https:\/\/www.europesays.com\/es\/wp-json\/wp\/v2\/posts\/735165","targetHints":{"allow":["GET"]}}],"collection":[{"href":"https:\/\/www.europesays.com\/es\/wp-json\/wp\/v2\/posts"}],"about":[{"href":"https:\/\/www.europesays.com\/es\/wp-json\/wp\/v2\/types\/post"}],"author":[{"embeddable":true,"href":"https:\/\/www.europesays.com\/es\/wp-json\/wp\/v2\/users\/2"}],"replies":[{"embeddable":true,"href":"https:\/\/www.europesays.com\/es\/wp-json\/wp\/v2\/comments?post=735165"}],"version-history":[{"count":0,"href":"https:\/\/www.europesays.com\/es\/wp-json\/wp\/v2\/posts\/735165\/revisions"}],"wp:featuredmedia":[{"embeddable":true,"href":"https:\/\/www.europesays.com\/es\/wp-json\/wp\/v2\/media\/735166"}],"wp:attachment":[{"href":"https:\/\/www.europesays.com\/es\/wp-json\/wp\/v2\/media?parent=735165"}],"wp:term":[{"taxonomy":"category","embeddable":true,"href":"https:\/\/www.europesays.com\/es\/wp-json\/wp\/v2\/categories?post=735165"},{"taxonomy":"post_tag","embeddable":true,"href":"https:\/\/www.europesays.com\/es\/wp-json\/wp\/v2\/tags?post=735165"}],"curies":[{"name":"wp","href":"https:\/\/api.w.org\/{rel}","templated":true}]}}