{"id":735195,"date":"2026-08-28T07:25:13","date_gmt":"2026-08-28T07:25:13","guid":{"rendered":"https:\/\/www.europesays.com\/es\/735195\/"},"modified":"2026-08-28T07:25:13","modified_gmt":"2026-08-28T07:25:13","slug":"precio-de-la-luz-hoy-viernes-28-de-agosto-por-horas-cuando-es-mas-barata-y-mas-cara-el-mundo","status":"publish","type":"post","link":"https:\/\/www.europesays.com\/es\/735195\/","title":{"rendered":"Precio de la luz hoy, viernes 28 de agosto, por horas: \u00bfCu\u00e1ndo es m\u00e1s barata y m\u00e1s cara? &#8211; El Mundo"},"content":{"rendered":"<ol>\n<li><a href=\"https:\/\/news.google.com\/rss\/articles\/CBMid0FVX3lxTE4zSVAxMnBxczcyeFZhWjBKUUI1U3VQWTViME5DQkE0OWJ4MWhiSzE4aUU5TXNTQlRVWjBDOHJncEE4ZGpLU3FibHhqRV9vei1mOTJsb283ZXN5TmEyZXdhSFcxdURlejVXc3hqLTRrYnZLQUl4bHFv0gF3QVVfeXFMTTRpLXJuSVNnRmJVZ3JhOUxOQ3pONmR0T3h6Y3VXUncxWlhMTVh2LWZVN3kwSVJ5S2FYSllBU0RxSXpoOHdKNFAzcWFQTk5YVkUyNVdVQjA0OG03Qm83ZUVsMGw2aE5tQ1YxckpxcGNuVDZUQWlJcVU?oc=5\" target=\"_blank\" rel=\"nofollow noopener\">Precio de la luz hoy, viernes 28 de agosto, por horas: \u00bfCu\u00e1ndo es m\u00e1s barata y m\u00e1s cara?<\/a>&nbsp;&nbsp;El Mundo<\/li>\n<li><a href=\"https:\/\/news.google.com\/rss\/articles\/CBMisgFBVV95cUxQWk9Wa0oydUk5R1h6eTRoZXE4d0VrdFR6RVhGSU1hdE52WXplYWVOTnNJQWl4MGRlTW5XTEdwamFacVJ4V1pjMVZtdUJ5T0Roc25naDNCTUcwWUVWM0VOUXVxUVVZc01nT1Z6M3RMSVpUTW0wMkIwR1ZaemN3V1pzZHR4VTNGR0lIeWVETno4cFY1dlNlbVlFZGR5aVhyUGNMS2F3LXdld0dNeExzZjduNkhR?oc=5\" target=\"_blank\" rel=\"nofollow noopener\">Precio de la luz hoy viernes 28 de agosto de 2026: \u00bfA qu\u00e9 hora es m\u00e1s barata?<\/a>&nbsp;&nbsp;Diario Sur<\/li>\n<li><a href=\"https:\/\/news.google.com\/rss\/articles\/CBMiiwFBVV95cUxOb1hGUmZGa3ZNV0Vtcl9XMzFPeDduaEFmT3lEQlNneVhYMkZYcnFmenBVYl9DWkhjaU11UXU0TnBVZU5aQWJZWmpuc3RjUGpRTkFPdTBtSUJoOVVwZHFOU1dlcEFhbFZHMEZRTVMyLUN6dDNzNE5EcS1SZ2pSZkhpSjN6bWpocmVtT3pz0gGLAUFVX3lxTE04M1MzamNQT1l5TnpRa3llZzIwZUctS3M4bm0zR0xTOGJmZURHS1I2N0JPTnFNakNGT2RDbWpSVDJicGdqbTBscFQtWjlMMjFEYUROMnpaVkNmLUFYR0JCVm9yME5QWnU4OHlsV1BJSlJRM3QtNmZZMEEyMDA1bFFNNTJuUFVWVDJ4WkE?oc=5\" target=\"_blank\" rel=\"nofollow noopener\">Precio de la luz hoy, 27 de agosto: cu\u00e1ndo ser\u00e1 prohibitivo encender la luz<\/a>&nbsp;&nbsp;Expansi\u00f3n<\/li>\n<li><a href=\"https:\/\/news.google.com\/rss\/articles\/CBMiqgFBVV95cUxPYks0cENnRkt2ZGNEVXdsai1wcVNPTnpsbTBxNzBVV3ZTUFVpc09aMXJIMjRPemtiOHp6N2JQbEx1aXhReUc4NFJuRzhoUzdjTVNMRHJ0VnBsTkdkek5GODRfdjJ0ZzRVMmxrYl9vcG11N00xM1lfZWFHS1lrQ3dHS29xNWotM0VhX2UxckpCQnM4OVhPUWdyR1VWV1hpaGp1WDdQaUZTeXZFdw?oc=5\" target=\"_blank\" rel=\"nofollow noopener\">El precio de la luz cambia este viernes: las horas m\u00e1s baratas y m\u00e1s caras para encender los electrodom\u00e9sticos<\/a>&nbsp;&nbsp;Las Provincias<\/li>\n<li><a href=\"https:\/\/news.google.com\/rss\/articles\/CBMimwJBVV95cUxNaEhZb2FULTdBaW9QX0prYTEtTkRGcjkyek80RmlnblB4dmoxSTduNUpmZG0tZjVuUmVWc1ltTGJnWWxGZkQtQUtqQnFzVk1ZbEJjbjZhVTktTG9BVFRXUGJZOEVDT0dVUkx4ajNGM1JINlFldl9iTDkyOVZfWnBZODdzVEEyWUxreGc5dzBVQk1YODV6SFJLUkNPb1AwR3RWY1hRYU4wVDRVOXNvRmZIRU55U3M5WXVwS2FVWW42MkhqMzg4eU1kbXV5dW5DYlRBNndYOVJ2bE5oLXNXMHV2My00MEowbjNTNmMyMmJVYzJqcXcxeGhxUmhLOW04Zl9RaG9CY2ZhT2s1UmNEbTE4ajRFYUxfTm96MWUw0gGvAkFVX3lxTE9zR2RpWGxuUXI4cUpiNjVzUERfcVFoLXd6U0pIMW5xVFJIRGdEMmZDVUFqQ09SNE91WGkzNmVGTi1LYzdLMHFmQmtrZGp4QTZYWDFtNWJ3bEpFRjZqa2pJMWR1SHJEb2d4dW5qV0gyWXg0VU1OejRKSU9rV3VfNU5FcENUSEQyaXF3anU5MWFGX080TjJQVU1rcF9VSjdCSElsUV84d0Y1X0piUm11c24zNnV5MGV6NzFMakwycmZveXhZWm95UTIzWWJEMGdXSFdmYW5IM3l1UE9JZUprcDI5Q2ZQT1BuX1BkOEE3NkJEYTFpOWMtWGtEZzZ2emcxcktJOFJ4b24xanNHLVNsS2kyVGpaX3RvYTBpZWUwT0VlYm5uTURpdmR6VmFNU3hLTQ?oc=5\" target=\"_blank\" rel=\"nofollow noopener\">Precio de la luz hoy, viernes 28 de agosto, por horas: todo sobre una jornada en la que el MWh baja de precio, cayendo a 0 euros al mediod\u00eda y superando los 210 por la noche<\/a>&nbsp;&nbsp;La Raz\u00f3n<\/li>\n<\/ol>\n","protected":false},"excerpt":{"rendered":"Precio de la luz hoy, viernes 28 de agosto, por horas: \u00bfCu\u00e1ndo es m\u00e1s barata y m\u00e1s cara?&nbsp;&nbsp;El&hellip;\n","protected":false},"author":2,"featured_media":735196,"comment_status":"","ping_status":"","sticky":false,"template":"","format":"standard","meta":{"footnotes":""},"categories":[80],"tags":[82,2170,95,94,25,24,4027,114981,7968,23],"class_list":["post-735195","post","type-post","status-publish","format-standard","has-post-thumbnail","category-economia","tag-business","tag-como","tag-economia","tag-economy","tag-es","tag-espana","tag-narrativa","tag-nrtv","tag-precio-de-la-luz","tag-spain"],"share_on_mastodon":{"url":"https:\/\/pubeurope.com\/@es\/117171947358890144","error":""},"_links":{"self":[{"href":"https:\/\/www.europesays.com\/es\/wp-json\/wp\/v2\/posts\/735195","targetHints":{"allow":["GET"]}}],"collection":[{"href":"https:\/\/www.europesays.com\/es\/wp-json\/wp\/v2\/posts"}],"about":[{"href":"https:\/\/www.europesays.com\/es\/wp-json\/wp\/v2\/types\/post"}],"author":[{"embeddable":true,"href":"https:\/\/www.europesays.com\/es\/wp-json\/wp\/v2\/users\/2"}],"replies":[{"embeddable":true,"href":"https:\/\/www.europesays.com\/es\/wp-json\/wp\/v2\/comments?post=735195"}],"version-history":[{"count":0,"href":"https:\/\/www.europesays.com\/es\/wp-json\/wp\/v2\/posts\/735195\/revisions"}],"wp:featuredmedia":[{"embeddable":true,"href":"https:\/\/www.europesays.com\/es\/wp-json\/wp\/v2\/media\/735196"}],"wp:attachment":[{"href":"https:\/\/www.europesays.com\/es\/wp-json\/wp\/v2\/media?parent=735195"}],"wp:term":[{"taxonomy":"category","embeddable":true,"href":"https:\/\/www.europesays.com\/es\/wp-json\/wp\/v2\/categories?post=735195"},{"taxonomy":"post_tag","embeddable":true,"href":"https:\/\/www.europesays.com\/es\/wp-json\/wp\/v2\/tags?post=735195"}],"curies":[{"name":"wp","href":"https:\/\/api.w.org\/{rel}","templated":true}]}}