{"id":735209,"date":"2026-08-28T07:36:10","date_gmt":"2026-08-28T07:36:10","guid":{"rendered":"https:\/\/www.europesays.com\/es\/735209\/"},"modified":"2026-08-28T07:36:10","modified_gmt":"2026-08-28T07:36:10","slug":"el-segundo-fichaje-de-makoundou-en-un-solo-ano","status":"publish","type":"post","link":"https:\/\/www.europesays.com\/es\/735209\/","title":{"rendered":"El segundo fichaje de Makoundou en un solo a\u00f1o"},"content":{"rendered":"<p class=\"ft-text\"><strong>Yoan Makoundou, de 26 a\u00f1os, 2,07 metros y algo m\u00e1s de 100 kilos de peso<\/strong>, acaba de cumplir un objetivo que se fij\u00f3 hace exactamente un a\u00f1o y que <a class=\"ft-link ft-link--decoration\" href=\"https:\/\/www.sport.es\/es\/noticias\/barca\/baloncesto\/barca-queda-pivot-frances-tenia-119956821\" rel=\"nofollow noopener\" target=\"_blank\">se frustr\u00f3 por la negativa final del AS M\u00f3naco a desprenderse del jugador<\/a> tras la marcha del griego Georgios Papagiannis con destino al Anadolu Efes.<\/p>\n<p class=\"ft-text\">Con Xavi O&#8217;Callaghan como director de las secciones profesionales del club, la direcci\u00f3n deportiva que encabezaban Juan Carlos Navarro y <a class=\"ft-link ft-link--decoration\" href=\"https:\/\/www.sport.es\/es\/noticias\/barca\/baloncesto\/mario-bruno-fernandez-seguira-director-118093249\" rel=\"nofollow noopener\" target=\"_blank\">un Mario Bruno Fern\u00e1ndez que contin\u00faa<\/a> entendi\u00f3 que el franc\u00e9s respond\u00eda a la perfecci\u00f3n a lo que se buscaba: <strong>un interior intenso, muy f\u00edsico y capaz de jugar por encima del aro<\/strong>.<\/p>\n<p class=\"ft-text\">El Bar\u00e7a negoci\u00f3 las condiciones con el jugador nacido en Malun, unos 49 kil\u00f3metros al sureste de Par\u00eds. Desde el principio, <strong>llam\u00f3 la atenci\u00f3n su <\/strong><a class=\"ft-link ft-link--decoration\" href=\"https:\/\/www.sport.es\/es\/noticias\/barca\/baloncesto\/barca-cerca-cerrar-fichaje-yoan-133447892\" rel=\"nofollow noopener\" target=\"_blank\">deseo de vestir de azulgrana y el acuerdo fue bastante r\u00e1pido<\/a>. La incorporaci\u00f3n del galo estaba muy bien encaminada, pero no estaba cerrada y eso fue lo que acab\u00f3 frustr\u00e1ndola.<\/p>\n<p><img decoding=\"async\" src=\"https:\/\/www.europesays.com\/es\/wp-content\/uploads\/2026\/08\/d2214364-cd7e-44a2-a454-ebbcf9399b38_alta-libre-aspect-ratio_default_0_x600y242.jpg\" width=\"1200\" height=\"726\" alt=\"Yoan Makoundou y Nikola Mirotic, en la FInal Four de 2023\" class=\"ft-helper-img-rd\" loading=\"lazy\" fetchpriority=\"auto\"\/><\/p>\n<p class=\"ft-helper-fontColor-quaternary ft-helper-fontSize-body-S ft-helper-spacer-t-xxs\">Yoan Makoundou y Nikola Mirotic, en la FInal Four de 2023  \/ EFE<\/p>\n<p class=\"ft-text\">El AS M\u00f3naco, un club muy mal llevado desde el punto de vista econ\u00f3mico (acab\u00f3 la temporada con ocho jugadores tras perder a media docena), cambi\u00f3 de opini\u00f3n en el \u00faltimo momento y <strong>decidi\u00f3 que no estaba dispuesto a desprenderse del jugador<\/strong>. <\/p>\n<p class=\"ft-text\"><strong>Esa negativa acab\u00f3 propiciando <\/strong><a class=\"ft-link ft-link--decoration\" href=\"https:\/\/www.sport.es\/es\/noticias\/opinion\/ahora-resulta-sigue-fall-hay-120337573\" rel=\"nofollow noopener\" target=\"_blank\">el &#8216;refichaje&#8217; de Youssoupha Fall en una operaci\u00f3n fantasmag\u00f3rica<\/a> que nadie entendi\u00f3, empezando por el propio t\u00e9cnico Joan Pe\u00f1arroya, que se vio otra vez en la pretemporada con un jugador al que el club hab\u00eda descartado dos meses atr\u00e1s.<\/p>\n<p class=\"ft-text\">Pese a la l\u00f3gica decepci\u00f3n del interior galo, las relaciones entre su entorno y el Bar\u00e7a estaban bien construidas, con confianza mutua y con objetivos comunes y convergentes. Adem\u00e1s, <strong>a Makoundou no le fue del todo bien en el curso pasado<\/strong> y era el primer interesado en cerrar lo que estuvo casi hecho.<\/p>\n<p class=\"ft-text\">Una vez concluida su cesi\u00f3n en el T\u00fcrk Telekom, el ala-p\u00edvot no tuvo continuidad en el cuadro monegasco, <a class=\"ft-link ft-link--decoration\" href=\"https:\/\/www.sport.es\/es\/noticias\/barca\/baloncesto\/barca-basket-deja-pasar-tren-127728333\" rel=\"nofollow noopener\" target=\"_blank\">se fue en marzo al Fugian Sturgeons chino<\/a>, <strong>volvi\u00f3 al ASM el 14 de mayo ante la falta de jugadores<\/strong> para disputar los play-offs (11 puntos, 3,6 rebotes y +12,5 de valoraci\u00f3n media) y el 22 de agosto firm\u00f3 el contrato con el Bar\u00e7a.<\/p>\n<p class=\"ft-text\"><a class=\"ft-link ft-link--decoration\" href=\"https:\/\/www.sport.es\/es\/videos\/barca\/baloncesto\/20260826\/yoan-makoundou-siento-emocionado-ganas\/133673126.shtml\" rel=\"nofollow noopener\" target=\"_blank\"><strong>\u00abMe siento muy bien, emocionado, con ganas de empezar a trabajar<\/strong><\/a><strong> y ponernos a punto<\/strong> con los compa\u00f1eros. Durante las conversaciones, desde el club me explicaron c\u00f3mo cre\u00edan que puedo ayudar al equipo y c\u00f3mo ellos me pueden ayudar a m\u00ed. Confiamos en que todo saldr\u00e1 bien\u00bb, fueron las primeras palabras de Yoan Makoundou como blaugrana.<\/p>\n<p class=\"ft-text\">La llegada del internacional franc\u00e9s supone una nueva pincelada en la reconstrucci\u00f3n total de la &#8216;pintura&#8217;, con la llegada tambi\u00e9n de Josh Nebo, Olek Balcerowski, Olivier Nkamouah y Tosan Evbuomwan. Y lo m\u00e1s importante, <a class=\"ft-link ft-link--decoration\" href=\"https:\/\/www.sport.es\/es\/noticias\/barca\/baloncesto\/barca-guarda-carta-xavi-pujol-133477631\" rel=\"nofollow noopener\" target=\"_blank\">permite <\/a><a class=\"ft-link ft-link--decoration\" href=\"https:\/\/www.sport.es\/es\/noticias\/barca\/baloncesto\/barca-guarda-carta-xavi-pujol-133477631\" rel=\"nofollow noopener\" target=\"_blank\"><strong>aplazar unas semanas o un par de meses el fichaje del &#8216;p\u00edvot diferencial&#8217;<\/strong><\/a><a class=\"ft-link ft-link--decoration\" href=\"https:\/\/www.sport.es\/es\/noticias\/barca\/baloncesto\/barca-guarda-carta-xavi-pujol-133477631\" rel=\"nofollow noopener\" target=\"_blank\"> que prometieron los regentes<\/a> del club en un encuentro con la prensa.<\/p>\n","protected":false},"excerpt":{"rendered":"Yoan Makoundou, de 26 a\u00f1os, 2,07 metros y algo m\u00e1s de 100 kilos de peso, acaba de cumplir&hellip;\n","protected":false},"author":2,"featured_media":735210,"comment_status":"","ping_status":"","sticky":false,"template":"","format":"standard","meta":{"footnotes":""},"categories":[269],"tags":[1611,299,2296,298,168,25,24,557,6108,1566,23,167],"class_list":["post-735209","post","type-post","status-publish","format-standard","has-post-thumbnail","category-baloncesto","tag-ano","tag-baloncesto","tag-barca","tag-basketball","tag-deportes","tag-es","tag-espana","tag-fichaje","tag-makoundou","tag-segundo","tag-spain","tag-sports"],"share_on_mastodon":{"url":"","error":""},"_links":{"self":[{"href":"https:\/\/www.europesays.com\/es\/wp-json\/wp\/v2\/posts\/735209","targetHints":{"allow":["GET"]}}],"collection":[{"href":"https:\/\/www.europesays.com\/es\/wp-json\/wp\/v2\/posts"}],"about":[{"href":"https:\/\/www.europesays.com\/es\/wp-json\/wp\/v2\/types\/post"}],"author":[{"embeddable":true,"href":"https:\/\/www.europesays.com\/es\/wp-json\/wp\/v2\/users\/2"}],"replies":[{"embeddable":true,"href":"https:\/\/www.europesays.com\/es\/wp-json\/wp\/v2\/comments?post=735209"}],"version-history":[{"count":0,"href":"https:\/\/www.europesays.com\/es\/wp-json\/wp\/v2\/posts\/735209\/revisions"}],"wp:featuredmedia":[{"embeddable":true,"href":"https:\/\/www.europesays.com\/es\/wp-json\/wp\/v2\/media\/735210"}],"wp:attachment":[{"href":"https:\/\/www.europesays.com\/es\/wp-json\/wp\/v2\/media?parent=735209"}],"wp:term":[{"taxonomy":"category","embeddable":true,"href":"https:\/\/www.europesays.com\/es\/wp-json\/wp\/v2\/categories?post=735209"},{"taxonomy":"post_tag","embeddable":true,"href":"https:\/\/www.europesays.com\/es\/wp-json\/wp\/v2\/tags?post=735209"}],"curies":[{"name":"wp","href":"https:\/\/api.w.org\/{rel}","templated":true}]}}