{"id":735301,"date":"2026-08-28T08:36:18","date_gmt":"2026-08-28T08:36:18","guid":{"rendered":"https:\/\/www.europesays.com\/es\/735301\/"},"modified":"2026-08-28T08:36:18","modified_gmt":"2026-08-28T08:36:18","slug":"fotos-del-accidente-de-trafico-en-unzue-en-la-n-121","status":"publish","type":"post","link":"https:\/\/www.europesays.com\/es\/735301\/","title":{"rendered":"Fotos del accidente de tr\u00e1fico en Unzu\u00e9 en la N-121"},"content":{"rendered":"<p class=\"h3\">Javier Bergasa<\/p>\n<p>                        Actualizado:<br \/>\n                        27\/08\/2026 20:40<\/p>\n<p>                    <a href=\"https:\/\/www.noticiasdenavarra.com\/sucesos\/2026\/08\/27\/fotos-accidente-trafico-unzue-n-11477252.html#foto=1\" class=\"button swiper-button-next\" id=\"swiperButtonNext\" rel=\"nofollow noopener\" target=\"_blank\">Ver galer\u00eda &gt;<\/a><\/p>\n<p class=\"h3\">\n                                            Un var\u00f3n de 68 a\u00f1os ha fallecido esta tarde en un accidente de tr\u00e1fico registrado en la carretera N-121 en t\u00e9rmino municipal de Unzu\u00e9 despu\u00e9s de que se produjera una colisi\u00f3n entre un coche y un cami\u00f3n.\n                                    <\/p>\n<p><a class=\"swiper-imagen\" href=\"https:\/\/www.noticiasdenavarra.com\/sucesos\/2026\/08\/27\/fotos-accidente-trafico-unzue-n-11477252.html#foto=2\" rel=\"nofollow noopener\" target=\"_blank\"><\/p>\n<p>                    <img loading=\"lazy\" decoding=\"async\" src=\"data:image\/png;base64,iVBORw0KGgoAAAANSUhEUgAAAAEAAAABCAQAAAC1HAwCAAAAC0lEQVR42mNkYAAAAAYAAjCB0C8AAAAASUVORK5CYII=\" alt=\" \" height=\"1250\" width=\"2662\" style=\" max-height: calc(100vh - 58px); height: 0; padding-top: 47%; \"\/><\/p>\n<p><\/a><br \/>\n                    Fotos del accidente de tr\u00e1fico en Unzu\u00e9 en la N-121<\/p>\n<p class=\"swiper-slide__author\">Javier Bergasa<\/p>\n<p class=\"swiper-slide__description\">\n                                                                        Un var\u00f3n de 68 a\u00f1os ha fallecido esta tarde en un accidente de tr\u00e1fico registrado en la carretera N-121 en t\u00e9rmino municipal de Unzu\u00e9 despu\u00e9s de que se produjera una colisi\u00f3n entre un coche y un cami\u00f3n.\n                                            <\/p>\n<p><a class=\"swiper-imagen\" href=\"https:\/\/www.noticiasdenavarra.com\/sucesos\/2026\/08\/27\/fotos-accidente-trafico-unzue-n-11477252.html#foto=3\" rel=\"nofollow noopener\" target=\"_blank\"><\/p>\n<p>                    <img loading=\"lazy\" decoding=\"async\" src=\"data:image\/png;base64,iVBORw0KGgoAAAANSUhEUgAAAAEAAAABCAQAAAC1HAwCAAAAC0lEQVR42mNkYAAAAAYAAjCB0C8AAAAASUVORK5CYII=\" alt=\" \" height=\"1250\" width=\"2238\" style=\" max-height: calc(100vh - 58px); height: 0; padding-top: 56%; \"\/><\/p>\n<p><\/a><br \/>\n                    Fotos del accidente de tr\u00e1fico en Unzu\u00e9 en la N-121<\/p>\n<p class=\"swiper-slide__author\">Javier Bergasa<\/p>\n<p class=\"swiper-slide__description\">\n                                                                        Un var\u00f3n de 68 a\u00f1os ha fallecido esta tarde en un accidente de tr\u00e1fico registrado en la carretera N-121 en t\u00e9rmino municipal de Unzu\u00e9 despu\u00e9s de que se produjera una colisi\u00f3n entre un coche y un cami\u00f3n.\n                                            <\/p>\n<p><a class=\"swiper-imagen\" href=\"https:\/\/www.noticiasdenavarra.com\/sucesos\/2026\/08\/27\/fotos-accidente-trafico-unzue-n-11477252.html#foto=4\" rel=\"nofollow noopener\" target=\"_blank\"><\/p>\n<p>                    <img loading=\"lazy\" decoding=\"async\" src=\"data:image\/png;base64,iVBORw0KGgoAAAANSUhEUgAAAAEAAAABCAQAAAC1HAwCAAAAC0lEQVR42mNkYAAAAAYAAjCB0C8AAAAASUVORK5CYII=\" alt=\" \" height=\"1250\" width=\"2475\" style=\" max-height: calc(100vh - 58px); height: 0; padding-top: 51%; \"\/><\/p>\n<p><\/a><br \/>\n                    Fotos del accidente de tr\u00e1fico en Unzu\u00e9 en la N-121<\/p>\n<p class=\"swiper-slide__author\">Javier Bergasa<\/p>\n<p class=\"swiper-slide__description\">\n                                                                        Un var\u00f3n de 68 a\u00f1os ha fallecido esta tarde en un accidente de tr\u00e1fico registrado en la carretera N-121 en t\u00e9rmino municipal de Unzu\u00e9 despu\u00e9s de que se produjera una colisi\u00f3n entre un coche y un cami\u00f3n.\n                                            <\/p>\n<p><a class=\"swiper-imagen\" href=\"https:\/\/www.noticiasdenavarra.com\/sucesos\/2026\/08\/27\/fotos-accidente-trafico-unzue-n-11477252.html#foto=5\" rel=\"nofollow noopener\" target=\"_blank\"><\/p>\n<p>                    <img loading=\"lazy\" decoding=\"async\" src=\"data:image\/png;base64,iVBORw0KGgoAAAANSUhEUgAAAAEAAAABCAQAAAC1HAwCAAAAC0lEQVR42mNkYAAAAAYAAjCB0C8AAAAASUVORK5CYII=\" alt=\" \" height=\"1250\" width=\"1875\" style=\" max-height: calc(100vh - 58px); height: 0; padding-top: 67%; \"\/><\/p>\n<p><\/a><br \/>\n                    Fotos del accidente de tr\u00e1fico en Unzu\u00e9 en la N-121<\/p>\n<p class=\"swiper-slide__author\">Javier Bergasa<\/p>\n<p class=\"swiper-slide__description\">\n                                                                        Un var\u00f3n de 68 a\u00f1os ha fallecido esta tarde en un accidente de tr\u00e1fico registrado en la carretera N-121 en t\u00e9rmino municipal de Unzu\u00e9 despu\u00e9s de que se produjera una colisi\u00f3n entre un coche y un cami\u00f3n.\n                                            <\/p>\n<p><a class=\"swiper-imagen\" href=\"https:\/\/www.noticiasdenavarra.com\/sucesos\/2026\/08\/27\/fotos-accidente-trafico-unzue-n-11477252.html#foto=6\" rel=\"nofollow noopener\" target=\"_blank\"><\/p>\n<p>                    <img loading=\"lazy\" decoding=\"async\" src=\"data:image\/png;base64,iVBORw0KGgoAAAANSUhEUgAAAAEAAAABCAQAAAC1HAwCAAAAC0lEQVR42mNkYAAAAAYAAjCB0C8AAAAASUVORK5CYII=\" alt=\" \" height=\"1249\" width=\"1912\" style=\" max-height: calc(100vh - 58px); height: 0; padding-top: 65%; \"\/><\/p>\n<p><\/a><br \/>\n                    Fotos del accidente de tr\u00e1fico en Unzu\u00e9 en la N-121<\/p>\n<p class=\"swiper-slide__author\">Javier Bergasa<\/p>\n<p class=\"swiper-slide__description\">\n                                                                        Un var\u00f3n de 68 a\u00f1os ha fallecido esta tarde en un accidente de tr\u00e1fico registrado en la carretera N-121 en t\u00e9rmino municipal de Unzu\u00e9 despu\u00e9s de que se produjera una colisi\u00f3n entre un coche y un cami\u00f3n.\n                                            <\/p>\n<p><a class=\"swiper-imagen\" href=\"https:\/\/www.noticiasdenavarra.com\/sucesos\/2026\/08\/27\/fotos-accidente-trafico-unzue-n-11477252.html#foto=7\" rel=\"nofollow noopener\" target=\"_blank\"><\/p>\n<p>                    <img loading=\"lazy\" decoding=\"async\" src=\"data:image\/png;base64,iVBORw0KGgoAAAANSUhEUgAAAAEAAAABCAQAAAC1HAwCAAAAC0lEQVR42mNkYAAAAAYAAjCB0C8AAAAASUVORK5CYII=\" alt=\" \" height=\"1250\" width=\"2030\" style=\" max-height: calc(100vh - 58px); height: 0; padding-top: 62%; \"\/><\/p>\n<p><\/a><br \/>\n                    Fotos del accidente de tr\u00e1fico en Unzu\u00e9 en la N-121<\/p>\n<p class=\"swiper-slide__author\">Javier Bergasa<\/p>\n<p class=\"swiper-slide__description\">\n                                                                        Un var\u00f3n de 68 a\u00f1os ha fallecido esta tarde en un accidente de tr\u00e1fico registrado en la carretera N-121 en t\u00e9rmino municipal de Unzu\u00e9 despu\u00e9s de que se produjera una colisi\u00f3n entre un coche y un cami\u00f3n.\n                                            <\/p>\n<p><a class=\"swiper-imagen\" href=\"https:\/\/www.noticiasdenavarra.com\/sucesos\/2026\/08\/27\/fotos-accidente-trafico-unzue-n-11477252.html#foto=8\" rel=\"nofollow noopener\" target=\"_blank\"><\/p>\n<p>                    <img loading=\"lazy\" decoding=\"async\" src=\"data:image\/png;base64,iVBORw0KGgoAAAANSUhEUgAAAAEAAAABCAQAAAC1HAwCAAAAC0lEQVR42mNkYAAAAAYAAjCB0C8AAAAASUVORK5CYII=\" alt=\" \" height=\"1250\" width=\"2349\" style=\" max-height: calc(100vh - 58px); height: 0; padding-top: 53%; \"\/><\/p>\n<p><\/a><br \/>\n                    Fotos del accidente de tr\u00e1fico en Unzu\u00e9 en la N-121<\/p>\n<p class=\"swiper-slide__author\">Javier Bergasa<\/p>\n<p class=\"swiper-slide__description\">\n                                                                        Un var\u00f3n de 68 a\u00f1os ha fallecido esta tarde en un accidente de tr\u00e1fico registrado en la carretera N-121 en t\u00e9rmino municipal de Unzu\u00e9 despu\u00e9s de que se produjera una colisi\u00f3n entre un coche y un cami\u00f3n.\n                                            <\/p>\n<p><a class=\"swiper-imagen\" href=\"https:\/\/www.noticiasdenavarra.com\/sucesos\/2026\/08\/27\/fotos-accidente-trafico-unzue-n-11477252.html\" rel=\"nofollow noopener\" target=\"_blank\"><\/p>\n<p>                    <img loading=\"lazy\" decoding=\"async\" src=\"data:image\/png;base64,iVBORw0KGgoAAAANSUhEUgAAAAEAAAABCAQAAAC1HAwCAAAAC0lEQVR42mNkYAAAAAYAAjCB0C8AAAAASUVORK5CYII=\" alt=\" \" height=\"1250\" width=\"3187\" style=\" max-height: calc(100vh - 58px); height: 0; padding-top: 39%; \"\/><\/p>\n<p><\/a><br \/>\n                    Fotos del accidente de tr\u00e1fico en Unzu\u00e9 en la N-121<\/p>\n<p class=\"swiper-slide__author\">Javier Bergasa<\/p>\n<p class=\"swiper-slide__description\">\n                                                                        Un var\u00f3n de 68 a\u00f1os ha fallecido esta tarde en un accidente de tr\u00e1fico registrado en la carretera N-121 en t\u00e9rmino municipal de Unzu\u00e9 despu\u00e9s de que se produjera una colisi\u00f3n entre un coche y un cami\u00f3n.\n                                            <\/p>\n","protected":false},"excerpt":{"rendered":"Javier Bergasa Actualizado: 27\/08\/2026 20:40 Ver galer\u00eda &gt; Un var\u00f3n de 68 a\u00f1os ha fallecido esta tarde en&hellip;\n","protected":false},"author":2,"featured_media":735302,"comment_status":"","ping_status":"","sticky":false,"template":"","format":"standard","meta":{"footnotes":""},"categories":[8],"tags":[4205,17,18,25,24,13,14,1016,11,19,20,58102,9,10,15,16,23,12,589,21,22,31929],"class_list":["post-735301","post","type-post","status-publish","format-standard","has-post-thumbnail","category-espana","tag-accidente","tag-breaking-news","tag-breakingnews","tag-es","tag-espana","tag-featured-news","tag-featurednews","tag-fotos","tag-headlines","tag-latest-news","tag-latestnews","tag-n","tag-news","tag-noticias","tag-noticias-destacadas","tag-noticiasdestacadas","tag-spain","tag-titulares","tag-trafico","tag-ultimas-noticias","tag-ultimasnoticias","tag-unzue"],"share_on_mastodon":{"url":"https:\/\/pubeurope.com\/@es\/117172226557720222","error":""},"_links":{"self":[{"href":"https:\/\/www.europesays.com\/es\/wp-json\/wp\/v2\/posts\/735301","targetHints":{"allow":["GET"]}}],"collection":[{"href":"https:\/\/www.europesays.com\/es\/wp-json\/wp\/v2\/posts"}],"about":[{"href":"https:\/\/www.europesays.com\/es\/wp-json\/wp\/v2\/types\/post"}],"author":[{"embeddable":true,"href":"https:\/\/www.europesays.com\/es\/wp-json\/wp\/v2\/users\/2"}],"replies":[{"embeddable":true,"href":"https:\/\/www.europesays.com\/es\/wp-json\/wp\/v2\/comments?post=735301"}],"version-history":[{"count":0,"href":"https:\/\/www.europesays.com\/es\/wp-json\/wp\/v2\/posts\/735301\/revisions"}],"wp:featuredmedia":[{"embeddable":true,"href":"https:\/\/www.europesays.com\/es\/wp-json\/wp\/v2\/media\/735302"}],"wp:attachment":[{"href":"https:\/\/www.europesays.com\/es\/wp-json\/wp\/v2\/media?parent=735301"}],"wp:term":[{"taxonomy":"category","embeddable":true,"href":"https:\/\/www.europesays.com\/es\/wp-json\/wp\/v2\/categories?post=735301"},{"taxonomy":"post_tag","embeddable":true,"href":"https:\/\/www.europesays.com\/es\/wp-json\/wp\/v2\/tags?post=735301"}],"curies":[{"name":"wp","href":"https:\/\/api.w.org\/{rel}","templated":true}]}}