{"id":735313,"date":"2026-08-28T08:47:12","date_gmt":"2026-08-28T08:47:12","guid":{"rendered":"https:\/\/www.europesays.com\/es\/735313\/"},"modified":"2026-08-28T08:47:12","modified_gmt":"2026-08-28T08:47:12","slug":"sara-carbonero-ensena-sus-cicatrices-con-un-mensaje-de-superacion-que-alivio-cuando-dejamos-de-ser-solo-lo-que-nos-paso","status":"publish","type":"post","link":"https:\/\/www.europesays.com\/es\/735313\/","title":{"rendered":"Sara Carbonero ense\u00f1a sus cicatrices con un mensaje de superaci\u00f3n: \u00abQu\u00e9 alivio cuando dejamos de ser solo lo que nos pas\u00f3\u00bb"},"content":{"rendered":"<p class=\"c-paragraph\">La presentadora <a href=\"https:\/\/www.20minutos.es\/tags\/personas\/sara-carbonero.html\" title=\"Sara Carbonero\" rel=\"nofollow noopener\" target=\"_blank\">Sara Carbonero<\/a> ha querido mostrarse al 100% y compartir con sus seguidores una imagen en la que deja al descubierto las cicatrices de algunas de las <b>intervenciones quir\u00fargicas a las que se ha sometido<\/b>. La periodista ha acompa\u00f1ado la fotograf\u00eda con un mensaje de aceptaci\u00f3n y reivindicaci\u00f3n sobre todos los momentos dif\u00edciles que ha tenido que afrontar.<\/p>\n<p class=\"c-paragraph\">En su Instagram ha publicado una fotograf\u00eda en la que aparece posando y dejando visibles las cicatrices de su abdomen, acompa\u00f1ada de una frase que refleja c\u00f3mo ha aprendido a convivir con las experiencias m\u00e1s complicadas de su vida. \u00abQu\u00e9 alivio cuando <b>dejamos de ser solo lo que nos pas\u00f3<\/b>\u00ab, ha escrito.<\/p>\n<p class=\"c-paragraph\">En la imagen, Sara Carbonero aparece con <b>un estilo muy fiel a s\u00ed misma<\/b>, apostando por un top de escote halter y abertura frontal en tonos oliva, combinado con unos pantalones bombachos en las mismas tonalidades.<\/p>\n<p class=\"c-paragraph\">La publicaci\u00f3n no ha tardado en llenarse de mensajes de cari\u00f1o y apoyo hacia la presentadora. Sus seguidores y algunos rostros conocidos como\u00a0<a href=\"https:\/\/www.20minutos.es\/tags\/personas\/paz-vega.html\" title=\"Paz Vega\" rel=\"nofollow noopener\" target=\"_blank\">Paz Vega<\/a>, <a href=\"https:\/\/www.20minutos.es\/tags\/personas\/ariadne-artiles.html\" title=\"Ariadne Artiles\" rel=\"nofollow noopener\" target=\"_blank\">Ariadne Artiles<\/a> o Marisa Jara han querido acompa\u00f1arla en esta reflexi\u00f3n y destacar su fortaleza. <b>\u00abAdmiro todo lo que eres\u00bb<\/b>, comentaba su amiga Raquel Perera.<\/p>\n<p class=\"c-paragraph\">Carbonero ha tenido que pasar por quir\u00f3fano en <b>varias ocasiones a lo largo de los \u00faltimos a\u00f1os<\/b>. En mayo de 2019 le detectaron <a href=\"https:\/\/www.20minutos.es\/tags\/temas\/cancer-de-ovarios.html\" title=\"C\u00e1ncer de ovarios\" rel=\"nofollow noopener\" target=\"_blank\">un tumor maligno de ovario<\/a>, por el que tuvo que ser intervenida y someterse posteriormente a seis ciclos de quimioterapia. Dos a\u00f1os despu\u00e9s volvi\u00f3 a pasar por quir\u00f3fano y en 2022 tuvo que enfrentarse a una nueva operaci\u00f3n. Adem\u00e1s, este 2026 sufri\u00f3 un nuevo susto de salud mientras se encontraba de vacaciones en Canarias, aunque en esta ocasi\u00f3n no estaba relacionado con el c\u00e1ncer.<\/p>\n<p class=\"c-paragraph\">La periodista ya hab\u00eda hablado anteriormente de la relaci\u00f3n que mantiene con las marcas de su cuerpo. Con motivo de su 38 cumplea\u00f1os, el 3 de febrero de 2022, comparti\u00f3 una fotograf\u00eda en la que mostraba una cicatriz que recorr\u00eda su abdomen hasta debajo del ombligo. \u00ab<b>Me miro en el espejo y me gusta lo que veo<\/b> mientras abrazo la imperfecci\u00f3n. Mi cuerpo es otra forma de recordar el camino. El tiempo y sus costuras. No tengo ning\u00fan problema en seguir coleccionando marcas que cuenten historias con final feliz\u00bb, escribi\u00f3 entonces.<\/p>\n<p class=\"c-paragraph\">Adem\u00e1s, este a\u00f1o Sara Carbonero ha tenido que enfrentarse a uno de los <b>golpes personales m\u00e1s duros de su vida<\/b>. Su madre, Goyi, falleci\u00f3 el pasado 12 de abril de 2026 en Madrid despu\u00e9s de una larga batalla contra el c\u00e1ncer. Una p\u00e9rdida que afect\u00f3 profundamente a la periodista.<\/p>\n","protected":false},"excerpt":{"rendered":"La presentadora Sara Carbonero ha querido mostrarse al 100% y compartir con sus seguidores una imagen en la&hellip;\n","protected":false},"author":2,"featured_media":735314,"comment_status":"","ping_status":"","sticky":false,"template":"","format":"standard","meta":{"footnotes":""},"categories":[174],"tags":[72954,255,46242,5558,146,147,25,24,256,10406,23,20899],"class_list":["post-735313","post","type-post","status-publish","format-standard","has-post-thumbnail","category-famosos","tag-carbonero","tag-celebrities","tag-cicatrices","tag-ensena","tag-entertainment","tag-entretenimiento","tag-es","tag-espana","tag-famosos","tag-sara","tag-spain","tag-sus"],"share_on_mastodon":{"url":"https:\/\/pubeurope.com\/@es\/117172269606314056","error":""},"_links":{"self":[{"href":"https:\/\/www.europesays.com\/es\/wp-json\/wp\/v2\/posts\/735313","targetHints":{"allow":["GET"]}}],"collection":[{"href":"https:\/\/www.europesays.com\/es\/wp-json\/wp\/v2\/posts"}],"about":[{"href":"https:\/\/www.europesays.com\/es\/wp-json\/wp\/v2\/types\/post"}],"author":[{"embeddable":true,"href":"https:\/\/www.europesays.com\/es\/wp-json\/wp\/v2\/users\/2"}],"replies":[{"embeddable":true,"href":"https:\/\/www.europesays.com\/es\/wp-json\/wp\/v2\/comments?post=735313"}],"version-history":[{"count":0,"href":"https:\/\/www.europesays.com\/es\/wp-json\/wp\/v2\/posts\/735313\/revisions"}],"wp:featuredmedia":[{"embeddable":true,"href":"https:\/\/www.europesays.com\/es\/wp-json\/wp\/v2\/media\/735314"}],"wp:attachment":[{"href":"https:\/\/www.europesays.com\/es\/wp-json\/wp\/v2\/media?parent=735313"}],"wp:term":[{"taxonomy":"category","embeddable":true,"href":"https:\/\/www.europesays.com\/es\/wp-json\/wp\/v2\/categories?post=735313"},{"taxonomy":"post_tag","embeddable":true,"href":"https:\/\/www.europesays.com\/es\/wp-json\/wp\/v2\/tags?post=735313"}],"curies":[{"name":"wp","href":"https:\/\/api.w.org\/{rel}","templated":true}]}}