{"id":735339,"date":"2026-08-28T09:06:27","date_gmt":"2026-08-28T09:06:27","guid":{"rendered":"https:\/\/www.europesays.com\/es\/735339\/"},"modified":"2026-08-28T09:06:27","modified_gmt":"2026-08-28T09:06:27","slug":"corriendo-asi-enric-mas-solo-puede-ser-segundo-en-la-vuelta","status":"publish","type":"post","link":"https:\/\/www.europesays.com\/es\/735339\/","title":{"rendered":"Corriendo as\u00ed Enric Mas s\u00f3lo puede ser segundo en la Vuelta"},"content":{"rendered":"<p data-path-to-node=\"0\">El 27 de agosto no es una fecha cualquiera para Enric Mas.<\/p>\n<p data-path-to-node=\"0\"><a href=\"https:\/\/joanseguidor.com\/vuelta-el-mejor-enric-mas-en-mucho-tiempo\/\" target=\"_blank\" rel=\"noopener nofollow\">Hab\u00edamos advertido que llegaba fino<\/a>, dando se\u00f1ales previas a la Vuelta y ratific\u00e1ndolas en Andorra. Enric est\u00e1 fuerte.<\/p>\n<p data-path-to-node=\"0\">No s\u00e9 si como nunca, pero s\u00ed en una carrera donde corre Pogacar y despu\u00e9s figura el resto, apretados, fallando un d\u00eda uno y al siguiente el otro, pero en el mismo pelda\u00f1o.<\/p>\n<p><a class=\"wppaslink\" href=\"https:\/\/joanseguidor.com\/pas\/ccmm-valenciana\/44016\/0\" target=\"_blank\" rel=\"nofollow noopener\"><img decoding=\"async\" src=\"data:image\/svg+xml,%3Csvg%20xmlns=\" http:=\"\" alt=\"CCMM Valenciana\" border=\"0\" data-lazy-src=\"https:\/\/www.europesays.com\/es\/wp-content\/uploads\/2026\/08\/1787907982_651_anunci-generic-bla-1-1024x120-px-v3-02.jpg\"\/><\/a><\/p>\n<p data-path-to-node=\"0\"><strong>Enric pareci\u00f3 en Andorra estar en medio de todo<\/strong> y ser segundo tras el esloveno, como dijo Pello Bilbao tras ser segundo en Canad\u00e1, es como ganar.<\/p>\n<p data-path-to-node=\"1\"><strong>Varios factores explican este rendimiento.<\/strong><\/p>\n<p data-path-to-node=\"1\">Contar con un segundo l\u00edder en la estructura, a pesar de la mala suerte de Cian, le ha liberado de presi\u00f3n.<\/p>\n<p data-path-to-node=\"1\">Luego est\u00e1 la omisi\u00f3n del Tour, algo que su cuerpo reclamaba a gritos.<\/p>\n<p data-path-to-node=\"1\">Mentalmente este chico es un libro abierto.<\/p>\n<p data-path-to-node=\"1\">Le afectan las cosas, le perturban las cr\u00edticas, algunas muy injustas pero no todas destructivas.<\/p>\n<p data-path-to-node=\"1\">Sin embargo <strong>encaj\u00f3 con serenidad las palabras de Eusebio Unzue<\/strong> en el Giro, cuando dijo que estaba por debajo de las expectativas.<\/p>\n<p data-path-to-node=\"1\">Las hizo suyas y ahora ofrece un nivel que revive los mejores d\u00edas del equipo en las grandes, disput\u00e1ndole el trono al dominador del momento, tal como Nairo y Valverde rivalizaban con Froome.<\/p>\n<p data-path-to-node=\"1\">Es un flashback de oro en el mejor momento, en plena gran vuelta.<\/p>\n<p><a href=\" https:\/\/aralleida.cat\/es\/\" target=\"_blank\" rel=\"noopener\"><img loading=\"lazy\" decoding=\"async\" class=\"aligncenter wp-image-70055 size-full\" src=\"data:image\/svg+xml,%3Csvg%20xmlns=\" http:=\"\" alt=\"\" width=\"1600\" height=\"200\" data-lazy- data-lazy- data-lazy-src=\"https:\/\/www.europesays.com\/es\/wp-content\/uploads\/2026\/08\/1787907984_399_aralleida-baner-1600x200-llavorsi-es.jpg\"\/><\/a><\/p>\n<p><a href=\"https:\/\/tiendafinisher.com\/\" rel=\"nofollow noopener\" target=\"_blank\"><img loading=\"lazy\" decoding=\"async\" class=\"aligncenter wp-image-69986 size-full\" src=\"data:image\/svg+xml,%3Csvg%20xmlns=\" http:=\"\" alt=\"\" width=\"1024\" height=\"300\" data-lazy- data-lazy- data-lazy-src=\"https:\/\/www.europesays.com\/es\/wp-content\/uploads\/2026\/08\/1787907986_910_finisher-ekp-1024x300jpg-1.jpeg\"\/><\/a><\/p>\n<p data-path-to-node=\"2\">Enric ha superado las secuelas de la lesi\u00f3n del a\u00f1o pasado, que le cost\u00f3 un mundo dejar atr\u00e1s. De paso se ha hecho fuerte bajando.<\/p>\n<p data-path-to-node=\"2\">Recordando miedos pasados, <strong>en el descenso del Bartolo camino de Castell\u00f3n rivaliz\u00f3 a la perfecci\u00f3n con Pogacar<\/strong>.<\/p>\n<p data-path-to-node=\"2\">Tiene que estar contento y orgulloso de lo logrado, abrirse en rueda de prensa y sacar la alegr\u00eda que lleva dentro.<\/p>\n<p data-path-to-node=\"2\">Sabe que esto es largo y queda trecho, pero solo le pido una cosa: que vaya con todo.<\/p>\n<p data-path-to-node=\"2\"><strong><a href=\"https:\/\/www.grancanaria.com\/turismo\/es\/naturaleza\/deportes-de-montana\/ciclismo\/\" rel=\"nofollow noopener\" target=\"_blank\"><img loading=\"lazy\" decoding=\"async\" class=\"aligncenter size-full wp-image-68757\" src=\"data:image\/svg+xml,%3Csvg%20xmlns=\" http:=\"\" alt=\"\" width=\"300\" height=\"300\" data-lazy- data-lazy- data-lazy-src=\"https:\/\/www.europesays.com\/es\/wp-content\/uploads\/2026\/08\/1787907987_443_tgc-banner-joan-400x400-2.jpg\"\/><\/a><\/strong><\/p>\n<p data-path-to-node=\"2\"><strong>Que no haga como hace dos a\u00f1os<\/strong>, cuando volaba en la Sierra de Granada y no termin\u00f3 de apretar a Roglic.<\/p>\n<p data-path-to-node=\"2\">Que siga percutiendo la fortaleza del esloveno porque la segunda plaza se pondr\u00e1 cara con la crono final. Ahora que vuela, que pruebe en Valdelinares y Aitana con todo.<\/p>\n<p data-path-to-node=\"2\">Esto es largo, pero por el camino se puede sentenciar.<\/p>\n<p data-path-to-node=\"2\">Lo visto en las crestas que rodean Castell\u00f3n ya no se lo quita nadie.<\/p>\n","protected":false},"excerpt":{"rendered":"El 27 de agosto no es una fecha cualquiera para Enric Mas. Hab\u00edamos advertido que llegaba fino, dando&hellip;\n","protected":false},"author":2,"featured_media":735340,"comment_status":"","ping_status":"","sticky":false,"template":"","format":"standard","meta":{"footnotes":""},"categories":[273],"tags":[313,312,168,3594,25,24,2548,23,167,10568],"class_list":["post-735339","post","type-post","status-publish","format-standard","has-post-thumbnail","category-ciclismo","tag-ciclismo","tag-cycling","tag-deportes","tag-enric-mas","tag-es","tag-espana","tag-featured","tag-spain","tag-sports","tag-vueltaespana"],"share_on_mastodon":{"url":"https:\/\/pubeurope.com\/@es\/117172344313928498","error":""},"_links":{"self":[{"href":"https:\/\/www.europesays.com\/es\/wp-json\/wp\/v2\/posts\/735339","targetHints":{"allow":["GET"]}}],"collection":[{"href":"https:\/\/www.europesays.com\/es\/wp-json\/wp\/v2\/posts"}],"about":[{"href":"https:\/\/www.europesays.com\/es\/wp-json\/wp\/v2\/types\/post"}],"author":[{"embeddable":true,"href":"https:\/\/www.europesays.com\/es\/wp-json\/wp\/v2\/users\/2"}],"replies":[{"embeddable":true,"href":"https:\/\/www.europesays.com\/es\/wp-json\/wp\/v2\/comments?post=735339"}],"version-history":[{"count":0,"href":"https:\/\/www.europesays.com\/es\/wp-json\/wp\/v2\/posts\/735339\/revisions"}],"wp:featuredmedia":[{"embeddable":true,"href":"https:\/\/www.europesays.com\/es\/wp-json\/wp\/v2\/media\/735340"}],"wp:attachment":[{"href":"https:\/\/www.europesays.com\/es\/wp-json\/wp\/v2\/media?parent=735339"}],"wp:term":[{"taxonomy":"category","embeddable":true,"href":"https:\/\/www.europesays.com\/es\/wp-json\/wp\/v2\/categories?post=735339"},{"taxonomy":"post_tag","embeddable":true,"href":"https:\/\/www.europesays.com\/es\/wp-json\/wp\/v2\/tags?post=735339"}],"curies":[{"name":"wp","href":"https:\/\/api.w.org\/{rel}","templated":true}]}}