{"id":735371,"date":"2026-08-28T09:31:26","date_gmt":"2026-08-28T09:31:26","guid":{"rendered":"https:\/\/www.europesays.com\/es\/735371\/"},"modified":"2026-08-28T09:31:26","modified_gmt":"2026-08-28T09:31:26","slug":"los-tres-fichajes-del-barca-de-basket-llamados-a-liderar-el-nuevo-proyecto-junto-a-kevin-punter","status":"publish","type":"post","link":"https:\/\/www.europesays.com\/es\/735371\/","title":{"rendered":"Los tres fichajes del Bar\u00e7a de basket llamados a liderar el nuevo proyecto junto a Kevin Punter"},"content":{"rendered":"<p>                <a href=\"https:\/\/cronicaglobal.elespanol.com\/culemania\/secciones\/\" class=\"kicker--section\" rel=\"nofollow noopener\" target=\"_blank\">Secciones<\/a><\/p>\n<p>\n    El club azulgrana ha firmado 10 incorporaciones, a falta de la llegada de un p\u00edvot que sustituya a Moses Wright\n<\/p>\n<p>    Noticias relacionadas<\/p>\n<p class=\"paragraph\" id=\"paragraph_1\">El nuevo proyecto del <a data-forcefollow=\"false\" data-sponsored=\"false\" href=\"https:\/\/cronicaglobal.elespanol.com\/culemania\/secciones\/20260825\/tapado-masia-cubre-barca-basket-plantilla-jugadores\/1003742789261_0.html?utm_cmp_rs=linksinline\" target=\"_blank\" rel=\"nofollow noopener\"><strong>Bar\u00e7a de basket<\/strong><\/a><strong> <\/strong>tiene tantos fichajes como inc\u00f3gnitas. Los numerosos bandazos en la planificaci\u00f3n deportiva han disuadido a <strong>Moses Wright<\/strong>, el refuerzo estrella llamado a liderar la pintura. Tan solo quedan cuatro jugadores de la plantilla de la temporada 2025-26. La nueva direcci\u00f3n deportiva, liderada por <strong>Xevi Pujol<\/strong> desde inicios de agosto, ha cerrado <a data-forcefollow=\"false\" data-sponsored=\"false\" href=\"https:\/\/cronicaglobal.elespanol.com\/culemania\/secciones\/20260819\/makoundou-fichaje-estrella-asuntos-pendientes-barca-descubierto\/1003742787743_0.html?utm_cmp_rs=linksinline\" target=\"_blank\" rel=\"nofollow noopener\"><strong>10 incorporaciones<\/strong><\/a>.<\/p>\n<p class=\"paragraph\" id=\"paragraph_2\">Sin embargo, la secretar\u00eda t\u00e9cnica todav\u00eda aguarda acontecimientos en el mercado de la NBA para pescar un descarte que encabece la rotaci\u00f3n bajo el aro. Por ahora, el p\u00edvot <strong>Josh Nebo<\/strong> apunta al quinteto titular hasta la llegada del \u00faltimo fichaje al <a data-forcefollow=\"false\" data-sponsored=\"false\" href=\"https:\/\/cronicaglobal.elespanol.com\/culemania\/secciones\/20260824\/joan-laporta-devolver-barca-palau-blaugrana-escribir\/1003742788861_0.html?utm_cmp_rs=linksinline\" target=\"_blank\" rel=\"nofollow noopener\"><strong>Palau Blaugrana<\/strong><\/a>. La alineaci\u00f3n del nuevo t\u00e9cnico <strong>Aleksander Sekulic<\/strong> gravitar\u00e1 alrededor de <strong>Kevin Punter<\/strong>, la pieza angular del proyecto. Tres nuevos fichajes est\u00e1n llamados a dar un paso adelante para <strong>marcar las diferencias ofensiva y defensivamente<\/strong>.<\/p>\n<p>Alero polivalente<\/p>\n<p class=\"paragraph\" id=\"paragraph_3\">El seleccionador esloveno, que se escap\u00f3 de las ventanas FIBA para dirigir su primer entrenamiento como azulgrana, tendr\u00e1 donde escoger. <strong>Tyrese Martin<\/strong>, alero de <strong>27 a\u00f1os <\/strong>y <strong>198 cent\u00edmetros <\/strong>de altura, personifica una de las apuestas m\u00e1s firmes procedente de la NBA. El polivalente exterior estadounidense re\u00fane<strong> f\u00edsico, amenaza desde el per\u00edmetro, rebote y capacidad defensiva<\/strong>. No se trata de un perfil de creaci\u00f3n, aunque tambi\u00e9n se desempe\u00f1a como escolta, dada su capacidad en el tiro exterior.<\/p>\n<p><img loading=\"lazy\" decoding=\"async\" alt=\"Tyrese Martin en un entrenamiento del Bar\u00e7a de basket\" height=\"1228\" src=\"https:\/\/www.europesays.com\/es\/wp-content\/uploads\/2026\/08\/h:1228&#038;h=UOdEcR-3.jpeg\" width=\"1706\" data-lazy-status=\"processed\" data-lazy-info=\"remove loading item 1\"\/><\/p>\n<p>                                                            Tyrese Martin en un entrenamiento del Bar\u00e7a de basket<\/p>\n<p>                    FCB<\/p>\n<p class=\"paragraph\" id=\"paragraph_4\">En la NBA, el crack de Pensilvania ha disputado<strong> 122 partidos <\/strong>con un promedio de 6,8 puntos, 2,8 rebotes y 1,7 asistencias. En su campa\u00f1a m\u00e1s prol\u00edfica la 24-25, encest\u00f3<strong> 8,7 puntos<\/strong> por partido y captur\u00f3<strong> 3,7 rebotes de media<\/strong> en<strong> 60 encuentros<\/strong> con los <strong>Brooklyn Nets<\/strong>.<\/p>\n<p>Un MVP<\/p>\n<p class=\"paragraph\" id=\"paragraph_5\">Como Martin, <strong>Tosan Evbuomwan<\/strong> se ha curtido en Estados Unidos con 50 partidos de experiencia y un promedio de <strong>7,4 puntos y 3,6 rebotes<\/strong>. A diferencia de su nuevo compa\u00f1ero, con quien se reencontrar\u00e1 despu\u00e9s de coincidir en Brooklyn, el ala-p\u00edvot ingl\u00e9s <strong>no computa como extracomunitario<\/strong>.<\/p>\n<p><img decoding=\"async\" alt=\"Tosan Evbuomwan, el noveno fichaje del Bar\u00e7a de basket\" data-imgm=\"true\" height=\"576\" loading=\"lazy\"  src=\"https:\/\/www.europesays.com\/es\/wp-content\/uploads\/2026\/08\/559830.jpg\"  width=\"1024\"\/><\/p>\n<p>                                                            Tosan Evbuomwan, el noveno fichaje del Bar\u00e7a de basket<\/p>\n<p>                    G-LEAGUE<\/p>\n<p class=\"paragraph\" id=\"paragraph_6\">De hecho, se halla concentrado con Gran Breta\u00f1a. El jugador de<strong> 25 a\u00f1os y 203 cent\u00edmetros<\/strong> viene de coronarse MVP de las finales de la <strong>G-League<\/strong> y de alzar el t\u00edtulo con Greensboro. Se trata de un perfil f\u00edsico para correr la pista y atacar el aro, pero tambi\u00e9n exhibe acierto desde el per\u00edmetro.<\/p>\n<p>Base anotador<\/p>\n<p class=\"paragraph\" id=\"paragraph_7\">Sin poder contratar bases que sean primeras espadas como <strong>Sylvain Francisco<\/strong> o <strong>Nadir Hifi<\/strong>, y despu\u00e9s de rescindir a<strong> Mike James<\/strong> sin debutar, el Bar\u00e7a ha apostado por otro crack emergente. Sekulic confiar\u00e1 la direcci\u00f3n del juego a<strong> Justin Robinson<\/strong>. En su primer a\u00f1o en la Euroliga, el jugador de <strong>28 a\u00f1os<\/strong> y <strong>185 cent\u00edmetros <\/strong>ha anotado <strong>14,6 puntos y ha repartido 4,5 asistencias<\/strong> en 19 minutos por encuentro.<\/p>\n<p><img decoding=\"async\" alt=\"Justin Robinson, nuevo jugador del Bar\u00e7a\" data-imgm=\"true\" height=\"960\" loading=\"lazy\"  src=\"https:\/\/www.europesays.com\/es\/wp-content\/uploads\/2026\/08\/h:960&#038;h=PXaYePH9.jpeg\"  width=\"1706\"\/><\/p>\n<p>                                                            Justin Robinson, nuevo jugador del Bar\u00e7a<\/p>\n<p class=\"paragraph\" id=\"paragraph_8\">El base norteamericano, tambi\u00e9n extracomunitario, ha optimizado sus minutos a la sombra de Hifi en el curso 25-26. Robinson no destaca como un <strong>perfil organizador cl\u00e1sico, sino como un agitador r\u00e1pido y agresivo<\/strong>, con capacidad para <strong>generarse su propio tiro, atacar el bloqueo directo y realizar penetraciones<\/strong>.<\/p>\n","protected":false},"excerpt":{"rendered":"Secciones El club azulgrana ha firmado 10 incorporaciones, a falta de la llegada de un p\u00edvot que sustituya&hellip;\n","protected":false},"author":2,"featured_media":735372,"comment_status":"","ping_status":"","sticky":false,"template":"","format":"standard","meta":{"footnotes":""},"categories":[269],"tags":[299,298,168,25,24,4469,18305,4470,23,167],"class_list":["post-735371","post","type-post","status-publish","format-standard","has-post-thumbnail","category-baloncesto","tag-baloncesto","tag-basketball","tag-deportes","tag-es","tag-espana","tag-fcb-basket","tag-kevin-punter","tag-secciones","tag-spain","tag-sports"],"share_on_mastodon":{"url":"https:\/\/pubeurope.com\/@es\/117172444017446589","error":""},"_links":{"self":[{"href":"https:\/\/www.europesays.com\/es\/wp-json\/wp\/v2\/posts\/735371","targetHints":{"allow":["GET"]}}],"collection":[{"href":"https:\/\/www.europesays.com\/es\/wp-json\/wp\/v2\/posts"}],"about":[{"href":"https:\/\/www.europesays.com\/es\/wp-json\/wp\/v2\/types\/post"}],"author":[{"embeddable":true,"href":"https:\/\/www.europesays.com\/es\/wp-json\/wp\/v2\/users\/2"}],"replies":[{"embeddable":true,"href":"https:\/\/www.europesays.com\/es\/wp-json\/wp\/v2\/comments?post=735371"}],"version-history":[{"count":0,"href":"https:\/\/www.europesays.com\/es\/wp-json\/wp\/v2\/posts\/735371\/revisions"}],"wp:featuredmedia":[{"embeddable":true,"href":"https:\/\/www.europesays.com\/es\/wp-json\/wp\/v2\/media\/735372"}],"wp:attachment":[{"href":"https:\/\/www.europesays.com\/es\/wp-json\/wp\/v2\/media?parent=735371"}],"wp:term":[{"taxonomy":"category","embeddable":true,"href":"https:\/\/www.europesays.com\/es\/wp-json\/wp\/v2\/categories?post=735371"},{"taxonomy":"post_tag","embeddable":true,"href":"https:\/\/www.europesays.com\/es\/wp-json\/wp\/v2\/tags?post=735371"}],"curies":[{"name":"wp","href":"https:\/\/api.w.org\/{rel}","templated":true}]}}