{"id":735399,"date":"2026-08-28T09:55:20","date_gmt":"2026-08-28T09:55:20","guid":{"rendered":"https:\/\/www.europesays.com\/es\/735399\/"},"modified":"2026-08-28T09:55:20","modified_gmt":"2026-08-28T09:55:20","slug":"dylan-osetkowski-presentado-como-nuevo-jugador-taronja","status":"publish","type":"post","link":"https:\/\/www.europesays.com\/es\/735399\/","title":{"rendered":"Dylan Osetkowski, presentado como nuevo jugador taronja"},"content":{"rendered":"<p class=\"ContentTypeText-module-scss-module__t80MYq__content__paragraph\"><strong>Dylan Osetkowski<\/strong> (2,07m, San Diego (California), 08\/08\/1996, 30 a\u00f1os) ha sido presentado como nuevo jugador de Valencia Basket para las dos pr\u00f3ximas temporadas en un acto que ha tenido lugar esta ma\u00f1ana en el Centro M\u00e9dico Quir\u00f3nsalud Mercado de Col\u00f3n.<\/p>\n<p class=\"ContentTypeText-module-scss-module__t80MYq__content__paragraph\">El jugador californiano procede del Partizan Mozzart Bet Belgrade, con el que la temporada pasada volvi\u00f3 a disputar la Euroliga y acredit\u00f3 unos n\u00fameros de 7,2 puntos con un 35,8% en triples y 2,9 rebotes para 7,3 de valoraci\u00f3n. Unos n\u00fameros que subi\u00f3 hasta los 8,4 puntos con un 39,4% en triples para 8,8 de valoraci\u00f3n en la Liga Adri\u00e1tica.<\/p>\n<p class=\"ContentTypeText-module-scss-module__t80MYq__content__paragraph\"><strong>Osetkowski<\/strong> conoce bien la Liga Endesa, ya que estuvo durante tres temporadas en Unicaja contribuyendo a que el conjunto malague\u00f1o levantase seis t\u00edtulos, siendo designado en el Quinteto Ideal de la acb en 2024 y siendo MVP de la FIBA Intercontinental Cup en ese mismo a\u00f1o. En sus 114 partidos de carrera acb, <strong>Dylan<\/strong> acredit\u00f3 una tarjeta de 10,7 puntos con un 36,4% en triples y 3,9 rebotes para 10,9 de valoraci\u00f3n.<\/p>\n<p class=\"ContentTypeText-module-scss-module__t80MYq__content__paragraph\">El nuevo ala-p\u00edvot de nuestro equipo masculino se ha atrevido a expresarse en espa\u00f1ol para sus primeras palabras como taronja para se\u00f1alar que <strong>\u201cten\u00eda muchas ganas de estar aqu\u00ed en Valencia. Entiendo que este a\u00f1o es un a\u00f1o hist\u00f3rico, despu\u00e9s del a\u00f1o pasado, con los t\u00edtulos. Y ahora con el 40\u00ba aniversario del club. Estoy aqu\u00ed para ayudar al club a ganar. No estoy aqu\u00ed para buscar mis sensaciones, ni para anotar, para ser el que tiene m\u00e1s puntos o rebotes. Solo quiero ganar. Y cuando estuve aqu\u00ed jugando con M\u00e1laga, pude sentir a la afici\u00f3n y a los fans, y tambi\u00e9n tengo muchas ganas de jugar enfrente de la afici\u00f3n\u201d<\/strong>.<\/p>\n<p>Quir\u00f3nsalud, patrocinador de esta presentaci\u00f3n<\/p>\n<p class=\"ContentTypeText-module-scss-module__t80MYq__content__paragraph\"><strong>Ximo Montenegro<\/strong>, director gerente de Quir\u00f3nsalud Valencia, ha ejercido como anfitri\u00f3n y representante de la empresa patrocinadora del evento de esta ma\u00f1ana y ha comenzado el turno de intervenciones para se\u00f1alas que <strong>\u201ces un orgullo y un honor para nosotros, y m\u00e1xime en este a\u00f1o despu\u00e9s de todos los triunfos, seguir cuidando la salud de toda esta magn\u00edfica familia y plantilla. Y esperamos que este sea otro a\u00f1o haciendo honor al gran 40 aniversario del Club\u201d<\/strong>.<\/p>\n<p class=\"ContentTypeText-module-scss-module__t80MYq__content__paragraph\">Por su parte, el responsable de Relaciones Institucionales y Primeros Equipos de Valencia Basket, <strong>V\u00edctor Luengo<\/strong>, ha comentado que <strong>\u201cQuir\u00f3nsalud es no un patrocinador, es un amigo que cuida de nuestra salud, de la salud de lo m\u00e1s importante que tenemos, que son nuestros jugadores y jugadoras de los primeros equipos. Pero no solo de ellos, sino tambi\u00e9n de toda L\u2019Alqueria y el futuro del baloncesto valenciano, que como bien sab\u00e9is, crece en L\u2019Alqueria. No solo es acompa\u00f1arnos, sino tambi\u00e9n patrocinar, como hac\u00e9is con la Liga Senior Quir\u00f3nsalud, que ya es un referente en la ciudad con m\u00e1s de 80 equipos y 1.200 participantes\u201d<\/strong>.<\/p>\n<p class=\"ContentTypeText-module-scss-module__t80MYq__content__paragraph\">Como muestra de este agradecimiento a Quir\u00f3nsalud como Servicio M\u00e9dico Oficial del Valencia Basket, <strong>V\u00edctor Luengo<\/strong> le ha hecho entrega a Ximo Montenegro de un cuadro conmemorativo con una peque\u00f1a camiseta de esta temporada con la leyenda \u201cQuir\u00f3nsalud 2026-27\u201d.<\/p>\n<p>Osetkowski, de vuelta a la Liga Endesa<\/p>\n<p class=\"ContentTypeText-module-scss-module__t80MYq__content__paragraph\"><strong>V\u00edctor Luengo<\/strong> ha continuado con su intervenci\u00f3n para dar la bienvenida al Valencia Basket a la primera de las incorporaciones de nuestras plantillas profesionales que ha sido presentada, el ala-p\u00edvot <strong>Dylan Osetkowski<\/strong>, del que ha comentado que <strong>\u201cse trata de un jugador vers\u00e1til, que nos puede ayudar en las dos posiciones interiores y nos da muchas posibilidades en el juego interior. Llega para al menos las dos pr\u00f3ximas temporadas, con treinta a\u00f1os reci\u00e9n cumplidos y en un momento de madurez profesional y personal, con una experiencia acumulada al m\u00e1ximo nivel que ser\u00e1 muy beneficiosa para el equipo. Toda su carrera ha demostrado que es un jugador con un tiro muy fiable, consistente y s\u00f3lido. Un gran jugador de equipo que no necesita sentirse protagonista para ayudar en los dos lados de la pista pero capacitado para dar un paso al frente y asumir un mayor protagonismo en los momentos necesarios, como acredita que fuera elegido en el Mejor Quinteto de la Liga Endesa en 2024\u201d<\/strong>.<\/p>\n<p class=\"ContentTypeText-module-scss-module__t80MYq__content__paragraph\">El interior norteamericano con pasaporte alem\u00e1n comentaba que el entrenador le ha pedido <strong>\u201cpoder jugar de cuatro y de cinco, poder ayudar tanto en ataque como en defensa. Creo que s\u00e9 c\u00f3mo ganar, creo que s\u00e9 lo que hace falta para jugar en la acb, creo que s\u00e9 lo que hace falta para jugar en la Euroliga. Solo quiero dar mi m\u00e1ximo, y creo que eso es lo que los entrenadores, el cuerpo t\u00e9cnico y los aficionados esperan de m\u00ed y de todos en el equipo este a\u00f1o. Estoy muy c\u00f3modo jugando en Espa\u00f1a. Creo que esta es una liga y un estilo de baloncesto que encajan muy bien conmigo. Aqu\u00ed hay mucho de mentalidad y de pensar el juego, y estoy muy ilusionado por volver a jugar como equipo y juntos, y jugar r\u00e1pido, jugar fuerte. Estoy muy emocionado por volver no solo a jugar aqu\u00ed en Espa\u00f1a, sino en un equipo como Valencia Basket y con estas normas y esta identidad que creo que me van a encajar muy bien\u201d<\/strong>.<\/p>\n","protected":false},"excerpt":{"rendered":"Dylan Osetkowski (2,07m, San Diego (California), 08\/08\/1996, 30 a\u00f1os) ha sido presentado como nuevo jugador de Valencia Basket&hellip;\n","protected":false},"author":2,"featured_media":735400,"comment_status":"","ping_status":"","sticky":false,"template":"","format":"standard","meta":{"footnotes":""},"categories":[269],"tags":[58880,299,298,168,130568,25,24,665,2436,23,167,2916],"class_list":["post-735399","post","type-post","status-publish","format-standard","has-post-thumbnail","category-baloncesto","tag-2026-27","tag-baloncesto","tag-basketball","tag-deportes","tag-dylan-osetkowski","tag-es","tag-espana","tag-liga-endesa","tag-presentacion","tag-spain","tag-sports","tag-valencia-basket"],"share_on_mastodon":{"url":"https:\/\/pubeurope.com\/@es\/117172537220674162","error":""},"_links":{"self":[{"href":"https:\/\/www.europesays.com\/es\/wp-json\/wp\/v2\/posts\/735399","targetHints":{"allow":["GET"]}}],"collection":[{"href":"https:\/\/www.europesays.com\/es\/wp-json\/wp\/v2\/posts"}],"about":[{"href":"https:\/\/www.europesays.com\/es\/wp-json\/wp\/v2\/types\/post"}],"author":[{"embeddable":true,"href":"https:\/\/www.europesays.com\/es\/wp-json\/wp\/v2\/users\/2"}],"replies":[{"embeddable":true,"href":"https:\/\/www.europesays.com\/es\/wp-json\/wp\/v2\/comments?post=735399"}],"version-history":[{"count":0,"href":"https:\/\/www.europesays.com\/es\/wp-json\/wp\/v2\/posts\/735399\/revisions"}],"wp:featuredmedia":[{"embeddable":true,"href":"https:\/\/www.europesays.com\/es\/wp-json\/wp\/v2\/media\/735400"}],"wp:attachment":[{"href":"https:\/\/www.europesays.com\/es\/wp-json\/wp\/v2\/media?parent=735399"}],"wp:term":[{"taxonomy":"category","embeddable":true,"href":"https:\/\/www.europesays.com\/es\/wp-json\/wp\/v2\/categories?post=735399"},{"taxonomy":"post_tag","embeddable":true,"href":"https:\/\/www.europesays.com\/es\/wp-json\/wp\/v2\/tags?post=735399"}],"curies":[{"name":"wp","href":"https:\/\/api.w.org\/{rel}","templated":true}]}}