{"id":735423,"date":"2026-08-28T10:15:14","date_gmt":"2026-08-28T10:15:14","guid":{"rendered":"https:\/\/www.europesays.com\/es\/735423\/"},"modified":"2026-08-28T10:15:14","modified_gmt":"2026-08-28T10:15:14","slug":"sera-capaz-alcaraz-de-ganar-el-us-open-responde-federer-hay-posibilidades-si","status":"publish","type":"post","link":"https:\/\/www.europesays.com\/es\/735423\/","title":{"rendered":"\u00bfSer\u00e1 capaz Alcaraz de ganar el US Open? Responde Federer: \u00abHay posibilidades si&#8230;\u00bb"},"content":{"rendered":"<p class=\"L6-news-detail__text\"><b><a title=\"Carlos Alcaraz\" href=\"https:\/\/www.lasexta.com\/noticias\/deportes\/tenis\/merida-desvela-claves-que-alcaraz-vuelva-mismo-nivel-siempre-entrenar_202608276a9017bbd16f763504a0e035.html\" target=\"_blank\" rel=\"nofollow noopener\">Carlos Alcaraz<\/a><\/b> afrontar\u00e1 su vuelta de manera oficial a las pistas en unos pocos d\u00edas. El de El Palmar ha atravesado y superado la que ha sido la peor lesi\u00f3n de su carrera como profesional este 2026. No hay que olvidar que <b>Carlitos<\/b> lleva sin competir desde el pasado mes de abril.<\/p>\n<p class=\"L6-news-detail__text\">Es por ello que pensar en ganar el <b>US Open<\/b> tras tanto tiempo de inactividad puede parecer demasiado atrevido. Sin embargo, <b><a title=\"Roger Federer\" href=\"https:\/\/www.lasexta.com\/noticias\/deportes\/tenis\/nervios-carlos-alcaraz-jugar-junto-serena-williams_202608276a8fdb70ae2f3735da16d267.html\" target=\"_blank\" rel=\"nofollow noopener\">Roger Federer<\/a><\/b> cree que el murciano tiene posibilidades de aspirar al t\u00edtulo pero se\u00f1ala varias situaciones que deber\u00edan darse para que <b>Alcaraz<\/b> se sintiera bien de cara a &#8216;jugar ese partido&#8217;.<\/p>\n<p class=\"L6-news-detail__text\">Roger tiene muy claro que todo depende del ritmo que tenga Carlitos y de la facilidad que tenga para moverse en pista: \u00abCreo que depende. Probablemente nosotros no lo sepamos a menos que teng\u00e1is informaci\u00f3n m\u00e1s concreta. <b>\u00bfCu\u00e1nto ha estado entrenando? <\/b>\u00bfHa podido entrenar al m\u00e1ximo? \u00bfCu\u00e1nto tiempo ha sido? \u00bfUna semana? \u00bfUn mes? Creo que eso marca la diferencia\u00bb.<\/p>\n<p class=\"L6-news-detail__text\">\u00abSi solo ha sido una semana, creo que ser\u00e1 muy complicado. Si ha sido un mes, le <b>doy buenas opciones de encontrar su ritmo pronto<\/b>. Necesita superar las primeras tres rondas para empezar a coger ritmo\u00bb, asegura Roger en declaraciones para &#8216;ESPN&#8217;.<\/p>\n<p class=\"L6-news-detail__text\">Federer dicta sentencia y se\u00f1ala que si Carlos ha podido entrenar al 100%, tendr\u00e1 opciones de ganar su tercer US Open: \u00abSi ha tenido un mes de entrenamientos de calidad, o al menos m\u00e1s de una semana, creo que eso <b>le ayudar\u00e1 realmente a sentir que puede ganar el torneo<\/b>\u00ab.<\/p>\n<p class=\"L6-news-detail__text\"><b><a title=\"*A\u00f1ade laSexta como tu medio de referencia en Google y no te pierdas toda la actualidad y el mejor contenido\" href=\"https:\/\/www.google.com\/preferences\/source?q=lasexta.com\" target=\"_blank\" rel=\"nofollow noopener\">*A\u00f1ade laSexta como tu medio de referencia en Google y no te pierdas toda la actualidad y el mejor contenido<\/a><\/b><\/p>\n<p class=\"L6-support-news-video__title\">Fichaje cerrado<\/p>\n<p> <a href=\"https:\/\/www.lasexta.com\/noticias\/deportes\/futbol\/rodri-barca-acuerdo-cerrado-barcelona-manchester-city_202608166a8211eba046ad6ebcb502e2.html\" class=\"L6-news__link\" rel=\"nofollow noopener\" target=\"_blank\">Rodri, al Bar\u00e7a: acuerdo cerrado entre FC Barcelona y Manchester City<\/p>\n<p class=\"recirculation-video-desc\">El contexto El centrocampista y capit\u00e1n de la selecci\u00f3n espa\u00f1ola ser\u00e1 nuevo jugador cul\u00e9 en las pr\u00f3ximas horas despu\u00e9s de un verano de rumores y giros.<\/p>\n<p> <\/a><\/p>\n","protected":false},"excerpt":{"rendered":"Carlos Alcaraz afrontar\u00e1 su vuelta de manera oficial a las pistas en unos pocos d\u00edas. El de El&hellip;\n","protected":false},"author":2,"featured_media":735424,"comment_status":"","ping_status":"","sticky":false,"template":"","format":"standard","meta":{"footnotes":""},"categories":[274],"tags":[114511,168,25,24,110362,3440,23,167,327,326,541],"class_list":["post-735423","post","type-post","status-publish","format-standard","has-post-thumbnail","category-tenis","tag-carlos-alcaraz-garfia","tag-deportes","tag-es","tag-espana","tag-noticias-ultima-hora","tag-roger-federer","tag-spain","tag-sports","tag-tenis","tag-tennis","tag-us-open"],"share_on_mastodon":{"url":"https:\/\/pubeurope.com\/@es\/117172615795610947","error":""},"_links":{"self":[{"href":"https:\/\/www.europesays.com\/es\/wp-json\/wp\/v2\/posts\/735423","targetHints":{"allow":["GET"]}}],"collection":[{"href":"https:\/\/www.europesays.com\/es\/wp-json\/wp\/v2\/posts"}],"about":[{"href":"https:\/\/www.europesays.com\/es\/wp-json\/wp\/v2\/types\/post"}],"author":[{"embeddable":true,"href":"https:\/\/www.europesays.com\/es\/wp-json\/wp\/v2\/users\/2"}],"replies":[{"embeddable":true,"href":"https:\/\/www.europesays.com\/es\/wp-json\/wp\/v2\/comments?post=735423"}],"version-history":[{"count":0,"href":"https:\/\/www.europesays.com\/es\/wp-json\/wp\/v2\/posts\/735423\/revisions"}],"wp:featuredmedia":[{"embeddable":true,"href":"https:\/\/www.europesays.com\/es\/wp-json\/wp\/v2\/media\/735424"}],"wp:attachment":[{"href":"https:\/\/www.europesays.com\/es\/wp-json\/wp\/v2\/media?parent=735423"}],"wp:term":[{"taxonomy":"category","embeddable":true,"href":"https:\/\/www.europesays.com\/es\/wp-json\/wp\/v2\/categories?post=735423"},{"taxonomy":"post_tag","embeddable":true,"href":"https:\/\/www.europesays.com\/es\/wp-json\/wp\/v2\/tags?post=735423"}],"curies":[{"name":"wp","href":"https:\/\/api.w.org\/{rel}","templated":true}]}}