{"id":735483,"date":"2026-08-28T11:04:18","date_gmt":"2026-08-28T11:04:18","guid":{"rendered":"https:\/\/www.europesays.com\/es\/735483\/"},"modified":"2026-08-28T11:04:18","modified_gmt":"2026-08-28T11:04:18","slug":"musica-ambiente-y-aficion-en-la-sierra-para-convertir-el-paso-de-la-vuelta-en-una-gran-fiesta-provincial","status":"publish","type":"post","link":"https:\/\/www.europesays.com\/es\/735483\/","title":{"rendered":"M\u00fasica, ambiente y afici\u00f3n en la Sierra para convertir el paso de La Vuelta en una gran fiesta provincial"},"content":{"rendered":"<p> La Vuelta Ciclista<\/p>\n<p>Bandas de m\u00fasica, charangas, cuadrillas y hasta una sesi\u00f3n DJ animar\u00e1n el recorrido de la 10\u00aa etapa el pr\u00f3ximo 1 de septiembre, desde la salida en Alcaraz hasta la fiesta final en Elche de la Sierra<\/p>\n<p class=\"articleSignature-name\"> Onda Cero Albacete <\/p>\n<p class=\"articleSignature-datecontent\"> Albacete  |    <strong>28.08.2026 06:01 <\/strong>  <\/p>\n<p><img loading=\"lazy\" decoding=\"async\" title=\"M\u00fasica, ambiente y afici\u00f3n en la Sierra para convertir el paso de La Vuelta en una gran fiesta provincial\" alt=\"M\u00fasica, ambiente y afici\u00f3n en la Sierra para convertir el paso de La Vuelta en una gran fiesta provincial\" width=\"480\" height=\"270\" src=\"https:\/\/www.europesays.com\/es\/wp-content\/uploads\/2026\/08\/musica-ambiente-aficion-sierra-convertir-paso-vuelta-gran-fiesta-provincial_70.jpg\"\/>M\u00fasica, ambiente y afici\u00f3n en la Sierra para convertir el paso de La Vuelta en una gran fiesta provincial | Diputaci\u00f3n provincial<\/p>\n","protected":false},"excerpt":{"rendered":"La Vuelta Ciclista Bandas de m\u00fasica, charangas, cuadrillas y hasta una sesi\u00f3n DJ animar\u00e1n el recorrido de la&hellip;\n","protected":false},"author":2,"featured_media":735484,"comment_status":"","ping_status":"","sticky":false,"template":"","format":"standard","meta":{"footnotes":""},"categories":[273],"tags":[10689,313,312,168,25,24,2328,30606,117444,23,167],"class_list":["post-735483","post","type-post","status-publish","format-standard","has-post-thumbnail","category-ciclismo","tag-animacion","tag-ciclismo","tag-cycling","tag-deportes","tag-es","tag-espana","tag-fiesta","tag-la-vuelta-ciclista-a-espana","tag-onda-cero-albacete","tag-spain","tag-sports"],"share_on_mastodon":{"url":"https:\/\/pubeurope.com\/@es\/117172808370232554","error":""},"_links":{"self":[{"href":"https:\/\/www.europesays.com\/es\/wp-json\/wp\/v2\/posts\/735483","targetHints":{"allow":["GET"]}}],"collection":[{"href":"https:\/\/www.europesays.com\/es\/wp-json\/wp\/v2\/posts"}],"about":[{"href":"https:\/\/www.europesays.com\/es\/wp-json\/wp\/v2\/types\/post"}],"author":[{"embeddable":true,"href":"https:\/\/www.europesays.com\/es\/wp-json\/wp\/v2\/users\/2"}],"replies":[{"embeddable":true,"href":"https:\/\/www.europesays.com\/es\/wp-json\/wp\/v2\/comments?post=735483"}],"version-history":[{"count":0,"href":"https:\/\/www.europesays.com\/es\/wp-json\/wp\/v2\/posts\/735483\/revisions"}],"wp:featuredmedia":[{"embeddable":true,"href":"https:\/\/www.europesays.com\/es\/wp-json\/wp\/v2\/media\/735484"}],"wp:attachment":[{"href":"https:\/\/www.europesays.com\/es\/wp-json\/wp\/v2\/media?parent=735483"}],"wp:term":[{"taxonomy":"category","embeddable":true,"href":"https:\/\/www.europesays.com\/es\/wp-json\/wp\/v2\/categories?post=735483"},{"taxonomy":"post_tag","embeddable":true,"href":"https:\/\/www.europesays.com\/es\/wp-json\/wp\/v2\/tags?post=735483"}],"curies":[{"name":"wp","href":"https:\/\/api.w.org\/{rel}","templated":true}]}}