{"id":735503,"date":"2026-08-28T11:19:14","date_gmt":"2026-08-28T11:19:14","guid":{"rendered":"https:\/\/www.europesays.com\/es\/735503\/"},"modified":"2026-08-28T11:19:14","modified_gmt":"2026-08-28T11:19:14","slug":"la-primitiva-deja-un-premio-de-segunda-categoria-de-mas-de-97-000-euros-en-un-pueblo-de-segovia","status":"publish","type":"post","link":"https:\/\/www.europesays.com\/es\/735503\/","title":{"rendered":"La Primitiva deja un premio de segunda categor\u00eda de m\u00e1s de 97.000 euros en un pueblo de Segovia"},"content":{"rendered":"<p style=\"\">El sorteo de La Primitiva celebrado la noche de este jueves dej\u00f3 un premio de segunda categor\u00eda, dotado con 97.046 euros, en Ayll\u00f3n, gracias  &#8230; a un boleto validado en el despacho receptor n\u00famero 70.185 de la localidad, situado en la Plaza Mayor, 27.<\/p>\n<p class=\"v-d-p\" style=\"\">Se trata de uno de los dos acertantes de segunda categor\u00eda (cinco aciertos m\u00e1s el n\u00famero complementario) registrados en toda Espa\u00f1a, ya que el otro fue sellado en una administraci\u00f3n de La Carlota (C\u00f3rdoba).<\/p>\n<ul class=\"v-cmp-rld__u\">\n<li class=\"v-cmp-rld__l\">\n<p><a class=\"v-a-lnk\" href=\"http:\/\/www.elnortedecastilla.es\/segovia\/cliente-habitual-tienda-gabi-cuellar-gana-732000-20260805201052-nt.html#vtm_modulosEngag=noticiasrelacionadas-cmp-uno:segovia:noticia:1\" data-voc-vtm-id=\"in-text-traffic\" rel=\"nofollow noopener\" target=\"_blank\"><br \/>\n<img decoding=\"async\" loading=\"lazy\" src=\"https:\/\/www.europesays.com\/es\/wp-content\/uploads\/2026\/08\/loteriacuellar-U02331607180GyE-366x256@El Norte.jpg\" class=\"v-a-img\" width=\"258\" height=\"180\" alt=\"Un \u00abcliente habitual\u00bb de la Tienda Gabi, de Cu\u00e9llar, gana 732.000 euros en la Bonoloto\"\/><br \/>\n<\/a><\/p>\n<\/li>\n<\/ul>\n<p class=\"v-d-p\" style=\"\">El sorteo no registr\u00f3 acertantes de categor\u00eda especial (seis aciertos m\u00e1s reintegro) ni de primera categor\u00eda (seis aciertos), por lo que el fondo destinado a ambos premios se acumular\u00e1 para el pr\u00f3ximo sorteo. De este modo, un \u00fanico acertante de primera categor\u00eda con categor\u00eda especial podr\u00eda ganar siete millones de euros.<\/p>\n<p class=\"v-d-p\" style=\"\">La combinaci\u00f3n ganadora estuvo formada por los n\u00fameros 2, 8, 9, 33, 36 y 38. El n\u00famero complementario fue el 48 y el reintegro correspondi\u00f3 al 3. La recaudaci\u00f3n del sorteo ascendi\u00f3 a 10,2 millones de euros.<\/p>\n","protected":false},"excerpt":{"rendered":"El sorteo de La Primitiva celebrado la noche de este jueves dej\u00f3 un premio de segunda categor\u00eda, dotado&hellip;\n","protected":false},"author":2,"featured_media":735504,"comment_status":"","ping_status":"","sticky":false,"template":"","format":"standard","meta":{"footnotes":""},"categories":[80],"tags":[130581,82,1568,51,95,94,25,24,1557,843,728,4899,1406,3745,23],"class_list":["post-735503","post","type-post","status-publish","format-standard","has-post-thumbnail","category-economia","tag-130581","tag-business","tag-categoria","tag-deja","tag-economia","tag-economy","tag-es","tag-espana","tag-euros","tag-premio","tag-primitiva","tag-pueblo","tag-segovia","tag-segunda","tag-spain"],"share_on_mastodon":{"url":"https:\/\/pubeurope.com\/@es\/117172868656301388","error":""},"_links":{"self":[{"href":"https:\/\/www.europesays.com\/es\/wp-json\/wp\/v2\/posts\/735503","targetHints":{"allow":["GET"]}}],"collection":[{"href":"https:\/\/www.europesays.com\/es\/wp-json\/wp\/v2\/posts"}],"about":[{"href":"https:\/\/www.europesays.com\/es\/wp-json\/wp\/v2\/types\/post"}],"author":[{"embeddable":true,"href":"https:\/\/www.europesays.com\/es\/wp-json\/wp\/v2\/users\/2"}],"replies":[{"embeddable":true,"href":"https:\/\/www.europesays.com\/es\/wp-json\/wp\/v2\/comments?post=735503"}],"version-history":[{"count":0,"href":"https:\/\/www.europesays.com\/es\/wp-json\/wp\/v2\/posts\/735503\/revisions"}],"wp:featuredmedia":[{"embeddable":true,"href":"https:\/\/www.europesays.com\/es\/wp-json\/wp\/v2\/media\/735504"}],"wp:attachment":[{"href":"https:\/\/www.europesays.com\/es\/wp-json\/wp\/v2\/media?parent=735503"}],"wp:term":[{"taxonomy":"category","embeddable":true,"href":"https:\/\/www.europesays.com\/es\/wp-json\/wp\/v2\/categories?post=735503"},{"taxonomy":"post_tag","embeddable":true,"href":"https:\/\/www.europesays.com\/es\/wp-json\/wp\/v2\/tags?post=735503"}],"curies":[{"name":"wp","href":"https:\/\/api.w.org\/{rel}","templated":true}]}}