{"id":735509,"date":"2026-08-28T11:22:12","date_gmt":"2026-08-28T11:22:12","guid":{"rendered":"https:\/\/www.europesays.com\/es\/735509\/"},"modified":"2026-08-28T11:22:12","modified_gmt":"2026-08-28T11:22:12","slug":"ramis-la-expulsion-nos-ayuda-pero-perdiamos-1-0-sin-merecerlo-la-voz-de-galicia","status":"publish","type":"post","link":"https:\/\/www.europesays.com\/es\/735509\/","title":{"rendered":"Ramis: \u00abLa expulsi\u00f3n nos ayuda, pero perd\u00edamos 1-0 sin merecerlo\u00bb &#8211; La Voz de Galicia"},"content":{"rendered":"<ol>\n<li><a href=\"https:\/\/news.google.com\/rss\/articles\/CBMi1AFBVV95cUxPLWhNS001Ukk3b1BTcG1EZExJdTAyMEQ5blV4bzI2bmpnendad0lGQkgxMGl6Q0dibklJb1hlVkl2UnJCREozY3c4d2MxajhrSVhFZl8tOE9fXzdkSGk5Zzl3by1GdlI2ZmNwWXI5U0NpaUc5UFFXQVdmeWJvaVh6ZEVaZUtIREtlaFk5eDVwa3RoWUllVlNkeFZzR0laaDRkSDZyVFEwOUlHX24xMjVuVHRJRUVfXzhOZkRQTDk2Njc0ZVpEYVM1VEpoVnBQUVlUa1RtNNIB8AFBVV95cUxPZllaY09fLV9RV1Y4RVVFZ0RtR3hGMWVsTzUxNkt3NFlqLXZxMmdPd3RQa09MUU1BZXZDSFZUSFZPTEJnYmhyLUczalhyNml0ZUQ5bFNac0dicWlzTFNRTkh3WEtHcnFLRkRTR0tZYzNJS2lEclBvX2gxZTZXbmNqdmtMZzcxSVkwM2xwY0JfZVJZZG5EOV9Gb1A4UWg3blZaYlFWM2RrVGdXS2ozTUQ5bjNqUVNmTWg1MHB0dGVxUTZ0T3hFM1Q2YVBITWFzczM0UEFZRjJuejRJSXo2b0JaNC1nVDdWak9WYmhLbGNwTHM?oc=5\" target=\"_blank\" rel=\"nofollow noopener\">Ramis: \u00abLa expulsi\u00f3n nos ayuda, pero perd\u00edamos 1-0 sin merecerlo\u00bb<\/a>&nbsp;&nbsp;La Voz de Galicia<\/li>\n<li><a href=\"https:\/\/news.google.com\/rss\/articles\/CBMivAFBVV95cUxNRHIzOXFhTm5lYnVqYlRkSFFnZXNvZnVyY3NXYXFaVFlFQ1pXMnFiaHFyOTRDSExWUEVMYXB3cTVmTHRobGZNQl82eTJORk9NSVFnNk02djNxRUlNZ3NDZ1RxejdkV1BnLXBiOEVnNEgxZ3dXUGwxX0FGaXNDeHpLTnd6TllVOW9NczI2QUR2Ylh5YmhCbWhqUThPc3dtZTRUN0NBLThnd3h0LWdjLTc2Z2tmSDMtdkNxcU52dw?oc=5\" target=\"_blank\" rel=\"nofollow noopener\">Osasuna saca r\u00e9dito en Bala\u00eddos de la inferioridad num\u00e9rica del Celta | F\u00fatbol | Deportes<\/a>&nbsp;&nbsp;EL PA\u00cdS<\/li>\n<li><a href=\"https:\/\/news.google.com\/rss\/articles\/CBMitAFBVV95cUxOVXZ4QjVQNFJyUF9Dc2ZKSmluN2ZpMG5kTVhqMlZxNEhVUUFJQTBZMzZpbUZUMlBRTnJzRTc4WV83Y3JTNTVCMG9yOFE3NWhKWkFUWmNpQXdlcnJtQjJ6Y0VxVU9Ic3NSOFRRLXBUSlZFRzZhR1FINVlhTEQ5eHM2WjVvRTNLdW9lMWZfTzVySHJqY3JVSWhXcnphdVZaUjFka3NJdG9mTjVZWnhicE1XMk5qVzg?oc=5\" target=\"_blank\" rel=\"nofollow noopener\">La moneda cay\u00f3 del lado rojillo<\/a>&nbsp;&nbsp;Diario de Navarra<\/li>\n<li><a href=\"https:\/\/news.google.com\/rss\/articles\/CBMijAFBVV95cUxNbjV3ZGxHaU9rMXpkZEVtNmgxcV9Tdy00ai1xaEJGQXJ3Qng3a0JWRHM2OVAxeGcyNV9YSWkwWjJCWFRrLWNGLXlsaXA2dVU3WWRIb3JRS1hHTmk5cmNGc2JVbjFUejZaSEFDb2xRRkJIWlJ0V0FacjNwWlVZQUxQYy0ybnFOT1VNREdmc9IBoAFBVV95cUxPX0lxcnpzR2FjLUR6STg2UkpZMEY1MHRlOGdVN2hGeDNEcWYxMnN5MzVKOEsxZ2lrM3BkS2p3TlV3Qy14eFRuU2FqWTVCS3BqUGoya3dTRF9saWF0ZkhiY0M5NGVrejdRdlJGZWlMN2RWa0VWTGN4U0NPU0ZFSGhOejhNaHhlaXJSS1RjMEtpSFdGdHhPREZsekJ4NnZlYjZH?oc=5\" target=\"_blank\" rel=\"nofollow noopener\">Barja y Budimir pinchan las ruedas al Celta<\/a>&nbsp;&nbsp;Diario AS<\/li>\n<li><a href=\"https:\/\/news.google.com\/rss\/articles\/CBMigwFBVV95cUxNWVdaNWUtZnJCallxd0s0M1FMOVc3cERmV3lUN2xtWm1jMlB1MnhPUVhLUUc3QVRIRnNtd0t6QW8taUtoQzFlOUF5V0dmeEZvSDNDVGM3WlZSSjVUOF9uWjNjNU52VmVBc0FkS3puMm1MX0phWkU3ZnZQT1liRGFTclk5SdIBiAFBVV95cUxPc3BHS3FyQ3JyeGd3Y3pZczJwT1BZN2FxYWZ2QTh5SXhFZ25NNDJsZmZQWmp4NmZtSUFxQ0pGRzR4aEUyemVTNlVjSlNHU050QThiMGowbDlQRUY4ZmlpR1RWTTdKVXh6VG9xT0FEckZEVm1iWGdlVUc5UmVvb3BweTBERzBDbXNq?oc=5\" target=\"_blank\" rel=\"nofollow noopener\">El VAR lo cambia todo<\/a>&nbsp;&nbsp;Noticias de Navarra<\/li>\n<\/ol>\n","protected":false},"excerpt":{"rendered":"Ramis: \u00abLa expulsi\u00f3n nos ayuda, pero perd\u00edamos 1-0 sin merecerlo\u00bb&nbsp;&nbsp;La Voz de Galicia Osasuna saca r\u00e9dito en Bala\u00eddos&hellip;\n","protected":false},"author":2,"featured_media":735510,"comment_status":"","ping_status":"","sticky":false,"template":"","format":"standard","meta":{"footnotes":""},"categories":[5],"tags":[17,18,290,25,24,13,14,11,19,20,9,10,15,16,23,12,21,22],"class_list":["post-735509","post","type-post","status-publish","format-standard","has-post-thumbnail","category-titulares","tag-breaking-news","tag-breakingnews","tag-celta","tag-es","tag-espana","tag-featured-news","tag-featurednews","tag-headlines","tag-latest-news","tag-latestnews","tag-news","tag-noticias","tag-noticias-destacadas","tag-noticiasdestacadas","tag-spain","tag-titulares","tag-ultimas-noticias","tag-ultimasnoticias"],"share_on_mastodon":{"url":"https:\/\/pubeurope.com\/@es\/117172879066776176","error":""},"_links":{"self":[{"href":"https:\/\/www.europesays.com\/es\/wp-json\/wp\/v2\/posts\/735509","targetHints":{"allow":["GET"]}}],"collection":[{"href":"https:\/\/www.europesays.com\/es\/wp-json\/wp\/v2\/posts"}],"about":[{"href":"https:\/\/www.europesays.com\/es\/wp-json\/wp\/v2\/types\/post"}],"author":[{"embeddable":true,"href":"https:\/\/www.europesays.com\/es\/wp-json\/wp\/v2\/users\/2"}],"replies":[{"embeddable":true,"href":"https:\/\/www.europesays.com\/es\/wp-json\/wp\/v2\/comments?post=735509"}],"version-history":[{"count":0,"href":"https:\/\/www.europesays.com\/es\/wp-json\/wp\/v2\/posts\/735509\/revisions"}],"wp:featuredmedia":[{"embeddable":true,"href":"https:\/\/www.europesays.com\/es\/wp-json\/wp\/v2\/media\/735510"}],"wp:attachment":[{"href":"https:\/\/www.europesays.com\/es\/wp-json\/wp\/v2\/media?parent=735509"}],"wp:term":[{"taxonomy":"category","embeddable":true,"href":"https:\/\/www.europesays.com\/es\/wp-json\/wp\/v2\/categories?post=735509"},{"taxonomy":"post_tag","embeddable":true,"href":"https:\/\/www.europesays.com\/es\/wp-json\/wp\/v2\/tags?post=735509"}],"curies":[{"name":"wp","href":"https:\/\/api.w.org\/{rel}","templated":true}]}}