{"id":735539,"date":"2026-08-28T11:43:16","date_gmt":"2026-08-28T11:43:16","guid":{"rendered":"https:\/\/www.europesays.com\/es\/735539\/"},"modified":"2026-08-28T11:43:16","modified_gmt":"2026-08-28T11:43:16","slug":"las-tensiones-geopoliticas-llevan-a-islandia-a-replantearse-su-ingreso-en-la-ue","status":"publish","type":"post","link":"https:\/\/www.europesays.com\/es\/735539\/","title":{"rendered":"Las tensiones geopol\u00edticas llevan a Islandia a replantearse su ingreso en la UE"},"content":{"rendered":"<p style=\"\">En 2013, Islandia anunci\u00f3 que interrump\u00eda las negociaciones de adhesi\u00f3n a la Uni\u00f3n Europea, despu\u00e9s de un fulgurante proceso que estaba a punto de terminar. Esta peque\u00f1a isla remota de apenas 400.000 habitantes ya goza de unas relaciones privilegiadas con la UE como parte  &#8230; del mercado \u00fanico y del espacio Schengen.<\/p>\n<p class=\"v-d-p\" style=\"\">Sin embargo, la inflaci\u00f3n, una moneda sometida a la volatilidad de una situaci\u00f3n geopol\u00edtica m\u00e1s complicada \u2013especialmente la guerra de Ucrania y las tensiones en el \u00c1rtico\u2013 <strong>han hecho que los islandeses vean ahora la UE y eventualmente el euro como una fuente de estabilidad<\/strong>. <\/p>\n<p class=\"v-d-p\" style=\"\">El refer\u00e9ndum de este s\u00e1bado pregunta a los votantes islandeses si son partidarios o no de reanudar esas negociaciones. El Gobierno insiste en que <strong>no se est\u00e1 decidiendo todav\u00eda si el pa\u00eds se convierte en el miembro numero 28 de la Uni\u00f3n, sino si se reanudan las negociaciones<\/strong>. Pero las encuestas predicen un empate t\u00e9cnico con una ventaja de apenas un par de puntos a favor de sentarse de nuevo con los representantes de Bruselas.<\/p>\n<ul class=\"v-cmp-rld__u\">\n<li class=\"v-cmp-rld__l\">\n<p><a class=\"v-a-lnk\" href=\"http:\/\/www.abc.es\/internacional\/ue-anuncia-21o-paquete-sanciones-bancos-rusos-20260609135626-nt.html#vtm_modulosEngag=noticiasrelacionadas-cmp-uno:internacional:noticia:1\" data-voc-vtm-id=\"in-text-traffic\" rel=\"nofollow noopener\" target=\"_blank\"><br \/>\n<img decoding=\"async\" loading=\"lazy\" src=\"https:\/\/www.europesays.com\/es\/wp-content\/uploads\/2026\/08\/1512939527-U30021023255Gwf-366x256@diario_abc.jpg\" class=\"v-a-img\" width=\"258\" height=\"180\" alt=\"Von der Leyen anuncia el inicio formal de las negociaciones para la adhesi\u00f3n de Ucrania y Moldavia a la UE\"\/><br \/>\n<\/a><\/p>\n<\/li>\n<\/ul>\n<p class=\"v-d-p\" style=\"\">\u00abNo se trata de decidir si Islandia se unir\u00e1, sino de elegir un acuerdo en lugar de la ausencia de acuerdo, informaci\u00f3n en lugar de un caos informativo\u00bb, ha explicado en un articulo de opini\u00f3n la actual ministra de Justicia Torbjorg Sigridur Gunnlaugsd\u00f3tir. \u00abNo necesitamos resolver todas las cuestiones sobre las ventajas y desventajas de la UE en las pr\u00f3ximas dos semanas. No rechacemos un acuerdo que nadie ha visto; lo analizamos primero y luego decidamos\u00bb, ha a\u00f1adido.<\/p>\n<p class=\"v-d-p\" style=\"\">Desde la \u00faltima vez que Islandia particip\u00f3 en las negociaciones de adhesi\u00f3n a la UE entre 2009 y 2013, la situaci\u00f3n ha cambiado considerablemente, en especial en la propia Islandia. La coalici\u00f3n de Gobierno entre progresistas y nacionalistas que decidi\u00f3 pedir a la UE que dejase de considerarles un pa\u00eds candidato fue derrotada y sustituida en 2024 por una coalici\u00f3n de centroizquierda y proeuropea. La nueva coalici\u00f3n ha asistido con estupor al episodio de <a href=\"https:\/\/www.abc.es\/internacional\/trump-vuelve-reclamar-groenlandia-llegada-cumbre-otan-20260707155408-nt.html\" target=\"_self\" data-voc-vtm-id=\"in-text-traffic\" data-mrf-link=\"www.abc.es\" rel=\"nofollow noopener\">los intentos de Estados Unidos de hacerse con la vecina Groenlandia<\/a>, mientras <a href=\"https:\/\/www.abc.es\/internacional\/otan-caza-submarino-ruso-amenazado-portaaviones-estadounidense-20250828201245-nt.html\" target=\"_self\" data-voc-vtm-id=\"in-text-traffic\" data-mrf-link=\"www.abc.es\" rel=\"nofollow noopener\">los submarinos rusos merodean por el \u00c1rtico<\/a>.<\/p>\n<p class=\"v-a-t\">\n\u00abIslandia ya forma parte del mercado \u00fanico. Si el proceso se pusiera en marcha ahora mismo, las negociaciones de adhesi\u00f3n se podr\u00edan finalizar en uno o dos a\u00f1os\u00bb\n<\/p>\n<p class=\"v-pst__p\">Marta Kos<\/p>\n<p class=\"v-pst__j\">Comisaria de Ampliaci\u00f3n de la UE<\/p>\n<p class=\"v-d-p\" style=\"\">Tambi\u00e9n la propia UE ha cambiado mucho desde entonces y tiene ya una pol\u00edtica de defensa activa, que es vital para un pa\u00eds que, aunque es miembro de la OTAN, carece de Ej\u00e9rcito propio. <strong>Adem\u00e1s, Bruselas hab\u00eda decidido aparcar cualquier proyecto de ampliaci\u00f3n a nuevos socios<\/strong> hasta esta legislatura en la que ha vuelto a abrir el departamento mirando a Ucrania y a los Balcanes.<\/p>\n<p class=\"v-d-p\" style=\"\">En realidad, la situaci\u00f3n de Islandia respecto a Europa es tan estrecha que si se reanudasen las negociaciones podr\u00edan llegar a t\u00e9rmino en un espacio de tiempo muy reducido. Marta Kos, comisaria de Ampliaci\u00f3n considera que si el proceso se pusiera en marcha ahora mismo, Islandia podr\u00eda estar lista para ingresar a medio plazo: \u00abYa forma parte del mercado \u00fanico, por lo que podr\u00eda finalizar las negociaciones de adhesi\u00f3n en uno o dos a\u00f1os\u00bb, afirm\u00f3 la responsable europea. <\/p>\n<p>\nSimilitud con el caso de Noruega\n<\/p>\n<p class=\"v-d-p\" style=\"\">Su situaci\u00f3n es muy parecida a la de Noruega que solicit\u00f3 su adhesi\u00f3n en 1992 y tard\u00f3 dos a\u00f1os en las negociaciones, pero una vez firmado el tratado en 1994 los noruegos lo rechazaron en refer\u00e9ndum. Los dos pa\u00edses tienen el estatus m\u00e1s parecido posible al de miembro de pleno derecho, aplican toda la legislaci\u00f3n europea y se benefician de todos sus programas, aunque no participan ni en el proceso legislativo del Parlamento ni en la toma de decisiones del Consejo. <\/p>\n<p class=\"v-d-p\" style=\"\">Para los noruegos, la cuesti\u00f3n esencial para no dar el paso definitivo fue la impresi\u00f3n de que <strong>la UE limitar\u00eda su capacidad de decisi\u00f3n en el campo de su principal industria, la petrolera<\/strong>. En el caso de Islandia sucede lo mismo con la pesca, que entonces era su principal fuente de ingresos. Ahora el turismo es la principal actividad econ\u00f3mica del pa\u00eds con m\u00e1s del doble de cifra de negocios que el pescado. Y su capacidad casi ilimitada de energ\u00eda limpia y segura gracias a la geotermia le abre un gran abanico de posibilidades ante un futuro marcado por los centros de datos y la inteligencia artificial, para lo cual necesitar\u00e1 la protecci\u00f3n de la UE.<\/p>\n<p class=\"v-d-p\" style=\"\">Igual que sucedi\u00f3 en el refer\u00e9ndum sobre la salida del Reino Unido, los islandeses tambi\u00e9n han pedido a la Comisi\u00f3n Europea que se abstenga de intervenir en la campa\u00f1a electoral, cosa que Bruselas ha cumplido solo a medias. El 30 de septiembre la Comisi\u00f3n presentar\u00e1 una bater\u00eda de propuestas sobre c\u00f3mo ajustar el mecanismo de la ampliaci\u00f3n a las nuevas circunstancias pol\u00edticas y se lo presentar\u00e1 a los l\u00edderes de los pa\u00edses miembros en el Consejo Europeo a mediados de octubre.<\/p>\n<p class=\"v-d-p\" style=\"\">Seg\u00fan la comisaria Kos, se pretende reformar el sistema en cuatro \u00e1reas que incluyen proponer periodos transitorios para que los nuevos miembros se adhieran sucesivamente a ciertas pol\u00edticas comunes, o la reforma de la propia Uni\u00f3n incluyendo la reducci\u00f3n del n\u00famero de comisarios o la imposici\u00f3n de salvaguardias legales para sancionar a los pa\u00edses que experimenten retrocesos democr\u00e1ticos despu\u00e9s de su ingreso.<\/p>\n<p>Canad\u00e1 prosigue su acercamiento a la UE<\/p>\n<p class=\"v-d-p \">\nEn la sala de espera de la UE hay ahora mismo negociaciones con seis pa\u00edses. La mayor\u00eda de los Balcanes occidentales, esperando tambi\u00e9n a que se resuelvan sus disputas internas para concluir el proceso, aunque el principal proyecto de ampliaci\u00f3n en estos momentos es Ucrania, un pa\u00eds convertido a causa de la invasi\u00f3n rusa en un actor esencial del panorama geopol\u00edtico del bloque.\n<\/p>\n<p class=\"v-d-p \">\nSin embargo, en los \u00faltimos meses se ha constatado un elemento inesperado en este campo: el creciente acercamiento de Canad\u00e1 a la UE, impulsado con la misma intensidad con la que percibe las agresiones de la Administraci\u00f3n Trump.\n<\/p>\n<p class=\"v-d-p \">\nEste mes de junio, despu\u00e9s de una visita oficial, el presidente de la Rep\u00fablica de Finlandia, Alexander Stubb, plante\u00f3 p\u00fablicamente la posibilidad de que Canad\u00e1 se convirtiera en miembro de la UE, en el contexto de las amenazas de Trump. Despu\u00e9s, el primer ministro canadiense, Mark Carney, fue invitado a la reuni\u00f3n de la Comunidad Pol\u00edtica Europea, que agrupa a la UE y a todos sus vecinos. Bruselas ha confirmado que Carney tambi\u00e9n ha sido invitado a asistir en Estrasburgo al discurso sobre el Estado de la Uni\u00f3n, el acto pol\u00edtico m\u00e1s importante del a\u00f1o en la UE.\n<\/p>\n<p class=\"v-d-p\" style=\"\">Pero habitualmente nada de eso tiene verdadero peso en una decisi\u00f3n como la del refer\u00e9ndum de este s\u00e1bado. Una de las \u00faltimas encuestas publicada por el diario isl\u00e1ndico &#8216;V\u00edsir&#8217; sugiere que la contienda est\u00e1 muy igualada, con una ligera ventaja para el \u00abS\u00ed\u00bb. <strong>El 51,3% de los encuestados votar\u00e1 a favor, mientras que el 48,7% en contra<\/strong>. La decisi\u00f3n no est\u00e1 clara.<\/p>\n","protected":false},"excerpt":{"rendered":"En 2013, Islandia anunci\u00f3 que interrump\u00eda las negociaciones de adhesi\u00f3n a la Uni\u00f3n Europea, despu\u00e9s de un fulgurante&hellip;\n","protected":false},"author":2,"featured_media":735540,"comment_status":"","ping_status":"","sticky":false,"template":"","format":"standard","meta":{"footnotes":""},"categories":[42],"tags":[17,18,5141,26547,13,14,11,61,62,63,64,130582,19,20,9,10,15,16,11483,3397,12,943,21,22,65,66,67],"class_list":["post-735539","post","type-post","status-publish","format-standard","has-post-thumbnail","category-internacional","tag-breaking-news","tag-breakingnews","tag-camino","tag-deciden","tag-featured-news","tag-featurednews","tag-headlines","tag-internacional","tag-international","tag-international-news","tag-internationalnews","tag-islandeses","tag-latest-news","tag-latestnews","tag-news","tag-noticias","tag-noticias-destacadas","tag-noticiasdestacadas","tag-retoman","tag-sabado","tag-titulares","tag-ue","tag-ultimas-noticias","tag-ultimasnoticias","tag-world","tag-world-news","tag-worldnews"],"share_on_mastodon":{"url":"https:\/\/pubeurope.com\/@es\/117172961869488705","error":""},"_links":{"self":[{"href":"https:\/\/www.europesays.com\/es\/wp-json\/wp\/v2\/posts\/735539","targetHints":{"allow":["GET"]}}],"collection":[{"href":"https:\/\/www.europesays.com\/es\/wp-json\/wp\/v2\/posts"}],"about":[{"href":"https:\/\/www.europesays.com\/es\/wp-json\/wp\/v2\/types\/post"}],"author":[{"embeddable":true,"href":"https:\/\/www.europesays.com\/es\/wp-json\/wp\/v2\/users\/2"}],"replies":[{"embeddable":true,"href":"https:\/\/www.europesays.com\/es\/wp-json\/wp\/v2\/comments?post=735539"}],"version-history":[{"count":0,"href":"https:\/\/www.europesays.com\/es\/wp-json\/wp\/v2\/posts\/735539\/revisions"}],"wp:featuredmedia":[{"embeddable":true,"href":"https:\/\/www.europesays.com\/es\/wp-json\/wp\/v2\/media\/735540"}],"wp:attachment":[{"href":"https:\/\/www.europesays.com\/es\/wp-json\/wp\/v2\/media?parent=735539"}],"wp:term":[{"taxonomy":"category","embeddable":true,"href":"https:\/\/www.europesays.com\/es\/wp-json\/wp\/v2\/categories?post=735539"},{"taxonomy":"post_tag","embeddable":true,"href":"https:\/\/www.europesays.com\/es\/wp-json\/wp\/v2\/tags?post=735539"}],"curies":[{"name":"wp","href":"https:\/\/api.w.org\/{rel}","templated":true}]}}