{"id":735549,"date":"2026-08-28T11:53:36","date_gmt":"2026-08-28T11:53:36","guid":{"rendered":"https:\/\/www.europesays.com\/es\/735549\/"},"modified":"2026-08-28T11:53:36","modified_gmt":"2026-08-28T11:53:36","slug":"espana-esta-de-vuelta-en-la-nba","status":"publish","type":"post","link":"https:\/\/www.europesays.com\/es\/735549\/","title":{"rendered":"Espa\u00f1a est\u00e1 de vuelta en la NBA"},"content":{"rendered":"<p class=\"ft-text\">Despu\u00e9s de unos a\u00f1os complicados en cuanto a presencia de talento nacional en la NBA, <a class=\"ft-link ft-link--decoration\" href=\"https:\/\/www.sport.es\/es\/noticias\/baloncesto\/chus-mateo-seleccionador-espana-willy-133709354\" rel=\"nofollow noopener\" target=\"_blank\"><strong>Espa\u00f1a vuelve a ocupar y a reclamar su lugar en la liga americana.<\/strong><\/a> El cambio generacional que se preve\u00eda a\u00f1os atr\u00e1s con las <strong>retiradas de los hermanos Gasol<\/strong> o los <strong>regresos europeos de los hermanos Hernang\u00f3mez o de Ricky Rubio<\/strong> ha sido duro y complicado de gestionar.<\/p>\n<p class=\"ft-text\">Espa\u00f1a no pudo pasar de la primera fase en los dos \u00faltimos torneos internacionales (JJOO Par\u00eds 2024 y Eurobasket 2025), cuajando dos <strong>decepciones<\/strong> en las que se acababa llegando a la conclusi\u00f3n de que con la materia disponible, volver a luchar por medallas era algo m\u00e1s que un sue\u00f1o.<\/p>\n<p><img decoding=\"async\" src=\"https:\/\/www.europesays.com\/es\/wp-content\/uploads\/2026\/08\/0b9c4a42-62e0-4e4a-9aa3-d685bc0adfbd_alta-libre-aspect-ratio_default_0.jpg\" width=\"1200\" height=\"675\" alt=\"Juancho Hernang\u00f3mez acab\u00f3 el Eurobasket con una media de 7 puntos por partido\" class=\"ft-helper-img-rd\" loading=\"lazy\" fetchpriority=\"auto\"\/><\/p>\n<p class=\"ft-helper-fontColor-quaternary ft-helper-fontSize-body-S ft-helper-spacer-t-xxs\">Juancho Hernang\u00f3mez acab\u00f3 el Eurobasket con una media de 7 puntos por partido  \/ FIBA<\/p>\n<p>&#8216;La Familia&#8217; vuelve a ilusionar<\/p>\n<p class=\"ft-text\">Pero, tras alg\u00fan verano complicado, y seguramente antes de tiempo,<strong> Espa\u00f1a vuelve a contar con un grupo ilusionante, potente, y que tan solo tiene margen de mejora y crecimiento en los pr\u00f3ximos a\u00f1os.<\/strong> Los grandes talentos formados en las categor\u00edas inferiores vienen quemando etapas a un ritmo endiablado, y muestra de ello es que varios de estos jugadores estar\u00e1n en la NBA la pr\u00f3xima temporada.<\/p>\n<p class=\"ft-text\">Acompa\u00f1ar\u00e1n a <strong>Santi Aldama,<\/strong> establecido ya en la liga americana pese a su juventud (25 a\u00f1os), y que esta siguiente campa\u00f1a <strong>se muda de Memphis a Dallas<\/strong>, y a un <strong>Jordi Fern\u00e1ndez,<\/strong> renovado por los <strong>Brooklyn Nets,<\/strong> y que en las pr\u00f3ximas semanas arrancar\u00e1 su tercera campa\u00f1a al frente de la franquicia neoyorquina, <strong>asentado ya como entrenador jefe en la NBA.<\/strong><\/p>\n<p><img decoding=\"async\" src=\"https:\/\/www.europesays.com\/es\/wp-content\/uploads\/2026\/08\/1e1506d4-bfc1-4660-a923-106fc79cd4b4_alta-libre-aspect-ratio_default_0.jpg\" width=\"1200\" height=\"800\" alt=\"Jordi Fern\u00e1ndez ha llegado a lo m\u00e1s alto en la NBA despu\u00e9s de a\u00f1os de trabajo\" class=\"ft-helper-img-rd\" loading=\"lazy\" fetchpriority=\"auto\"\/><\/p>\n<p class=\"ft-helper-fontColor-quaternary ft-helper-fontSize-body-S ft-helper-spacer-t-xxs\">Jordi Fern\u00e1ndez ha llegado a lo m\u00e1s alto en la NBA despu\u00e9s de a\u00f1os de trabajo  \/ EFE<\/p>\n<p class=\"ft-text\">El interior canario no est\u00e1 presente con Espa\u00f1a en estas ventanas FIBA, en las que &#8216;La Familia&#8217; busca dos triunfos ante <strong>Portugal (28\/08 21h CEST) y Grecia (31\/08 18h CEST)<\/strong> que deje muy encarrilada la clasificaci\u00f3n para el Mundial de Catar del pr\u00f3ximo verano. <strong>El canario se recupera de una cirug\u00eda que llev\u00f3 a cabo para dejar atr\u00e1s una lesi\u00f3n,<\/strong> y quiere llegar a los Mavericks en la mejor condici\u00f3n posible.<\/p>\n<p>&#8216;Larry&#8217;, rumbo a los Mavericks tras brillar en Valencia<\/p>\n<p class=\"ft-text\">Los otros cuatro &#8216;NBA&#8217; espa\u00f1oles s\u00ed que est\u00e1n estos d\u00edas bajo las \u00f3rdenes de <strong>Chus Mateo<\/strong> para ese doble compromiso internacional. En clave &#8216;Mavs&#8217;, se encuentra un <strong>Sergio De Larrea<\/strong> que tras levantar Supercopa y ACB con <strong>Valencia Basket,<\/strong> decidi\u00f3 dar el salto a Am\u00e9rica y desembarcar en <strong>Dallas.<\/strong> Tras ser elegido en la 25\u00aa posici\u00f3n del pasado draft, fue traspasado un par de ocasiones hasta terminar en los Mavericks. Sus condiciones f\u00edsicas y su talento llevan a pensar en cosas grandes para el joven jugador de 20 a\u00f1os, y que con la camiseta taronja, ya ha dado muestras de su enorme calidad, m\u00e1s all\u00e1 de haber disputado ya un Eurobasket pese a su temprana edad.<\/p>\n<p><img decoding=\"async\" src=\"https:\/\/www.europesays.com\/es\/wp-content\/uploads\/2026\/08\/0a564d27-f38d-4be5-b5e8-b85eb1fc52e7_alta-libre-aspect-ratio_default_0_x600y225.jpg\" width=\"1200\" height=\"675\" alt=\"Sergio de Larrea se luce con una lluvia de puntos y asistencias que asombra a la NBA\" class=\"ft-helper-img-rd\" loading=\"lazy\" fetchpriority=\"auto\"\/><\/p>\n<p class=\"ft-helper-fontColor-quaternary ft-helper-fontSize-body-S ft-helper-spacer-t-xxs\">Sergio de Larrea se luce con una lluvia de puntos y asistencias que asombra a la NBA  \/ NBA<\/p>\n<p class=\"ft-text\">Uno cuyo futuro tambi\u00e9n es prometedor y que aspira a debutar con Espa\u00f1a ante Portugal es <strong>Aday Mara.<\/strong> No ser\u00e1 un partido cualquiera, ya que su debut internacional ser\u00e1 en casa, en un <strong>Pabell\u00f3n Pr\u00edncipe Felipe<\/strong> que le vio dar sus primeros pasos en la \u00e9lite. El interior aragon\u00e9s decidi\u00f3 dar el salto a la NCAA, y despu\u00e9s de dos a\u00f1os complicados en UCLA sin el protagonismo deseado, lleg\u00f3 el gran premio: un fichaje por la <strong>Universidad de Michigan<\/strong> que lo cambi\u00f3 todo.<\/p>\n<p>Aday Mara, la nueva referencia interior<\/p>\n<p class=\"ft-text\">Esta \u00faltima campa\u00f1a, <strong>Mara promedi\u00f3 12,2 puntos y 6,8 rebotes por partido<\/strong> en una campa\u00f1a en la que gan\u00f3 el t\u00edtulo universitario. Era uno de los mejores p\u00edvots en el pasado draft, y los <strong>Oklahoma City Thunder no se lo pensaron,<\/strong> eligi\u00e9ndolo en la 12\u00aa posici\u00f3n. Mara pondr\u00e1 su altura (2,21m.) y su talento al servicio de los campeones de 2025, y su encaje, con esa capacidad para ser un p\u00edvot que pueda abrir la pista, puede ser m\u00e1s que interesante en el equipo de Mark Daigneault.<\/p>\n<p><img decoding=\"async\" src=\"https:\/\/www.europesays.com\/es\/wp-content\/uploads\/2026\/08\/ea9dbb94-db3e-4c1f-93a0-bda006157a97_alta-libre-aspect-ratio_default_0_x600y225.jpg\" width=\"1200\" height=\"675\" alt=\"Aday Mara, en su debut con Oklahoma\" class=\"ft-helper-img-rd\" loading=\"lazy\" fetchpriority=\"auto\"\/><\/p>\n<p class=\"ft-helper-fontColor-quaternary ft-helper-fontSize-body-S ft-helper-spacer-t-xxs\">Aday Mara, en su debut con Oklahoma  \/ NBA<\/p>\n<p class=\"ft-text\">Otro que debutar\u00e1 con la selecci\u00f3n estos d\u00edas, y que tambi\u00e9n ha dado el salto a la NBA es <strong>Baba Miller.<\/strong> Formado en las categor\u00edas inferiores del <strong>Real Madrid,<\/strong> el mallorqu\u00edn dio el salto al baloncesto estadounidense universitario, abriendo un largo periplo en las <strong>Universidades de Florida State, Florida Atlantic y Cincinnati.<\/strong> Miller estuvo persiguiendo su oportunidad en la liga americana alejado de los focos que m\u00e1s apuntan, y finalmente la logr\u00f3 este verano, siendo seleccionado por <strong>Los Angeles Clippers<\/strong> en la 36\u00aa posici\u00f3n del pasado draft. Firm\u00f3 un contrato para las pr\u00f3ximas cuatro dos temporadas con los angelinos, con las dos campa\u00f1as iniciales garantizadas.<\/p>\n<p><img decoding=\"async\" src=\"https:\/\/www.europesays.com\/es\/wp-content\/uploads\/2026\/08\/96388df5-5ccf-4160-a6b9-9f7009c8fb29_alta-libre-aspect-ratio_default_0_x600y225.jpg\" width=\"1200\" height=\"675\" alt=\"Baba Miller iniciar\u00e1 su andadura en la NBA\" class=\"ft-helper-img-rd\" loading=\"lazy\" fetchpriority=\"auto\"\/><\/p>\n<p class=\"ft-helper-fontColor-quaternary ft-helper-fontSize-body-S ft-helper-spacer-t-xxs\">Baba Miller iniciar\u00e1 su andadura en la NBA  \/ X<\/p>\n<p>Baba Miller y Hugo Gonz\u00e1lez completan la n\u00f3mina<\/p>\n<p class=\"ft-text\">Y con &#8216;La Familia&#8217; tambi\u00e9n se encuentra un <strong>Hugo Gonz\u00e1lez<\/strong> que viene de haber dejado buenas sensaciones con los Boston Celtics en su a\u00f1o de rookie en la liga. Disput\u00f3 un total de 78 partidos entre fase regular y playoffs, y se espera que su protagonismo sea mayor en su segunda campa\u00f1a bajo las \u00f3rdenes de <strong>Joe Mazzulla.<\/strong> Adem\u00e1s, con Espa\u00f1a, el excanterano blanco est\u00e1 llamado a ser uno de los l\u00edderes del grupo tanto en el corto, medio y largo plazo.<\/p>\n","protected":false},"excerpt":{"rendered":"Despu\u00e9s de unos a\u00f1os complicados en cuanto a presencia de talento nacional en la NBA, Espa\u00f1a vuelve a&hellip;\n","protected":false},"author":2,"featured_media":735550,"comment_status":"","ping_status":"","sticky":false,"template":"","format":"standard","meta":{"footnotes":""},"categories":[269],"tags":[68421,15778,16381,299,298,17401,168,25,24,45165,78341,1725,23,167,1357],"class_list":["post-735549","post","type-post","status-publish","format-standard","has-post-thumbnail","category-baloncesto","tag-aday-mara","tag-aldama","tag-baba-miller","tag-baloncesto","tag-basketball","tag-de-larrea","tag-deportes","tag-es","tag-espana","tag-hugo-gonzalez","tag-jordi-fernandez","tag-nba","tag-spain","tag-sports","tag-vuelta"],"share_on_mastodon":{"url":"https:\/\/pubeurope.com\/@es\/117173003045884680","error":""},"_links":{"self":[{"href":"https:\/\/www.europesays.com\/es\/wp-json\/wp\/v2\/posts\/735549","targetHints":{"allow":["GET"]}}],"collection":[{"href":"https:\/\/www.europesays.com\/es\/wp-json\/wp\/v2\/posts"}],"about":[{"href":"https:\/\/www.europesays.com\/es\/wp-json\/wp\/v2\/types\/post"}],"author":[{"embeddable":true,"href":"https:\/\/www.europesays.com\/es\/wp-json\/wp\/v2\/users\/2"}],"replies":[{"embeddable":true,"href":"https:\/\/www.europesays.com\/es\/wp-json\/wp\/v2\/comments?post=735549"}],"version-history":[{"count":0,"href":"https:\/\/www.europesays.com\/es\/wp-json\/wp\/v2\/posts\/735549\/revisions"}],"wp:featuredmedia":[{"embeddable":true,"href":"https:\/\/www.europesays.com\/es\/wp-json\/wp\/v2\/media\/735550"}],"wp:attachment":[{"href":"https:\/\/www.europesays.com\/es\/wp-json\/wp\/v2\/media?parent=735549"}],"wp:term":[{"taxonomy":"category","embeddable":true,"href":"https:\/\/www.europesays.com\/es\/wp-json\/wp\/v2\/categories?post=735549"},{"taxonomy":"post_tag","embeddable":true,"href":"https:\/\/www.europesays.com\/es\/wp-json\/wp\/v2\/tags?post=735549"}],"curies":[{"name":"wp","href":"https:\/\/api.w.org\/{rel}","templated":true}]}}