{"id":735581,"date":"2026-08-28T12:14:23","date_gmt":"2026-08-28T12:14:23","guid":{"rendered":"https:\/\/www.europesays.com\/es\/735581\/"},"modified":"2026-08-28T12:14:23","modified_gmt":"2026-08-28T12:14:23","slug":"el-precioso-pueblo-de-tarragona-a-escasa-distancia-de-la-costa-dorada-por-el-que-paso-la-vuelta-a-espana-2026","status":"publish","type":"post","link":"https:\/\/www.europesays.com\/es\/735581\/","title":{"rendered":"El precioso pueblo de Tarragona a escasa distancia de la Costa Dorada por el que pas\u00f3 la Vuelta a Espa\u00f1a 2026"},"content":{"rendered":"<p class=\"c-paragraph\"><b>La Vuelta a Espa\u00f1a 2026 <\/b>es uno de los acontecimientos deportivos del a\u00f1o junto al GP de F\u00f3rmula 1 en Madrid o el Mundial de f\u00fatbol, entre otros. La carrera ciclista, <b>una de las tres &#8216;grandes&#8217; del mundo del ciclismo,<\/b> celebra su 81\u00aa edici\u00f3n y lo hace con un Tadej Pogacar que podr\u00eda alcanzar la gloria absoluta de <a href=\"https:\/\/www.20minutos.es\/viajes\/rutas\/como-hacer-camino-cid-bici-rutas-historicas-puedes-recorrer_6515378_0.html\" title=\"C\u00f3mo hacer el Camino del Cid en bici: las rutas hist\u00f3ricas que puedes recorrer\" rel=\"nofollow noopener\" target=\"_blank\">las dos ruedas<\/a> al completar las tres Grandes Vueltas, aunque antes deber\u00e1 volar sobre su bicicleta <b>por la geograf\u00eda espa\u00f1ola.<\/b><\/p>\n<p class=\"c-paragraph\">El recorrido de esta edici\u00f3n comenz\u00f3 en el <a href=\"https:\/\/www.20minutos.es\/viajes\/destinos\/que-ver-hacer-monaco-cuna-automovilismo-lujo-costa-azul-5295060\/\" title=\"Qu\u00e9 ver en M\u00f3naco en 48 horas: la cuna del automovilismo y del lujo en la Costa Azul\" rel=\"nofollow noopener\" target=\"_blank\">Principado de M\u00f3naco,<\/a> y tras pasar brevemente por Francia y Andorra, <b>en la etapa 5 se adentr\u00f3 en territorio nacional,<\/b> y lo hizo comenzando ese quinta d\u00eda de competici\u00f3n en uno de los <b>pueblos m\u00e1s bonitos de Catalu\u00f1a, Falset.<\/b> Esta localidad tarraconense acogi\u00f3 la primera incursi\u00f3n de los ciclistas en Espa\u00f1a en esta Vuelta, y sin duda es <b>un destino rural fascinante.<\/b><\/p>\n<p>Falset, la villa donde empieza la etapa 5 de la Vuelta Espa\u00f1a<\/p>\n<p class=\"c-paragraph\">El pueblo de Falset cuenta con algo menos de 3.000 habitantes y se ubica <b>en el coraz\u00f3n de Tarragona,<\/b> siendo una de las <b>puertas de entrada a la comarca del Priorat.<\/b> Ubicada a pocos kil\u00f3metros de<a href=\"https:\/\/www.20minutos.es\/viajes\/destinos\/paraiso-verano-levante-playas-tradicion-pesquera-rincones-ambiente-medieval-altafulla_6980949_0.html\" title=\"El para\u00edso del verano est\u00e1 en Levante: playas, tradici\u00f3n pesquera y rincones de ambiente medieval\" rel=\"nofollow noopener\" target=\"_blank\"> la Costa Dorada<\/a> y las aguas del Mediterr\u00e1neo, esta localidad se enclava en un <b>valle protegido por altas cumbres,<\/b> aunque el entorno natural no es lo \u00fanico asombroso que tiene este incre\u00edble pueblo tarraconense.<\/p>\n<p class=\"c-paragraph\">El casco urbano de la villa est\u00e1 dominado por la <b>bonita plaza porticada de la Quartera,<\/b> que est\u00e1 inclinada y en la que se encuentran algunos de los lugares de inter\u00e9s m\u00e1s especiales de Falset, como <b>el Palacio de los duques de Medinaceli,<\/b> de estilo renacentista y que se remonta a 1630, o <b>el de los condes de Azara, <\/b>que data del siglo XVIII. No muy lejos de all\u00ed se ubican otros tesoros arquitect\u00f3nicos rese\u00f1ables, como<b> la plaza Vieja, la fuente del Batlle o la Iglesia arciprestal de Santa Mar\u00eda,<\/b> de 1770.<\/p>\n<p class=\"c-paragraph\">En lo alto de una loma se ubica el <b>impresionante castillo, que se remonta a finales del siglo XII <\/b>y que desde 1825 hasta el siglo XX fue reconvertido en una prisi\u00f3n. Tampoco hay que obviar su <b>preciosa bodega cooperativa modernista, <\/b>que tiene m\u00e1s de un siglo de historia, y es que Falset es una de las <b>grandes cunas enol\u00f3gicas de Catalu\u00f1a,<\/b> y se enclave entre las <a href=\"https:\/\/www.20minutos.es\/viajes\/destinos\/revolucionaria-historia-pueblo-medieval-casas-senoriales-bodegas-relojes-sol-5723520\/\" title=\"La revolucionaria historia del pueblo medieval con casas se\u00f1oriales, bodegas y relojes de sol\" rel=\"nofollow noopener\" target=\"_blank\">DO Montsant y Priorat,<\/a> por lo que los <b>alrededores de la localidad est\u00e1n llenos de vi\u00f1edos;<\/b> adem\u00e1s de los cultivos vin\u00edcolas, tambi\u00e9n hay frondosos bosques por los que discurren\u00a0<b>excelsas rutas de senderismo<\/b>.<\/p>\n<p>C\u00f3mo llegar a Falset<\/p>\n<p class=\"c-paragraph\">La localidad de Falset se ubica a <b>unos 45 minutos por carretera de la ciudad de Tarragona.<\/b> Para ir desde la <a href=\"https:\/\/www.20minutos.es\/viajes\/destinos\/barcelona-girona-tarragona-cataluna-turismo-the-times-5521611\/\" title=\"Ni Barcelona ni Girona: la ciudad de Catalu\u00f1a perfecta para hacer turismo este verano, seg\u00fan The Times\" rel=\"nofollow noopener\" target=\"_blank\">capital provincial,<\/a> primero hay que encarar la N-420 bastantes kil\u00f3metros para empalmar con la T-11 a la altura de Reus, y tras desviarse por la AP-7 y la A-7 moment\u00e1neamente, es necesario volver a enfilar la carretera nacional para llegar al pueblo.<\/p>\n","protected":false},"excerpt":{"rendered":"La Vuelta a Espa\u00f1a 2026 es uno de los acontecimientos deportivos del a\u00f1o junto al GP de F\u00f3rmula&hellip;\n","protected":false},"author":2,"featured_media":735582,"comment_status":"","ping_status":"","sticky":false,"template":"","format":"standard","meta":{"footnotes":""},"categories":[273],"tags":[1980,313,106113,312,168,25,24,130132,267,23,167,1665,70754],"class_list":["post-735581","post","type-post","status-publish","format-standard","has-post-thumbnail","category-ciclismo","tag-cataluna","tag-ciclismo","tag-costa-dorada","tag-cycling","tag-deportes","tag-es","tag-espana","tag-falset","tag-planseo","tag-spain","tag-sports","tag-tarragona","tag-vuelta-a-espana-2026"],"share_on_mastodon":{"url":"https:\/\/pubeurope.com\/@es\/117173083577878278","error":""},"_links":{"self":[{"href":"https:\/\/www.europesays.com\/es\/wp-json\/wp\/v2\/posts\/735581","targetHints":{"allow":["GET"]}}],"collection":[{"href":"https:\/\/www.europesays.com\/es\/wp-json\/wp\/v2\/posts"}],"about":[{"href":"https:\/\/www.europesays.com\/es\/wp-json\/wp\/v2\/types\/post"}],"author":[{"embeddable":true,"href":"https:\/\/www.europesays.com\/es\/wp-json\/wp\/v2\/users\/2"}],"replies":[{"embeddable":true,"href":"https:\/\/www.europesays.com\/es\/wp-json\/wp\/v2\/comments?post=735581"}],"version-history":[{"count":0,"href":"https:\/\/www.europesays.com\/es\/wp-json\/wp\/v2\/posts\/735581\/revisions"}],"wp:featuredmedia":[{"embeddable":true,"href":"https:\/\/www.europesays.com\/es\/wp-json\/wp\/v2\/media\/735582"}],"wp:attachment":[{"href":"https:\/\/www.europesays.com\/es\/wp-json\/wp\/v2\/media?parent=735581"}],"wp:term":[{"taxonomy":"category","embeddable":true,"href":"https:\/\/www.europesays.com\/es\/wp-json\/wp\/v2\/categories?post=735581"},{"taxonomy":"post_tag","embeddable":true,"href":"https:\/\/www.europesays.com\/es\/wp-json\/wp\/v2\/tags?post=735581"}],"curies":[{"name":"wp","href":"https:\/\/api.w.org\/{rel}","templated":true}]}}