{"id":735585,"date":"2026-08-28T12:17:22","date_gmt":"2026-08-28T12:17:22","guid":{"rendered":"https:\/\/www.europesays.com\/es\/735585\/"},"modified":"2026-08-28T12:17:22","modified_gmt":"2026-08-28T12:17:22","slug":"el-plan-con-hamza-se-refuerza-en-el-barca","status":"publish","type":"post","link":"https:\/\/www.europesays.com\/es\/735585\/","title":{"rendered":"El plan con Hamza se refuerza en el Bar\u00e7a"},"content":{"rendered":"<p class=\"ft-text\">El FC <strong>Barcelona no se desv\u00eda ni un solo mil\u00edmetro de <\/strong><a class=\"ft-link ft-link--decoration\" href=\"https:\/\/www.sport.es\/es\/noticias\/barca\/plan-barca-hamza-abdelkarim-le-132220455\" rel=\"nofollow noopener\" target=\"_blank\"><strong>la hoja de ruta establecida con Hamza Abdelkarim.<\/strong><\/a><strong> <\/strong>Pese a no haber disputado ni un solo minuto en las dos primeras jornadas de Liga, la confianza de la entidad blaugrana y del cuerpo t\u00e9cnico en el joven delantero egipcio es total.<\/p>\n<p><img decoding=\"async\" src=\"https:\/\/www.europesays.com\/es\/wp-content\/uploads\/2026\/08\/1787919441_276_2dd94412-6653-4d7f-ab29-47fa2e9984ba_alta-libre-aspect-ratio_default_0_x600y225.jpg\" width=\"1200\" height=\"675\" alt=\"Hamza es un goleador de gran futuro\" class=\"ft-helper-img-rd\" loading=\"lazy\" fetchpriority=\"auto\"\/><\/p>\n<p class=\"ft-helper-fontColor-quaternary ft-helper-fontSize-body-S ft-helper-spacer-t-xxs\">Hamza es un goleador de gran futuro  \/ Dani Barbeito<\/p>\n<p class=\"ft-text\">El atacante de 18 a\u00f1os, que destap\u00f3 todo su potencial durante el verano convirti\u00e9ndose en el m\u00e1ximo goleador de la pretemporada cul\u00e9, sigue contando con la total valoraci\u00f3n de Hansi Flick, quien ve en \u00e9l <strong>una alternativa sumamente interesante para el primer equipo como opci\u00f3n de recambio<\/strong> en la l\u00ednea ofensiva.<\/p>\n<p>Desarrollo f\u00edsico<\/p>\n<p class=\"ft-text\">El futbolista ha experimentado un salto cualitativo evidente. A su condici\u00f3n de &#8216;nueve&#8217; cl\u00e1sico y su buena planta, se le suma un plan de trabajo f\u00edsico espec\u00edfico que ya ofrece resultados perceptibles, con un mayor desarrollo del tren superior e inferior. <\/p>\n<p class=\"ft-text\">A esta evoluci\u00f3n ha contribuido su bagaje con la selecci\u00f3n absoluta de Egipto en la pasada Copa del Mundo, donde disput\u00f3 los minutos finales de casi todos los partidos. <strong>Aquella experiencia aceler\u00f3 su maduraci\u00f3n competitiva, permitiendo a Flick encontrarse con un jugador preparado para la \u00e9lite<\/strong>, aunque dentro del club son conscientes de que a\u00fan le resta por completar distintas etapas en su formaci\u00f3n.<\/p>\n<p>Ficha de filial<\/p>\n<p class=\"ft-text\">Seg\u00fan ha podido saber SPORT,<strong> la intenci\u00f3n firme de la entidad es que el delantero mantenga el dorsal del Bar\u00e7a Atl\u00e8tic con el que ya consta inscrito en este inicio de campeonato (29).<\/strong> La idea preconcebida desde el primer d\u00eda es que Hamza disponga de ficha con el filial para garantizar que tenga ritmo de competici\u00f3n cuando no dispute minutos con el primer equipo. <\/p>\n<p class=\"ft-text\">En el Bar\u00e7a se asume que habr\u00e1 fases del curso donde su participaci\u00f3n a las \u00f3rdenes de Flick sea menor, por lo que disponer de la v\u00eda del conjunto de Juliano Belletti resulta id\u00f3neo para que un futbolista de 18 a\u00f1os no corte su proyecci\u00f3n.<\/p>\n<p><img decoding=\"async\" src=\"https:\/\/www.europesays.com\/es\/wp-content\/uploads\/2026\/08\/40d4b384-cf7a-4f33-b3cf-2f69753ac714_alta-libre-aspect-ratio_default_0_x1000y444.jpg\" width=\"1200\" height=\"800\" alt=\"Hamza es uno de los jugadores citados por Flick para el partido ante el Elche\" class=\"ft-helper-img-rd\" loading=\"lazy\" fetchpriority=\"auto\"\/><\/p>\n<p class=\"ft-helper-fontColor-quaternary ft-helper-fontSize-body-S ft-helper-spacer-t-xxs\">Hamza es uno de los jugadores citados por Flick para el partido ante el Elche  \/ AFP7 v\u00eda Europa Press<\/p>\n<p class=\"ft-text\">Paralelamente, este diario ha podido corroborar la reciente informaci\u00f3n de &#8216;Jijantes&#8217; respecto a que el club trabaja en la renovaci\u00f3n de su contrato. <\/p>\n<p class=\"ft-text\">La<strong> vinculaci\u00f3n que firm\u00f3 Hamza a su llegada para el equipo juvenil ha quedado completamente desfasada ante su estatus actual. <\/strong>La directiva blaugrana contempla una mejora salarial acorde a su rol y un incremento sustancial de su cl\u00e1usula de rescisi\u00f3n, fijada actualmente en 15 millones de euros y que puede ser muy golosa para clubes de fuera. <\/p>\n","protected":false},"excerpt":{"rendered":"El FC Barcelona no se desv\u00eda ni un solo mil\u00edmetro de la hoja de ruta establecida con Hamza&hellip;\n","protected":false},"author":2,"featured_media":735586,"comment_status":"","ping_status":"","sticky":false,"template":"","format":"standard","meta":{"footnotes":""},"categories":[268],"tags":[105622,2296,7807,168,25,24,1750,280,282,76821,78882,281,23,167],"class_list":["post-735585","post","type-post","status-publish","format-standard","has-post-thumbnail","category-futbol","tag-abdelkarim","tag-barca","tag-claro","tag-deportes","tag-es","tag-espana","tag-ficha","tag-football","tag-futbol","tag-hamza","tag-hamza-abdelkarim","tag-soccer","tag-spain","tag-sports"],"share_on_mastodon":{"url":"https:\/\/pubeurope.com\/@es\/117173095978531873","error":""},"_links":{"self":[{"href":"https:\/\/www.europesays.com\/es\/wp-json\/wp\/v2\/posts\/735585","targetHints":{"allow":["GET"]}}],"collection":[{"href":"https:\/\/www.europesays.com\/es\/wp-json\/wp\/v2\/posts"}],"about":[{"href":"https:\/\/www.europesays.com\/es\/wp-json\/wp\/v2\/types\/post"}],"author":[{"embeddable":true,"href":"https:\/\/www.europesays.com\/es\/wp-json\/wp\/v2\/users\/2"}],"replies":[{"embeddable":true,"href":"https:\/\/www.europesays.com\/es\/wp-json\/wp\/v2\/comments?post=735585"}],"version-history":[{"count":0,"href":"https:\/\/www.europesays.com\/es\/wp-json\/wp\/v2\/posts\/735585\/revisions"}],"wp:featuredmedia":[{"embeddable":true,"href":"https:\/\/www.europesays.com\/es\/wp-json\/wp\/v2\/media\/735586"}],"wp:attachment":[{"href":"https:\/\/www.europesays.com\/es\/wp-json\/wp\/v2\/media?parent=735585"}],"wp:term":[{"taxonomy":"category","embeddable":true,"href":"https:\/\/www.europesays.com\/es\/wp-json\/wp\/v2\/categories?post=735585"},{"taxonomy":"post_tag","embeddable":true,"href":"https:\/\/www.europesays.com\/es\/wp-json\/wp\/v2\/tags?post=735585"}],"curies":[{"name":"wp","href":"https:\/\/api.w.org\/{rel}","templated":true}]}}