{"id":735591,"date":"2026-08-28T12:22:14","date_gmt":"2026-08-28T12:22:14","guid":{"rendered":"https:\/\/www.europesays.com\/es\/735591\/"},"modified":"2026-08-28T12:22:14","modified_gmt":"2026-08-28T12:22:14","slug":"katseye-cancela-su-actuacion-en-el-festival-de-olivia-rodrigo-nos-duele-profundamente-decepcionar-conciertos","status":"publish","type":"post","link":"https:\/\/www.europesays.com\/es\/735591\/","title":{"rendered":"Katseye cancela su actuaci\u00f3n en el festival de Olivia Rodrigo: \u00abNos duele profundamente decepcionar\u00bb | Conciertos"},"content":{"rendered":"<p>El cartel de Daisy Chain Fields acaba de perder uno de sus nombres. <b>Katseye no actuar\u00e1 este s\u00e1bado en el festival organizado por Olivia Rodrigo en Irvine, California<\/b>, despu\u00e9s de que Megan Skiendiel sufriera una lesi\u00f3n en el tobillo durante un ensayo de la gira.<\/p>\n<p>La noticia se conoci\u00f3 este jueves, cuando el grupo anunci\u00f3 que abandonaba su actuaci\u00f3n prevista para el festival. Skiendiel fue examinada por m\u00e9dicos despu\u00e9s del incidente y la recomendaci\u00f3n fue que descansara y evitara cargar el tobillo para favorecer su recuperaci\u00f3n.<\/p>\n<p><b>\u00abSentimos much\u00edsimo tener que comunicarles que no podremos actuar en Daisy Chain Fields este s\u00e1bado\u00bb<\/b>, comunic\u00f3 Katseye a sus seguidores.<\/p>\n<p><img decoding=\"async\" src=\"https:\/\/los40.com\/pf\/resources\/img\/logo-40-v-c.svg?d=1013\" alt=\"LOS40\" class=\"i-pro\" width=\"68\" height=\"68\" loading=\"lazy\"\/><\/p>\n<p>La actuaci\u00f3n ten\u00eda una importancia especial para la formaci\u00f3n. <b>Daisy Chain Fields ha sido concebido <\/b><a href=\"https:\/\/los40.com\/2026\/06\/22\/olivia-rodrigo-crea-daisy-chain-fields-su-propio-festival-de-mujeres-encabezado-por-chappell-roan-katsteye-y-doechii\/\" target=\"_blank\" rel=\"nofollow noopener\" title=\"https:\/\/los40.com\/2026\/06\/22\/olivia-rodrigo-crea-daisy-chain-fields-su-propio-festival-de-mujeres-encabezado-por-chappell-roan-katsteye-y-doechii\/\"><b>por Olivia Rodrigo<\/b><\/a> como un festival centrado en artistas femeninas y solidaridad, con una programaci\u00f3n que re\u00fane a nombres de distintas generaciones y escenas musicales.<\/p>\n<p>Katseye hab\u00eda mostrado p\u00fablicamente su entusiasmo por participar en la jornada:<b> \u00abNos duele profundamente decepcionar a quienes ten\u00edan planes de asistir. Est\u00e1bamos especialmente emocionados por Daisy Chain Fields porque no se trata solo de m\u00fasica, sino de una misi\u00f3n m\u00e1s amplia: la alegr\u00eda y la comunidad\u00bb<\/b>.<\/p>\n<p>La lesi\u00f3n de Megan<\/p>\n<p>La cantante sufri\u00f3 el percance <b>durante un ensayo de la gira<\/b>, apenas unos d\u00edas antes de que comenzara el festival. Tras la valoraci\u00f3n m\u00e9dica, la indicaci\u00f3n fue que permaneciera en reposo para permitir que el tobillo se recuperase correctamente.<\/p>\n<p>La decisi\u00f3n llega en un momento especialmente delicado para Katseye, que tiene por delante una agenda de conciertos muy exigente. <b>La gira <\/b><b>WILD WORLD<\/b><b> comienza el 1 de septiembre en Dubl\u00edn<\/b>, apenas tres d\u00edas despu\u00e9s de Daisy Chain Fields.<\/p>\n<p>Por ahora, no se ha confirmado que la lesi\u00f3n vaya a provocar cambios en ese calendario. El grupo tiene previsto pasar por Reino Unido y Europa durante las primeras semanas de septiembre y despu\u00e9s trasladarse a Norteam\u00e9rica para una nueva tanda de conciertos en octubre.<\/p>\n<p>Esa proximidad convierte la evoluci\u00f3n de Skiendiel en una cuesti\u00f3n especialmente relevante para sus seguidores. La propia explicaci\u00f3n ofrecida por el grupo apunta a que la decisi\u00f3n de cancelar el festival busca precisamente proteger su recuperaci\u00f3n antes de la gira.<\/p>\n<p><b>\u00abMegan se torci\u00f3 el tobillo ayer durante un ensayo de la gira y, tras ser examinada por los m\u00e9dicos, le han recomendado que descanse y se recupere adecuadamente para que podamos estar listos para nuestra pr\u00f3xima gira\u00bb<\/b>.<\/p>\n<p>El hueco que deja Katseye<\/p>\n<p>Katseye ten\u00eda previsto actuar en el <b>escenario Dandelion a las 14:15<\/b>, dentro de una jornada en la que tambi\u00e9n estaban programadas Santigold y Mitski.<\/p>\n<p>La organizaci\u00f3n ya ha modificado los horarios para cubrir la ausencia. Santigold ocupar\u00e1 el espacio que inicialmente correspond\u00eda a Katseye, mientras que el festival contin\u00faa adelante con el resto de su programaci\u00f3n.<\/p>\n<p>Adem\u00e1s, Daisy Chain Fields ha incorporado a Devon Again al cartel, seg\u00fan la actualizaci\u00f3n comunicada por el propio festival.<\/p>\n<p>El grupo aprovech\u00f3 su comunicado para dirigirse tambi\u00e9n a Olivia Rodrigo, a los artistas participantes y a las organizaciones y voluntarios implicados en la celebraci\u00f3n.<\/p>\n<p><b>\u00abLe enviamos todo nuestro cari\u00f1o a Olivia y a todos los incre\u00edbles artistas, organizaciones sin fines de lucro y voluntarios que han dedicado su tiempo para hacer de este d\u00eda algo tan especial. Ser\u00e1 un d\u00eda maravilloso y estamos ansiosos por verlos a todos en la gira\u00bb<\/b>.<\/p>\n<p>La gira WILD WORLD<\/p>\n<p>La cancelaci\u00f3n llega despu\u00e9s de un verano especialmente intenso para Katseye. El grupo ha encadenado actuaciones y apariciones promocionales mientras prepara <b>su primera gran gira internacional<\/b>.<\/p>\n<p>La primera fecha ser\u00e1 en Dubl\u00edn el 1 de septiembre. Despu\u00e9s llegar\u00e1n diferentes ciudades de Reino Unido y Europa hasta mediados de ese mes. La etapa norteamericana arrancar\u00e1 en octubre y contempla 18 conciertos, con la primera fecha prevista en Miami el d\u00eda 13.<\/p>\n<p>De momento, la formaci\u00f3n no ha anunciado modificaciones en esas fechas. <b>La \u00fanica actuaci\u00f3n cancelada es la de Daisy Chain Fields<\/b> y el motivo comunicado oficialmente est\u00e1 relacionado con la lesi\u00f3n de Skiendiel.<\/p>\n<p>Un momento complicado para el grupo<\/p>\n<p>La ausencia de Megan llega, adem\u00e1s, despu\u00e9s de otros cambios recientes en la formaci\u00f3n. <b>Manon Bannerman permanece desde febrero en <\/b><a href=\"https:\/\/los40.com\/2026\/02\/21\/manon-se-aleja-temporalmente-de-katseye-para-enfocarse-en-su-recuperacion\/\" target=\"_blank\" rel=\"nofollow noopener\" title=\"https:\/\/los40.com\/2026\/02\/21\/manon-se-aleja-temporalmente-de-katseye-para-enfocarse-en-su-recuperacion\/\"><b>una pausa temporal<\/b><\/a> para centrarse en su bienestar, mientras que <b>Sophia Laforteza anunci\u00f3 a comienzos de agosto que tambi\u00e9n <\/b><a href=\"https:\/\/los40.com\/2026\/08\/13\/katseye-se-pronuncia-sobre-la-ausencia-de-sophia-no-tenemos-mas-que-mucho-amor\/\" target=\"_blank\" rel=\"nofollow noopener\" title=\"https:\/\/los40.com\/2026\/08\/13\/katseye-se-pronuncia-sobre-la-ausencia-de-sophia-no-tenemos-mas-que-mucho-amor\/\"><b>se tomar\u00eda un periodo de descanso<\/b><\/a><b> <\/b>por motivos relacionados con su salud y bienestar.<\/p>\n<p>La situaci\u00f3n ha hecho que la composici\u00f3n de Katseye sobre los escenarios haya cambiado en distintos momentos de este a\u00f1o. Ahora, la lesi\u00f3n de Skiendiel a\u00f1ade otra inc\u00f3gnita justo cuando la formaci\u00f3n est\u00e1 a punto de embarcarse en una nueva etapa de conciertos.<\/p>\n<p>Skiendiel tambi\u00e9n reaccion\u00f3 a la cancelaci\u00f3n y mostr\u00f3 su pesar por perderse el festival:<b> \u00abMe parte el coraz\u00f3n perderme el Daisy Chain Fields, sobre todo por todo lo que representa este festival\u00bb<\/b>.<\/p>\n<p>Mientras tanto, Daisy Chain Fields seguir\u00e1 adelante este s\u00e1bado en Irvine con Olivia Rodrigo, Chappell Roan, Doechii, Mitski, Bikini Kill, Garbage, Stevie Nicks y el resto de artistas anunciados.<\/p>\n","protected":false},"excerpt":{"rendered":"El cartel de Daisy Chain Fields acaba de perder uno de sus nombres. Katseye no actuar\u00e1 este s\u00e1bado&hellip;\n","protected":false},"author":2,"featured_media":735592,"comment_status":"","ping_status":"","sticky":false,"template":"","format":"standard","meta":{"footnotes":""},"categories":[170],"tags":[1765,146,147,25,24,184,185,23,1766],"class_list":["post-735591","post","type-post","status-publish","format-standard","has-post-thumbnail","category-musica","tag-bestof","tag-entertainment","tag-entretenimiento","tag-es","tag-espana","tag-music","tag-musica","tag-spain","tag-topix"],"share_on_mastodon":{"url":"https:\/\/pubeurope.com\/@es\/117173116532583064","error":""},"_links":{"self":[{"href":"https:\/\/www.europesays.com\/es\/wp-json\/wp\/v2\/posts\/735591","targetHints":{"allow":["GET"]}}],"collection":[{"href":"https:\/\/www.europesays.com\/es\/wp-json\/wp\/v2\/posts"}],"about":[{"href":"https:\/\/www.europesays.com\/es\/wp-json\/wp\/v2\/types\/post"}],"author":[{"embeddable":true,"href":"https:\/\/www.europesays.com\/es\/wp-json\/wp\/v2\/users\/2"}],"replies":[{"embeddable":true,"href":"https:\/\/www.europesays.com\/es\/wp-json\/wp\/v2\/comments?post=735591"}],"version-history":[{"count":0,"href":"https:\/\/www.europesays.com\/es\/wp-json\/wp\/v2\/posts\/735591\/revisions"}],"wp:featuredmedia":[{"embeddable":true,"href":"https:\/\/www.europesays.com\/es\/wp-json\/wp\/v2\/media\/735592"}],"wp:attachment":[{"href":"https:\/\/www.europesays.com\/es\/wp-json\/wp\/v2\/media?parent=735591"}],"wp:term":[{"taxonomy":"category","embeddable":true,"href":"https:\/\/www.europesays.com\/es\/wp-json\/wp\/v2\/categories?post=735591"},{"taxonomy":"post_tag","embeddable":true,"href":"https:\/\/www.europesays.com\/es\/wp-json\/wp\/v2\/tags?post=735591"}],"curies":[{"name":"wp","href":"https:\/\/api.w.org\/{rel}","templated":true}]}}