{"id":735619,"date":"2026-08-28T12:44:19","date_gmt":"2026-08-28T12:44:19","guid":{"rendered":"https:\/\/www.europesays.com\/es\/735619\/"},"modified":"2026-08-28T12:44:19","modified_gmt":"2026-08-28T12:44:19","slug":"nuria-roca-celebra-los-20-anos-de-su-hijo-pau-con-una-reflexion-con-la-que-muchos-padres-se-sentiran-identificados","status":"publish","type":"post","link":"https:\/\/www.europesays.com\/es\/735619\/","title":{"rendered":"Nuria Roca celebra los 20 a\u00f1os de su hijo Pau con una reflexi\u00f3n con la que muchos padres se sentir\u00e1n identificados"},"content":{"rendered":"<p id=\"ek_BuWbcuo\" data-wc=\"60\"><strong>Nuria Roca<\/strong> ha dedicado unas palabras llenas de ternura a<a class=\"hm-link ho-link\" href=\"https:\/\/www.hola.com\/actualidad\/20240828714872\/asi-es-pau-el-atractivo-hijo-de-nuria-roca-que-acaba-de-cumplir-18-anos\/\" data-mrf-recirculation=\"article-body-link\" rel=\"nofollow noopener\" target=\"_blank\"> su hijo\u00a0Pau<\/a> con motivo de , en las que recuerda con nostalgia esos peque\u00f1os gestos de la infancia que ya no se repiten. \u00a0Su mensaje, acompa\u00f1ado de <strong>una entra\u00f1able foto de cuando era ni\u00f1o,<\/strong> ha conquistado a sus seguidores y ha sido recibida con orgullo por Juan del Val.<\/p>\n<p>Te recomendamosSeguir leyendo<br \/>\n <img src=\"https:\/\/www.europesays.com\/es\/wp-content\/uploads\/2026\/08\/1787921057_549_50bedf289176-saveclipapp746026852186077143690352317220702661087223013n.jpg\"   width=\"1024\" height=\"768\" loading=\"lazy\" decoding=\"async\" alt=\"Nuria Roca y Juan del Val en la boda de Patricia Cerezo, celebrada el 10 de julio de 2026 en Madrid\" fetchpriority=\"auto\" class=\"image ho-image\"\/>\u00a9 nuriarocagranellNuria Roca y Juan del Val<br \/>\nUn mensaje que emociona<\/p>\n<p id=\"erKq9C_lqEW\" data-wc=\"80\">Con un texto breve pero cargado de emotividad, la presentadora de La Roca ha resumido en pocas l\u00edneas lo que significa ver crecer a un hijo: \u00ab<strong>\u2026y de repente hay un d\u00eda en que es la \u00faltima vez que le atas los zapatos\u2026<\/strong> Qu\u00e9 r\u00e1pido has crecido, Pau. Felicidades, mi vida\u00bb. \u00a0La frase, que evoca a ese momento tan cotidiano en la infancia, ha conectado de inmediato con sus seguidores, acostumbrados a la naturalidad y cercan\u00eda de la presentadora valenciana.<\/p>\n<p> <img src=\"https:\/\/www.europesays.com\/es\/wp-content\/uploads\/2026\/08\/89a7e3e4094b-nuria-roca-ig.jpg\"   width=\"1024\" height=\"682\" loading=\"lazy\" decoding=\"async\" alt=\"Nuria Roca con su hijo Pau, que cumple 20 a\u00f1os, en una foto de su infancia\" fetchpriority=\"auto\" class=\"image ho-image\"\/>Nuria Roca con su hijo Pau, que cumple 20 a\u00f1os, en una foto de su infancia<\/p>\n<p id=\"e6E8YpjlgP_\" data-wc=\"55\">Este gesto no ha pasado desapercibido para Juan del Val, escritor y colaborador televisivo, que ha mostrado su apoyo a las palabras de su mujer con un sencillo pero significativo \u00abme gusta\u00bb en la publicaci\u00f3n. \u00a0Un gesto que refuerza la imagen de complicidad y cari\u00f1o que la pareja transmite siempre que habla de su familia.\u00a0<\/p>\n<p>Pau, el segundo de los Del Val Roca<\/p>\n<p id=\"eYFoKAXesaQ\" data-wc=\"92\">Pau del Val Roca, nacido el 28 de agosto de 2006, celebra este viernes sus 20 a\u00f1os y es <a class=\"hm-link ho-link\" href=\"https:\/\/www.hola.com\/actualidad\/20260324891402\/nuria-roca-cumple-54-fotos-ineditas-hijos\/\" data-mrf-recirculation=\"article-body-link\" rel=\"nofollow noopener\" target=\"_blank\">el mediano de los tres hijos de Nuria Roca y Juan del Val<\/a>. De todos ellos es el m\u00e1s parecido f\u00edsicamente a su padre y destaca por su car\u00e1cter desenfadado y su afici\u00f3n a la m\u00fasica y al deporte. El joven estudia Comunicaci\u00f3n Audiovisual en Madrid y sigue los pasos de su hermano mayor en el mundo de la comunicaci\u00f3n y la producci\u00f3n, un \u00e1mbito que, seg\u00fan ha contado su madre, \u00able fascina\u00bb.<\/p>\n<p> <img src=\"https:\/\/www.europesays.com\/es\/wp-content\/uploads\/2026\/08\/8d259980fe19-nuria-roca-ig2.jpg\"   width=\"818\" height=\"1024\" loading=\"lazy\" decoding=\"async\" alt=\"Nuria Roca con su hijo Pau\" fetchpriority=\"auto\" class=\"image ho-image\"\/>\u00a9 nuriarocagranellNuria Roca con su hijo Pau<br \/>\nLa despedida de Olivia<\/p>\n<p id=\"ePBTACdWBZ\" data-wc=\"113\">Al igual que sus hermanos Juan y Olivia, Pau tambi\u00e9n vivi\u00f3 la experiencia de <strong>estudiar un a\u00f1o en el extranjero durante el bachillerato<\/strong>, una decisi\u00f3n que la presentadora ha destacado siempre como \u00abuna experiencia inolvidable\u00bb para sus hijos. \u00a0Ahora, de regreso en Espa\u00f1a, contin\u00faa form\u00e1ndose mientras la familia se adapta a una nueva etapa, despu\u00e9s de que Olivia, la benjamina, se haya marchado a Estados Unidos para cursar un a\u00f1o acad\u00e9mico. \u00ab<a class=\"hm-link ho-link\" href=\"https:\/\/www.hola.com\/actualidad\/20260824919632\/nuria-roca-juan-del-val-hija-olivia-extranjero\/\" data-mrf-recirculation=\"article-body-link\" rel=\"nofollow noopener\" target=\"_blank\">\u00bfY ahora que hago yo?<\/a>, se preguntaba la presentadora de laSexta y colaboradora de El Hormiguero tras despedirse de su hija peque\u00f1a. \u00abCu\u00e1ntos besos, cu\u00e1ntos abrazos, cu\u00e1nta comida, jajajaja, y cu\u00e1nto amor! \u00a1Lo que te vamos a echar de menos, Olivia!\u00bb, dec\u00eda.\u00a0<\/p>\n<p> <img src=\"https:\/\/www.europesays.com\/es\/wp-content\/uploads\/2026\/08\/1787921059_844_bd1a4991619d-saveclipapp784590234186222836770352315686528667741286683n.jpg\"   width=\"1024\" height=\"768\" loading=\"lazy\" decoding=\"async\" alt=\"Pau despidi\u00e9ndose de su hermana Olivia en el aeropuerto\" fetchpriority=\"auto\" class=\"image ho-image\"\/>\u00a9 nuriarocagranellPau despidi\u00e9ndose de su hermana Olivia en el aeropuerto<\/p>\n<p id=\"eB-KNvP5dgp\" data-wc=\"104\">\u00a0Entre viajes, estudios y proyectos profesionales, Nuria y Juan siguen compartiendo esos instantes cotidianos que, al final, son los que m\u00e1s gustan a sus seguidores: un cumplea\u00f1os, un abrazo en el aeropuerto, una frase que resume el paso del tiempo. Y es que, como escribe la propia Nuria, a veces <strong>basta un d\u00eda para darse cuenta de que ciertos gestos<\/strong> \u2014como atar los zapatos a tu hijo hijo\u2014 <strong>ya no volver\u00e1n<\/strong>. \u00a0Pero lo que permanece, y eso lo saben bien los Del Val Roca, es un v\u00ednculo familiar que se mantiene intacto al margen de que sus hijos crecen y emprendan su propio camino.<\/p>\n","protected":false},"excerpt":{"rendered":"Nuria Roca ha dedicado unas palabras llenas de ternura a su hijo\u00a0Pau con motivo de , en las&hellip;\n","protected":false},"author":2,"featured_media":735620,"comment_status":"","ping_status":"","sticky":false,"template":"","format":"standard","meta":{"footnotes":""},"categories":[174],"tags":[517,255,146,147,25,24,256,4260,4259,23],"class_list":["post-735619","post","type-post","status-publish","format-standard","has-post-thumbnail","category-famosos","tag-actualidad","tag-celebrities","tag-entertainment","tag-entretenimiento","tag-es","tag-espana","tag-famosos","tag-juan-del-val","tag-nuria-roca","tag-spain"],"share_on_mastodon":{"url":"https:\/\/pubeurope.com\/@es\/117173203219748815","error":""},"_links":{"self":[{"href":"https:\/\/www.europesays.com\/es\/wp-json\/wp\/v2\/posts\/735619","targetHints":{"allow":["GET"]}}],"collection":[{"href":"https:\/\/www.europesays.com\/es\/wp-json\/wp\/v2\/posts"}],"about":[{"href":"https:\/\/www.europesays.com\/es\/wp-json\/wp\/v2\/types\/post"}],"author":[{"embeddable":true,"href":"https:\/\/www.europesays.com\/es\/wp-json\/wp\/v2\/users\/2"}],"replies":[{"embeddable":true,"href":"https:\/\/www.europesays.com\/es\/wp-json\/wp\/v2\/comments?post=735619"}],"version-history":[{"count":0,"href":"https:\/\/www.europesays.com\/es\/wp-json\/wp\/v2\/posts\/735619\/revisions"}],"wp:featuredmedia":[{"embeddable":true,"href":"https:\/\/www.europesays.com\/es\/wp-json\/wp\/v2\/media\/735620"}],"wp:attachment":[{"href":"https:\/\/www.europesays.com\/es\/wp-json\/wp\/v2\/media?parent=735619"}],"wp:term":[{"taxonomy":"category","embeddable":true,"href":"https:\/\/www.europesays.com\/es\/wp-json\/wp\/v2\/categories?post=735619"},{"taxonomy":"post_tag","embeddable":true,"href":"https:\/\/www.europesays.com\/es\/wp-json\/wp\/v2\/tags?post=735619"}],"curies":[{"name":"wp","href":"https:\/\/api.w.org\/{rel}","templated":true}]}}