{"id":735635,"date":"2026-08-28T12:53:18","date_gmt":"2026-08-28T12:53:18","guid":{"rendered":"https:\/\/www.europesays.com\/es\/735635\/"},"modified":"2026-08-28T12:53:18","modified_gmt":"2026-08-28T12:53:18","slug":"piloto-medico-francotirador-de-los-seal-y-astronauta-jonny-kim-cierra-su-etapa-en-la-nasa-y-regresa-al-servicio-activo-en-la-armada-estadounidense","status":"publish","type":"post","link":"https:\/\/www.europesays.com\/es\/735635\/","title":{"rendered":"Piloto, m\u00e9dico, francotirador de los SEAL y astronauta: Jonny Kim cierra su etapa en la NASA y regresa al servicio activo en la Armada estadounidense"},"content":{"rendered":"<p>Tras casi diez a\u00f1os en la <strong style=\"white-space: pre-wrap;\">NASA<\/strong>, el astronauta <strong style=\"white-space: pre-wrap;\">Jonny Kim<\/strong> cierra este jueves su etapa en la agencia espacial y vuelve al servicio activo en la <strong style=\"white-space: pre-wrap;\">Armada de los Estados Unidos<\/strong>, donde continuar\u00e1 como <strong style=\"white-space: pre-wrap;\">teniente comandante<\/strong>. Kim pas\u00f3 <strong style=\"white-space: pre-wrap;\">ocho meses<\/strong> a bordo de la <strong style=\"white-space: pre-wrap;\">Estaci\u00f3n Espacial Internacional (EEI)<\/strong>, en una misi\u00f3n cient\u00edfica iniciada en abril de 2025 tras despegar en la <strong style=\"white-space: pre-wrap;\">Soyuz MS\u201127<\/strong>. Durante las <strong style=\"white-space: pre-wrap;\">Expediciones 72 y 73<\/strong>, trabaj\u00f3 como <strong style=\"white-space: pre-wrap;\">ingeniero de vuelo<\/strong> y particip\u00f3 en proyectos destinados a preparar futuras misiones de exploraci\u00f3n.<\/p>\n<p>A lo largo de su estancia en la estaci\u00f3n, Kim complet\u00f3 <strong style=\"white-space: pre-wrap;\">3.920 \u00f3rbitas<\/strong> alrededor de la Tierra y recorri\u00f3 unos <strong style=\"white-space: pre-wrap;\">167 millones de kil\u00f3metros<\/strong>. Su labor incluy\u00f3 estudios sobre <strong style=\"white-space: pre-wrap;\">tecnolog\u00eda<\/strong>, <strong style=\"white-space: pre-wrap;\">ciencias de la Tierra<\/strong>, <strong style=\"white-space: pre-wrap;\">biolog\u00eda<\/strong> y <strong style=\"white-space: pre-wrap;\">salud humana en microgravedad<\/strong>, \u00e1reas clave para el futuro de la exploraci\u00f3n espacial. El administrador de la NASA, <strong style=\"white-space: pre-wrap;\">Jared Isaacman<\/strong>, destac\u00f3 su trayectoria: \u00ab<strong style=\"white-space: pre-wrap;\">Jonny Kim representa lo mejor de la NASA\u2026 sus contribuciones impulsar\u00e1n misiones futuras durante d\u00e9cadas<\/strong>\u00ab.<\/p>\n<p>En la segunda mitad de la Expedici\u00f3n 73, Kim fue <strong style=\"white-space: pre-wrap;\">jefe del segmento operativo estadounidense<\/strong>, supervisando las actividades en los m\u00f3dulos internacionales. La misi\u00f3n estuvo marcada por un hecho in\u00e9dito: por primera vez en <strong style=\"white-space: pre-wrap;\">25 a\u00f1os<\/strong>, <strong style=\"white-space: pre-wrap;\">todos los puntos de acoplamiento<\/strong> de la estaci\u00f3n estuvieron ocupados simult\u00e1neamente. Kim tambi\u00e9n pilot\u00f3 el <strong style=\"white-space: pre-wrap;\">Canadarm2<\/strong> durante la primera captura de la nueva nave de carga <strong style=\"white-space: pre-wrap;\">Cygnus XL<\/strong>, que transport\u00f3 cinco toneladas de suministros. El astronauta regres\u00f3 a la Tierra en <strong style=\"white-space: pre-wrap;\">diciembre de 2025<\/strong>, aterrizando en Kazajist\u00e1n junto a sus compa\u00f1eros de <strong style=\"white-space: pre-wrap;\">Roscosmos<\/strong>.<\/p>\n<p>Una carrera marcada por la excelencia: m\u00e9dico, piloto, SEAL y referente en operaciones especiales<\/p>\n<p>Seleccionado como astronauta en <strong style=\"white-space: pre-wrap;\">2017<\/strong>, Kim complet\u00f3 dos a\u00f1os de entrenamiento que incluyeron sistemas de la estaci\u00f3n, idioma ruso, rob\u00f3tica, vuelos en <strong style=\"white-space: pre-wrap;\">T\u201138<\/strong>, geolog\u00eda, supervivencia y preparaci\u00f3n para caminatas espaciales. Posteriormente trabaj\u00f3 como <strong style=\"white-space: pre-wrap;\">CAPCOM<\/strong> en el Centro de Control de Misiones y particip\u00f3 en el desarrollo del programa <strong style=\"white-space: pre-wrap;\">Artemis<\/strong>, liderando operaciones de tripulaci\u00f3n y contribuyendo a la mejora de la Expedici\u00f3n 65.<\/p>\n<p>Su experiencia previa como <strong>SEAL<\/strong>, m\u00e9dico y aviador naval reforz\u00f3 su papel en operaciones de misi\u00f3n. El jefe de la Oficina de Astronautas, <strong>Scott Tingle<\/strong>, subray\u00f3 su impacto: \u00ab<strong>Jonny afront\u00f3 cada misi\u00f3n con humildad, precisi\u00f3n y un compromiso inquebrantable<\/strong>\u00ab.<\/p>\n<p>Nacido en Los \u00c1ngeles, Kim se uni\u00f3 a la Armada en 2002. Se form\u00f3 como <strong style=\"white-space: pre-wrap;\">socorrista m\u00e9dico<\/strong> y complet\u00f3 el duro entrenamiento <strong style=\"white-space: pre-wrap;\">BUD\/S<\/strong> antes de integrarse en el <strong style=\"white-space: pre-wrap;\">Equipo SEAL Tres<\/strong>, con el que sirvi\u00f3 como <strong style=\"white-space: pre-wrap;\">francotirador<\/strong> en Irak durante la segunda Guerra del Golfo. Particip\u00f3 en m\u00e1s de <strong style=\"white-space: pre-wrap;\">100 operaciones de combate<\/strong> y recibi\u00f3 la <strong style=\"white-space: pre-wrap;\">Estrella de Plata<\/strong>, la <strong style=\"white-space: pre-wrap;\">Estrella de Bronce con \u201cV\u201d de combate<\/strong> y otras condecoraciones.<\/p>\n<p>Formaci\u00f3n acad\u00e9mica y m\u00e9dica de \u00e9lite<\/p>\n<p>Kim obtuvo una <strong style=\"white-space: pre-wrap;\">licenciatura en matem\u00e1ticas<\/strong> en la Universidad de San Diego y un <strong style=\"white-space: pre-wrap;\">t\u00edtulo de m\u00e9dico<\/strong> en la <strong style=\"white-space: pre-wrap;\">Facultad de Medicina de Harvard<\/strong>. Realiz\u00f3 pr\u00e1cticas en el <strong style=\"white-space: pre-wrap;\">Massachusetts General Hospital<\/strong> y en el <strong style=\"white-space: pre-wrap;\">Brigham and Women\u2019s Hospital<\/strong>. Tambi\u00e9n se convirti\u00f3 en <strong style=\"white-space: pre-wrap;\">aviador naval<\/strong> y <strong style=\"white-space: pre-wrap;\">m\u00e9dico de vuelo<\/strong>, tras formarse en las bases a\u00e9reas de <strong style=\"white-space: pre-wrap;\">Corpus Christi<\/strong> y <strong style=\"white-space: pre-wrap;\">Whiting Field<\/strong>, adem\u00e1s de recibir instrucci\u00f3n en <strong style=\"white-space: pre-wrap;\">medicina aeroespacial<\/strong> en el Instituto M\u00e9dico Aeroespacial Naval de Pensacola.<\/p>\n<p>Al finalizar su etapa en la NASA, Kim volver\u00e1 al servicio activo para completar su carrera en el <strong style=\"white-space: pre-wrap;\">entrenamiento de aviaci\u00f3n naval<\/strong>. En su despedida, dej\u00f3 un mensaje que resume su filosof\u00eda: \u00ab<strong style=\"white-space: pre-wrap;\">Contribuir a la exploraci\u00f3n espacial y servir a la NASA ha sido el mayor honor de mi vida\u2026 liderar con amor y empat\u00eda es la clave para lograr lo imposible<\/strong>\u00ab.<\/p>\n","protected":false},"excerpt":{"rendered":"Tras casi diez a\u00f1os en la NASA, el astronauta Jonny Kim cierra este jueves su etapa en la&hellip;\n","protected":false},"author":2,"featured_media":735636,"comment_status":"","ping_status":"","sticky":false,"template":"","format":"standard","meta":{"footnotes":""},"categories":[81],"tags":[517,114673,119,123,124,25,24,642,117,121,122,23,118,120],"class_list":["post-735635","post","type-post","status-publish","format-standard","has-post-thumbnail","category-ciencia-y-tecnologia","tag-actualidad","tag-b50m","tag-ciencia","tag-ciencia-y-tecnologia","tag-cienciaytecnologia","tag-es","tag-espana","tag-nasa","tag-science","tag-science-and-technology","tag-scienceandtechnology","tag-spain","tag-technology","tag-tecnologia"],"share_on_mastodon":{"url":"https:\/\/pubeurope.com\/@es\/117173237127155153","error":""},"_links":{"self":[{"href":"https:\/\/www.europesays.com\/es\/wp-json\/wp\/v2\/posts\/735635","targetHints":{"allow":["GET"]}}],"collection":[{"href":"https:\/\/www.europesays.com\/es\/wp-json\/wp\/v2\/posts"}],"about":[{"href":"https:\/\/www.europesays.com\/es\/wp-json\/wp\/v2\/types\/post"}],"author":[{"embeddable":true,"href":"https:\/\/www.europesays.com\/es\/wp-json\/wp\/v2\/users\/2"}],"replies":[{"embeddable":true,"href":"https:\/\/www.europesays.com\/es\/wp-json\/wp\/v2\/comments?post=735635"}],"version-history":[{"count":0,"href":"https:\/\/www.europesays.com\/es\/wp-json\/wp\/v2\/posts\/735635\/revisions"}],"wp:featuredmedia":[{"embeddable":true,"href":"https:\/\/www.europesays.com\/es\/wp-json\/wp\/v2\/media\/735636"}],"wp:attachment":[{"href":"https:\/\/www.europesays.com\/es\/wp-json\/wp\/v2\/media?parent=735635"}],"wp:term":[{"taxonomy":"category","embeddable":true,"href":"https:\/\/www.europesays.com\/es\/wp-json\/wp\/v2\/categories?post=735635"},{"taxonomy":"post_tag","embeddable":true,"href":"https:\/\/www.europesays.com\/es\/wp-json\/wp\/v2\/tags?post=735635"}],"curies":[{"name":"wp","href":"https:\/\/api.w.org\/{rel}","templated":true}]}}