{"id":735639,"date":"2026-08-28T12:55:13","date_gmt":"2026-08-28T12:55:13","guid":{"rendered":"https:\/\/www.europesays.com\/es\/735639\/"},"modified":"2026-08-28T12:55:13","modified_gmt":"2026-08-28T12:55:13","slug":"el-papa-a-los-vicentinos-la-oracion-y-la-justicia-social-son-inseparables","status":"publish","type":"post","link":"https:\/\/www.europesays.com\/es\/735639\/","title":{"rendered":"El Papa a los vicentinos: La oraci\u00f3n y la justicia social son inseparables"},"content":{"rendered":"<p>Este viernes, 28 de agosto, el Papa Le\u00f3n XIV ha recibido en audiencia, en la Sala del Consistorio del Vaticano, a los miembros de la delegaci\u00f3n de la Sociedad de San Vicente de Pa\u00fal de los Estados Unidos. A ellos, el Pont\u00edfice los alent\u00f3 \u201ca profundizar su relaci\u00f3n con nuestro Se\u00f1or, para que su gracia contin\u00fae guiando y fortaleciendo el servicio que realizan\u201d.<\/p>\n<p><b>Renato Martinez \u2013 Ciudad del Vaticano<\/b><\/p>\n<p>\u201cSan Vicente de Pa\u00fal demostr\u00f3 que la oraci\u00f3n y la justicia social no solo son complementarias, sino inseparables\u201d, esto fue lo que les record\u00f3 el Papa Le\u00f3n XIV a los miembros de la delegaci\u00f3n de la Sociedad de San Vicente de Pa\u00fal de los Estados Unidos, a quienes recibi\u00f3 en audiencia la ma\u00f1ana de este viernes, 28 de agosto, en la Sala del Consistorio del Vaticano.<\/p>\n<p>\n   Escucha y descarga el servicio con la voz del Papa\n  <\/p>\n<p><b>Profundizar en el deseo de servir al Se\u00f1or y a su Iglesia<\/b> <\/p>\n<p>Al saludar a los miembros de esta organizaci\u00f3n de laicos cat\u00f3licos voluntarios comprometidos con la ayuda a personas en dificultad, el Santo Padre les dese\u00f3 que, su estancia en la Ciudad Eterna fortalezca su fe y profundice su deseo de servir al Se\u00f1or y a su Iglesia.<\/p>\n<p>\u201cLes agradezco especialmente su dedicada labor en la Sociedad de San Vicente de Pa\u00fal y, a trav\u00e9s de ella, a sus hermanos y hermanas en todo Estados Unidos. Al ofrecer libremente los dones y talentos que Dios les ha dado, dan elocuente testimonio de su fe al servicio de la construcci\u00f3n del Reino de Dios\u201d.<\/p>\n<p>    <img decoding=\"async\" src=\"data:image\/gif;base64,R0lGODlhAQABAIAAAAAAAP\/\/\/yH5BAEAAAAALAAAAAABAAEAAAIBRAA7\" data-original=\"https:\/\/www.vaticannews.va\/content\/dam\/vaticannews\/agenzie\/images\/srv\/2026\/08\/28\/2026-08-28-delegazione-della-societa-di-san-vincenzo-de-paoli--d\/1787910601042.JPG\/_jcr_content\/renditions\/cq5dam.thumbnail.cropped.750.422.jpeg\" alt=\"Un momento de la audiencia\" title=\"Un momento de la audiencia\"\/><\/p>\n<p>\n   Un momento de la audiencia \u00a0 (@VATICAN MEDIA)\n  <\/p>\n<p><b>La oraci\u00f3n y la justicia social son inseparables<\/b> <\/p>\n<p>Asimismo, el Obispo de Roma anim\u00f3 a los miembros de esta organizaci\u00f3n caritativa a profundizar su relaci\u00f3n con nuestro Se\u00f1or, para que su gracia contin\u00fae guiando y fortaleciendo el servicio que realizan.<\/p>\n<p>\u201cSan Vicente de Pa\u00fal demostr\u00f3 que la oraci\u00f3n y la justicia social no solo son complementarias, sino inseparables. Por lo tanto, espero que sigan acudiendo a su patrono celestial para seguir su ejemplo y buscar su intercesi\u00f3n\u201d.<\/p>\n<p><b>El cuidado de los dem\u00e1s abre los corazones a Dios<\/b> <\/p>\n<p>Adem\u00e1s, citando la <a href=\"https:\/\/www.vatican.va\/content\/leo-xiv\/es\/apost_exhortations\/documents\/20251004-dilexi-te.html\" rel=\"external nofollow noopener\" target=\"_blank\">Exhortaci\u00f3n Apost\u00f3lica Dilexi te<\/a>, el Pont\u00edfice record\u00f3 que, San Agust\u00edn ense\u00f1\u00f3 la naturaleza cristoc\u00e9ntrica del cuidado de los pobres y sostuvo que Dios es insuperable en generosidad hacia quienes les sirven.<\/p>\n<p>\u201cPor lo tanto, creemos que el cuidado de los dem\u00e1s, cuando nace del amor, no solo ayuda a los necesitados, sino que tambi\u00e9n abre los corazones de quienes se entregan a la gracia de Dios\u201d.<\/p>\n<p>    <img decoding=\"async\" src=\"data:image\/gif;base64,R0lGODlhAQABAIAAAAAAAP\/\/\/yH5BAEAAAAALAAAAAABAAEAAAIBRAA7\" data-original=\"https:\/\/www.vaticannews.va\/content\/dam\/vaticannews\/agenzie\/images\/srv\/2026\/08\/28\/2026-08-28-delegazione-della-societa-di-san-vincenzo-de-paoli--d\/1787910602516.JPG\/_jcr_content\/renditions\/cq5dam.thumbnail.cropped.750.422.jpeg\" alt=\"La bendici\u00f3n del Papa\" title=\"La bendici\u00f3n del Papa\"\/><\/p>\n<p>\n   La bendici\u00f3n del Papa \u00a0 (@VATICAN MEDIA)\n  <\/p>\n<p><b>Donarse uno mismo a los dem\u00e1s<\/b> <\/p>\n<p>Y alent\u00e1ndolos a seguir este servicio en favor de los m\u00e1s necesitados, el Santo Padre los exhort\u00f3 a que siempre se donen ellos mismos a los dem\u00e1s.<\/p>\n<p>\u201cDe esta manera, la gracia del Se\u00f1or purificar\u00e1 constantemente sus corazones y mentes, y reconocer\u00e1n m\u00e1s f\u00e1cilmente a Cristo en sus pr\u00f3jimos, tanto en las personas a quienes sirven como en aquellas con quienes trabajan\u201d.<\/p>\n<p><b>Los encomiendo a la intercesi\u00f3n de Mar\u00eda, Madre de la Iglesia<\/b> <\/p>\n<p>Finalmente, antes de impartirles la bendici\u00f3n apost\u00f3lica y antes de regresar a casa, el Papa Le\u00f3n XIV les dijo que, sepan que lo hacen con sus oraciones y les pidi\u00f3 de manera especial que transmitan sus cordiales saludos a sus colegas y a quienes cuidan.<\/p>\n<p>\u201cCon estas reflexiones, encomiendo a cada uno de ustedes a la intercesi\u00f3n de Mar\u00eda, Madre de la Iglesia\u201d.<\/p>\n","protected":false},"excerpt":{"rendered":"Este viernes, 28 de agosto, el Papa Le\u00f3n XIV ha recibido en audiencia, en la Sala del Consistorio&hellip;\n","protected":false},"author":2,"featured_media":735640,"comment_status":"","ping_status":"","sticky":false,"template":"","format":"standard","meta":{"footnotes":""},"categories":[42],"tags":[130613,2509,17,18,629,13,14,11,61,62,63,64,19,20,9,10,15,16,400,12,21,22,403,65,66,67],"class_list":["post-735639","post","type-post","status-publish","format-standard","has-post-thumbnail","category-internacional","tag-asociaciones-caritativas","tag-audiencias","tag-breaking-news","tag-breakingnews","tag-estados-unidos","tag-featured-news","tag-featurednews","tag-headlines","tag-internacional","tag-international","tag-international-news","tag-internationalnews","tag-latest-news","tag-latestnews","tag-news","tag-noticias","tag-noticias-destacadas","tag-noticiasdestacadas","tag-papa-leon-xiv","tag-titulares","tag-ultimas-noticias","tag-ultimasnoticias","tag-vaticano","tag-world","tag-world-news","tag-worldnews"],"share_on_mastodon":{"url":"https:\/\/pubeurope.com\/@es\/117173245042052918","error":""},"_links":{"self":[{"href":"https:\/\/www.europesays.com\/es\/wp-json\/wp\/v2\/posts\/735639","targetHints":{"allow":["GET"]}}],"collection":[{"href":"https:\/\/www.europesays.com\/es\/wp-json\/wp\/v2\/posts"}],"about":[{"href":"https:\/\/www.europesays.com\/es\/wp-json\/wp\/v2\/types\/post"}],"author":[{"embeddable":true,"href":"https:\/\/www.europesays.com\/es\/wp-json\/wp\/v2\/users\/2"}],"replies":[{"embeddable":true,"href":"https:\/\/www.europesays.com\/es\/wp-json\/wp\/v2\/comments?post=735639"}],"version-history":[{"count":0,"href":"https:\/\/www.europesays.com\/es\/wp-json\/wp\/v2\/posts\/735639\/revisions"}],"wp:featuredmedia":[{"embeddable":true,"href":"https:\/\/www.europesays.com\/es\/wp-json\/wp\/v2\/media\/735640"}],"wp:attachment":[{"href":"https:\/\/www.europesays.com\/es\/wp-json\/wp\/v2\/media?parent=735639"}],"wp:term":[{"taxonomy":"category","embeddable":true,"href":"https:\/\/www.europesays.com\/es\/wp-json\/wp\/v2\/categories?post=735639"},{"taxonomy":"post_tag","embeddable":true,"href":"https:\/\/www.europesays.com\/es\/wp-json\/wp\/v2\/tags?post=735639"}],"curies":[{"name":"wp","href":"https:\/\/api.w.org\/{rel}","templated":true}]}}