{"id":735665,"date":"2026-08-28T13:16:15","date_gmt":"2026-08-28T13:16:15","guid":{"rendered":"https:\/\/www.europesays.com\/es\/735665\/"},"modified":"2026-08-28T13:16:15","modified_gmt":"2026-08-28T13:16:15","slug":"pedro-sanchez-valdepenas-propone-un-pregon-popular-para-unir-la-musica-y-el-toro-en-daimiel","status":"publish","type":"post","link":"https:\/\/www.europesays.com\/es\/735665\/","title":{"rendered":"Pedro S\u00e1nchez-Valdepe\u00f1as propone un preg\u00f3n popular para unir la m\u00fasica y el toro en Daimiel"},"content":{"rendered":"<p><strong>El director de la Banda Municipal de M\u00fasica ser\u00e1 el encargado de pronunciar el und\u00e9cimo preg\u00f3n taurino que organiza la Pe\u00f1a Taurina Daimiele\u00f1a. Una velada marcada por una doble efem\u00e9ride los 40 a\u00f1os de la pe\u00f1a y los 150 de la banda. La cita, esta noche a partir de las 21:00 horas en la Plaza de Toros.\u00a0<\/strong><\/p>\n<p><strong>Daimiel Noticias.-<\/strong> La plaza de toros acoge esta noche el und\u00e9cimo preg\u00f3n taurino de la localidad, un acontecimiento marcado por una doble efem\u00e9ride: el 150 aniversario de la Banda Municipal de M\u00fasica y los 40 a\u00f1os de la Pe\u00f1a Taurina Daimiele\u00f1a. Pedro S\u00e1nchez-Valdepe\u00f1as Pozo, director de la formaci\u00f3n musical, ser\u00e1 el encargado de pronunciar un discurso con el que pretende tender puentes emocionales entre el arte de la lidia y la m\u00fasica.\u00a0<\/p>\n<p>El acto, que comenzar\u00e1 a las 21:00 horas, representa una oportunidad especial para el pregonero, quien debuta en esta faceta tras haber tenido que rechazar la propuesta en a\u00f1os anteriores por problemas de agenda. Seg\u00fan ha explicado en <a href=\"https:\/\/go.ivoox.com\/rf\/179647917\" rel=\"nofollow noopener\" target=\"_blank\">Radio Daimiel<\/a>, su objetivo es ofrecer una alocuci\u00f3n \u201cllana, del pueblo y sencilla\u201d, exenta de tecnicismos para asegurar que sea accesible a todos los asistentes.\u00a0<\/p>\n<p>El director de la banda buscar\u00e1 plasmar la estrecha relaci\u00f3n que une a la m\u00fasica y la tauromaquia, abordando de manera coordinada aspectos sobre toros, toreros, m\u00fasicos, pasodobles y estilos de toreo. Asimismo, compartir\u00e1 de forma cercana sus vivencias personales, rememorando el d\u00eda en el que entr\u00f3 por primera vez a la plaza de toros.<\/p>\n<p>La velada servir\u00e1 tambi\u00e9n para conmemorar las cuatro d\u00e9cadas de existencia de la Pe\u00f1a Taurina de Daimiel. Paco C\u00f3rdoba, secretario de la pe\u00f1a, \u00a0ha detallado la estructura de un evento que ser\u00e1 presentado por Juli\u00e1n S\u00e1nchez-Valdepe\u00f1as, hermano del pregonero.\u00a0<\/p>\n<p>Tras el preg\u00f3n, se proceder\u00e1 a la presentaci\u00f3n de la 42.\u00aa edici\u00f3n de la revista Toros, que este a\u00f1o se convierte en una entrega hist\u00f3rica de 72 p\u00e1ginas (frente a las 40 habituales) para recopilar fotograf\u00edas de todas las \u00e9pocas de la asociaci\u00f3n.\u00a0<\/p>\n<p>Acto seguido, la pe\u00f1a entregar\u00e1 reconocimientos especiales a los seis socios fundadores que a\u00fan viven, de los 22 que iniciaron el proyecto en los a\u00f1os ochenta. La ceremonia concluir\u00e1 con las intervenciones del presidente de la pe\u00f1a, Javier Romero, y del alcalde de Daimiel, Leopoldo Sierra.\u00a0<\/p>\n<p>La conmemoraci\u00f3n coincide con un momento de excelente salud para la pe\u00f1a taurina, que cuenta con \u201cuna s\u00f3lida masa social\u201d que respalda activamente iniciativas como sus tradicionales excursiones al campo bravo. Asimismo, C\u00f3rdoba adelantaba que ya trabajan en un proyecto literario especial para el pr\u00f3ximo a\u00f1o, con motivo del 75 aniversario de la construcci\u00f3n de la plaza de toros de Daimiel.<\/p>\n<p>  <img loading=\"lazy\" decoding=\"async\" src=\"https:\/\/www.europesays.com\/es\/wp-content\/uploads\/2026\/08\/pena_taurina_viaje_ganaderia.jpg\" width=\"800\" height=\"463\" alt=\"pena_taurina_viaje_ganaderia.jpg\" typeof=\"foaf:Image\" class=\"img-fluid\"\/><br \/>\nUno de los \u00faltimos viajes de la pe\u00f1a a una ganader\u00eda.<\/p>\n<p>Antes, dentro de una semana, aguarda la corrida de este a\u00f1o con un cartel sin precedentes en el municipio: junto al veterano matador Jes\u00fas Manuel \u00abEl Cid\u00bb, actuar\u00e1n dos diestros locales de alternativa, Luis Miguel V\u00e1zquez y Carlos Aranda. Tanto el secretario de la pe\u00f1a como el director de la banda rese\u00f1aron este hecho hist\u00f3rico y expresaron sus deseos de vivir una gran tarde de toros.\u00a0<\/p>\n","protected":false},"excerpt":{"rendered":"El director de la Banda Municipal de M\u00fasica ser\u00e1 el encargado de pronunciar el und\u00e9cimo preg\u00f3n taurino que&hellip;\n","protected":false},"author":2,"featured_media":735666,"comment_status":"","ping_status":"","sticky":false,"template":"","format":"standard","meta":{"footnotes":""},"categories":[91],"tags":[3010,146,147,25,24,130616,19527,22729,23],"class_list":["post-735665","post","type-post","status-publish","format-standard","has-post-thumbnail","category-entretenimiento","tag-daimiel","tag-entertainment","tag-entretenimiento","tag-es","tag-espana","tag-pedro-sanchez-valdepenas","tag-pena-taurina-daimielena","tag-pregon-taurino","tag-spain"],"share_on_mastodon":{"url":"https:\/\/pubeurope.com\/@es\/117173328972039091","error":""},"_links":{"self":[{"href":"https:\/\/www.europesays.com\/es\/wp-json\/wp\/v2\/posts\/735665","targetHints":{"allow":["GET"]}}],"collection":[{"href":"https:\/\/www.europesays.com\/es\/wp-json\/wp\/v2\/posts"}],"about":[{"href":"https:\/\/www.europesays.com\/es\/wp-json\/wp\/v2\/types\/post"}],"author":[{"embeddable":true,"href":"https:\/\/www.europesays.com\/es\/wp-json\/wp\/v2\/users\/2"}],"replies":[{"embeddable":true,"href":"https:\/\/www.europesays.com\/es\/wp-json\/wp\/v2\/comments?post=735665"}],"version-history":[{"count":0,"href":"https:\/\/www.europesays.com\/es\/wp-json\/wp\/v2\/posts\/735665\/revisions"}],"wp:featuredmedia":[{"embeddable":true,"href":"https:\/\/www.europesays.com\/es\/wp-json\/wp\/v2\/media\/735666"}],"wp:attachment":[{"href":"https:\/\/www.europesays.com\/es\/wp-json\/wp\/v2\/media?parent=735665"}],"wp:term":[{"taxonomy":"category","embeddable":true,"href":"https:\/\/www.europesays.com\/es\/wp-json\/wp\/v2\/categories?post=735665"},{"taxonomy":"post_tag","embeddable":true,"href":"https:\/\/www.europesays.com\/es\/wp-json\/wp\/v2\/tags?post=735665"}],"curies":[{"name":"wp","href":"https:\/\/api.w.org\/{rel}","templated":true}]}}