{"id":735703,"date":"2026-08-28T13:43:10","date_gmt":"2026-08-28T13:43:10","guid":{"rendered":"https:\/\/www.europesays.com\/es\/735703\/"},"modified":"2026-08-28T13:43:10","modified_gmt":"2026-08-28T13:43:10","slug":"los-ladrones-del-tesoro-de-villena-abandonaron-una-de-las-dos-piezas-mas-valiosas-del-conjunto-orfebre-cultura","status":"publish","type":"post","link":"https:\/\/www.europesays.com\/es\/735703\/","title":{"rendered":"Los ladrones del Tesoro de Villena abandonaron una de las dos piezas m\u00e1s valiosas del conjunto orfebre | Cultura"},"content":{"rendered":"<p class=\"\">Uno de los dos elementos m\u00e1s importantes del <a href=\"https:\/\/elpais.com\/cultura\/2026-08-27\/roban-el-tesoro-de-villena-uno-de-los-hallazgos-mas-importantes-de-la-edad-de-bronce-en-europa.html\" target=\"_self\" rel=\"nofollow noopener\" title=\"https:\/\/elpais.com\/cultura\/2026-08-27\/roban-el-tesoro-de-villena-uno-de-los-hallazgos-mas-importantes-de-la-edad-de-bronce-en-europa.html\">Tesoro de Villena <\/a>\u2014un brazalete de hierro fabricado con el mineral de un meteorito\u2014 se ha salvado del robo cometido ayer en el museo arqueol\u00f3gico villenense, seg\u00fan adelanta EL PA\u00cdS. Esta pieza, as\u00ed como una peque\u00f1a semiesfera hueca de hierro recubierta con una l\u00e1mina de oro, est\u00e1n consideradas por los expertos como los elementos m\u00e1s importantes de este tesoro de la Edad del Bronce (2200 a 750 a. C.). \u201cSon los primeros objetos hallados en la pen\u00ednsula Ib\u00e9rica fabricados con hierro proveniente de fuera del planeta Tierra\u201d, seg\u00fan el informe  \u00bfHierro meteor\u00edtico en el Tesoro de Villena?, de Salvador Rovira-Llorens, Martina Renzi e <a href=\"https:\/\/cchs.csic.es\/es\/personal\/ignacio-montero-ruiz\" rel=\"nofollow noopener\" target=\"_blank\">Ignacio Montero-Ruiz<\/a>, investigadores respectivamente del Museo Arqueol\u00f3gico Nacional, del <a href=\"https:\/\/dgda.gov.sa\/home.aspx\" rel=\"nofollow noopener\" target=\"_blank\">Diriyah Gate Development Authority <\/a>(Arabia Saud\u00ed) y del Instituto de Historia del CSIC. <\/p>\n<p>M\u00e1s informaci\u00f3n<\/p>\n<p class=\"\">El brazalete fue abandonado por los ladrones, posiblemente, porque es de un metal poco valioso, algo que no ocurr\u00eda con la semiesfera al estar recubierta de oro. Fue desechado por los ladrones junto con tres copas de plata y otro brazalete de oro. El conjunto estaba compuesto en el momento de su robo por 59 objetos de oro (incluyendo 27 brazaletes y 11 cuencos), adem\u00e1s de elementos de plata y las dos piezas mencionadas de hierro. <\/p>\n<p class=\"\">La pulsera es una anilla abierta, con extremos redondeados y algo aplanados. Su descubridor en 1963, el arque\u00f3logo Jos\u00e9 Mar\u00eda Soler, la describi\u00f3 como \u201cun metal plomizo oscuro, brillante en algunas zonas, y se halla recubierta de un \u00f3xido de aspecto ferroso y resquebrajada en su mayor parte\u201d. <\/p>\n<p class=\"\">Solo su an\u00e1lisis, que se realiz\u00f3 en 2024, pudo determinar que no se trataba de piezas fabricadas con hierro terrestre \u2015producido por la reducci\u00f3n de minerales existentes en el manto del planeta Tierra\u2015, \u201csino extraterrestre y elaborado durante el Bronce Tard\u00edo\u201d. <\/p>\n<p class=\"\">\u201cEl hierro meteor\u00edtico\u201d, sostienen los investigadores en su estudio, se encuentra en cierto tipo de aerolitos que, procedentes del espacio exterior, est\u00e1n compuestos por una aleaci\u00f3n hierro-n\u00edquel con una composici\u00f3n variable de n\u00edquel superior al 5% en peso. Contienen, adem\u00e1s, otros elementos qu\u00edmicos minoritarios y trazas, siendo el cobalto uno de los m\u00e1s importantes. Por el contrario, en el hierro terrestre las tasas de n\u00edquel son, en general, bajas o muy bajas y frecuentemente no detectables de forma anal\u00edtica\u201d, explica el estudio. <\/p>\n<p class=\"\">El investigador Ignacio Montero Ruiz, del Instituto de Historia del CSIC y uno de los expertos que firman el informe, declar\u00f3 a EL PA\u00cdS en 2024: \u201cEstas dos piezas de hierro ten\u00edan un enorme valor. Por eso, se las consider\u00f3 en la Edad del Bronce merecedoras de entrar a formar parte de este conjunto tan espectacular con numerosos y delicados objetos de oro. Hierro y oro juntos, pero un hierro muy especial. Qui\u00e9n las fabric\u00f3 y de d\u00f3nde se obtuvo este material son todav\u00eda cuestiones que quedan por resolver\u201d. <\/p>\n<p class=\"\">El valor excepcional de las dos piezas de hierro proviene del hecho de que en el momento de su fabricaci\u00f3n los habitantes de la pen\u00ednsula ib\u00e9rica no conoc\u00edan el tratamiento del hierro. Solo sab\u00edan de \u00e9l por el que llegaba del norte de Europa y de Oriente. <\/p>\n<p class=\"\">El hierro fue introducido en la pen\u00ednsula por los fenicios que desembarcaron en lo que ahora es los<a href=\"https:\/\/elpais.com\/cultura\/2019\/02\/27\/actualidad\/1551270036_977709.html\" target=\"_self\" rel=\"nofollow noopener\" title=\"https:\/\/elpais.com\/cultura\/2019\/02\/27\/actualidad\/1551270036_977709.html\"> Castillejos de Alcorr\u00edn (M\u00e1laga).<\/a> Entraron en contacto con los nativos y crearon la primera metalurgia f\u00e9rrica de la pen\u00ednsula Ib\u00e9rica. Posteriormente, los \u00edberos mejoraron la t\u00e9cnica y forjaron las temibles <a href=\"https:\/\/elpais.com\/cultura\/2021-11-24\/la-policia-recupera-una-espada-ibera-expoliada-que-se-vendia-en-internet.html\" target=\"_self\" rel=\"nofollow noopener\" title=\"https:\/\/elpais.com\/cultura\/2021-11-24\/la-policia-recupera-una-espada-ibera-expoliada-que-se-vendia-en-internet.html\">falcatas <\/a>que provocaban el terror entre las tropas romanas. <\/p>\n<p class=\"\">Se supone que el Tesoro de Vilena pudo ser una acumulaci\u00f3n de objetos valiosos por parte de los nativos para intercambiarlos por otros de los reci\u00e9n llegados fenicios. Ahora, con el robo, y a la espera de las investigaciones policiales, parece m\u00e1s dif\u00edcil llegar a saberlo.<\/p>\n","protected":false},"excerpt":{"rendered":"Uno de los dos elementos m\u00e1s importantes del Tesoro de Villena \u2014un brazalete de hierro fabricado con el&hellip;\n","protected":false},"author":2,"featured_media":735704,"comment_status":"","ping_status":"","sticky":false,"template":"","format":"standard","meta":{"footnotes":""},"categories":[8],"tags":[17,18,10475,209,25,24,13,14,11,19,20,55163,9,10,15,16,11989,23,12,21,22,12658],"class_list":["post-735703","post","type-post","status-publish","format-standard","has-post-thumbnail","category-espana","tag-breaking-news","tag-breakingnews","tag-csic","tag-cultura","tag-es","tag-espana","tag-featured-news","tag-featurednews","tag-headlines","tag-latest-news","tag-latestnews","tag-meteoritos","tag-news","tag-noticias","tag-noticias-destacadas","tag-noticiasdestacadas","tag-robos","tag-spain","tag-titulares","tag-ultimas-noticias","tag-ultimasnoticias","tag-villena"],"share_on_mastodon":{"url":"https:\/\/pubeurope.com\/@es\/117173433684560051","error":""},"_links":{"self":[{"href":"https:\/\/www.europesays.com\/es\/wp-json\/wp\/v2\/posts\/735703","targetHints":{"allow":["GET"]}}],"collection":[{"href":"https:\/\/www.europesays.com\/es\/wp-json\/wp\/v2\/posts"}],"about":[{"href":"https:\/\/www.europesays.com\/es\/wp-json\/wp\/v2\/types\/post"}],"author":[{"embeddable":true,"href":"https:\/\/www.europesays.com\/es\/wp-json\/wp\/v2\/users\/2"}],"replies":[{"embeddable":true,"href":"https:\/\/www.europesays.com\/es\/wp-json\/wp\/v2\/comments?post=735703"}],"version-history":[{"count":0,"href":"https:\/\/www.europesays.com\/es\/wp-json\/wp\/v2\/posts\/735703\/revisions"}],"wp:featuredmedia":[{"embeddable":true,"href":"https:\/\/www.europesays.com\/es\/wp-json\/wp\/v2\/media\/735704"}],"wp:attachment":[{"href":"https:\/\/www.europesays.com\/es\/wp-json\/wp\/v2\/media?parent=735703"}],"wp:term":[{"taxonomy":"category","embeddable":true,"href":"https:\/\/www.europesays.com\/es\/wp-json\/wp\/v2\/categories?post=735703"},{"taxonomy":"post_tag","embeddable":true,"href":"https:\/\/www.europesays.com\/es\/wp-json\/wp\/v2\/tags?post=735703"}],"curies":[{"name":"wp","href":"https:\/\/api.w.org\/{rel}","templated":true}]}}