{"id":735713,"date":"2026-08-28T13:53:16","date_gmt":"2026-08-28T13:53:16","guid":{"rendered":"https:\/\/www.europesays.com\/es\/735713\/"},"modified":"2026-08-28T13:53:16","modified_gmt":"2026-08-28T13:53:16","slug":"toni-fernandez-se-acerca-al-venezia","status":"publish","type":"post","link":"https:\/\/www.europesays.com\/es\/735713\/","title":{"rendered":"Toni Fern\u00e1ndez se acerca al Venezia"},"content":{"rendered":"<p class=\"ft-text\">Pendiente <strong>est\u00e1 Toni Fern\u00e1ndez de resolver su futuro en este fin de mercado.<\/strong> El atacante de Rub\u00ed ya sab\u00eda que no contaba para Hansi Flick esta temporada tras completar la pretemporada con el primer equipo. Estos \u00faltimos d\u00edas se hab\u00edan intensificado los contactos para definir su destino, con ofertas de la Bundesliga, de la Serie A y de la Premier League.<\/p>\n<p><img decoding=\"async\" src=\"https:\/\/www.europesays.com\/es\/wp-content\/uploads\/2026\/08\/0ce196bb-19ca-43b6-a111-abc3fa4ab04c_alta-libre-aspect-ratio_default_0_x600y250.jpg\" width=\"1200\" height=\"750\" alt=\"Toni Fern\u00e1ndez, entrenando con el Bar\u00e7a\" class=\"ft-helper-img-rd\" loading=\"lazy\" fetchpriority=\"auto\"\/><\/p>\n<p class=\"ft-helper-fontColor-quaternary ft-helper-fontSize-body-S ft-helper-spacer-t-xxs\">Toni Fern\u00e1ndez, entrenando con el Bar\u00e7a  \/ FCB<\/p>\n<p class=\"ft-text\">A nadie se le escapa que se trata de una de las mayores perlas que han salido los \u00faltimos tiempos en La Masia y con un futuro enorme por delante a sus 18 a\u00f1os reci\u00e9n cumplidos. La v\u00eda del Bar\u00e7a Atl\u00e8tic est\u00e1 ya descartada y, seg\u00fan ha podido saber SPORT, el club mejor posicionado y quien m\u00e1s avanzado lo tiene es el Venezia. <\/p>\n<p class=\"ft-text\">El <strong>reci\u00e9n ascendido a la Serie A ha mostrado gran inter\u00e9s por el jugador.<\/strong> Se mantienen otras v\u00edas abiertas, tambi\u00e9n en la m\u00e1xima categor\u00eda italiana y, como dec\u00edamos, en Inglaterra y Alemania. Pero el Venezia es qui\u00e9n est\u00e1 m\u00e1s cerca de hacerse con sus servicios. Las pr\u00f3ximas horas ser\u00e1n determinantes para cerrar del todo esta opci\u00f3n.<\/p>\n<p><img decoding=\"async\" src=\"https:\/\/www.europesays.com\/es\/wp-content\/uploads\/2026\/08\/7e064dd4-2d08-4cee-a6c3-5c1cb64d1bab_alta-libre-aspect-ratio_default_0_x600y225.jpg\" width=\"1200\" height=\"675\" alt=\"Toni Fern\u00e1ndez, en una imagen de archivo con el Bar\u00e7a\" class=\"ft-helper-img-rd\" loading=\"lazy\" fetchpriority=\"auto\"\/><\/p>\n<p class=\"ft-helper-fontColor-quaternary ft-helper-fontSize-body-S ft-helper-spacer-t-xxs\">Toni Fern\u00e1ndez, en una imagen de archivo con el Bar\u00e7a  \/ SPORT<\/p>\n<p class=\"ft-text\">Venezia tiene un ambicioso proyecto y ve en la figura de Toni muchas similitudes con el caso de Nico Paz. Un futbolista joven, con talento y con personalidad para ser muy importante en este regreso a la \u00e9lite en Italia. Una gran oportunidad para seguir su carrera en la \u00e9lite y explotar este curso. <\/p>\n<p class=\"ft-text\">Toni se ha fogueado todos estos a\u00f1os en La Masia, <strong>quemando etapas a pasos agigantados. <\/strong>Su posici\u00f3n ideal es la de mediapunta, pero ha actuado tambi\u00e9n de extremo. Esa versatilidad es otra de sus grandes virtudes.<\/p>\n<p>Debut en 2025<\/p>\n<p class=\"ft-text\"><a href=\"https:\/\/www.sport.es\/es\/noticias\/barca\/alaves-tantea-toni-fernandez-131452972\" class=\"ft-link ft-link--decoration\" rel=\"nofollow noopener\" target=\"_blank\">Toni Fern\u00e1ndez<\/a> debut\u00f3 en el 2025 con el primer equipo en un partido de Copa ante el Barbastro. Fue el segundo canterano m\u00e1s joven de la historia del Bar\u00e7a en debutar con tan solo 16 a\u00f1os y cinco meses y es uno de los futbolistas que generaba m\u00e1s consenso de futuro dentro del club blaugrana. <strong>Tiene contrato hasta el 2027 y el Bar\u00e7a deb\u00eda decidir lo que hacer con \u00e9l en las pr\u00f3ximas semanas. <\/strong><\/p>\n<p class=\"ft-text\">Con el Bar\u00e7a Atl\u00e8tic, Toni Fern\u00e1ndez jug\u00f3 este pasado curso 25 partidos anotando cinco goles y dio tres asistencias. <\/p>\n<p class=\"ft-text\">Acaba de cumplir 18 a\u00f1os y la idea es que se cierre la transacci\u00f3n con el mismo formato que se est\u00e1n llevando a cabo el resto: traspaso y manteniendo un derecho de tanteo y opci\u00f3n de recompra As\u00ed se han llevado a cabo las operaciones de Tommy Marqu\u00e9s, Jofre o la que est\u00e1 a punto de cerrarse de H\u00e9ctor Fort. <\/p>\n","protected":false},"excerpt":{"rendered":"Pendiente est\u00e1 Toni Fern\u00e1ndez de resolver su futuro en este fin de mercado. El atacante de Rub\u00ed ya&hellip;\n","protected":false},"author":2,"featured_media":735714,"comment_status":"","ping_status":"","sticky":false,"template":"","format":"standard","meta":{"footnotes":""},"categories":[268],"tags":[944,168,25,24,10994,280,282,281,23,167,19182,50511],"class_list":["post-735713","post","type-post","status-publish","format-standard","has-post-thumbnail","category-futbol","tag-acerca","tag-deportes","tag-es","tag-espana","tag-fernandez","tag-football","tag-futbol","tag-soccer","tag-spain","tag-sports","tag-toni","tag-venezia"],"share_on_mastodon":{"url":"https:\/\/pubeurope.com\/@es\/117173474368578826","error":""},"_links":{"self":[{"href":"https:\/\/www.europesays.com\/es\/wp-json\/wp\/v2\/posts\/735713","targetHints":{"allow":["GET"]}}],"collection":[{"href":"https:\/\/www.europesays.com\/es\/wp-json\/wp\/v2\/posts"}],"about":[{"href":"https:\/\/www.europesays.com\/es\/wp-json\/wp\/v2\/types\/post"}],"author":[{"embeddable":true,"href":"https:\/\/www.europesays.com\/es\/wp-json\/wp\/v2\/users\/2"}],"replies":[{"embeddable":true,"href":"https:\/\/www.europesays.com\/es\/wp-json\/wp\/v2\/comments?post=735713"}],"version-history":[{"count":0,"href":"https:\/\/www.europesays.com\/es\/wp-json\/wp\/v2\/posts\/735713\/revisions"}],"wp:featuredmedia":[{"embeddable":true,"href":"https:\/\/www.europesays.com\/es\/wp-json\/wp\/v2\/media\/735714"}],"wp:attachment":[{"href":"https:\/\/www.europesays.com\/es\/wp-json\/wp\/v2\/media?parent=735713"}],"wp:term":[{"taxonomy":"category","embeddable":true,"href":"https:\/\/www.europesays.com\/es\/wp-json\/wp\/v2\/categories?post=735713"},{"taxonomy":"post_tag","embeddable":true,"href":"https:\/\/www.europesays.com\/es\/wp-json\/wp\/v2\/tags?post=735713"}],"curies":[{"name":"wp","href":"https:\/\/api.w.org\/{rel}","templated":true}]}}