{"id":735741,"date":"2026-08-28T14:14:18","date_gmt":"2026-08-28T14:14:18","guid":{"rendered":"https:\/\/www.europesays.com\/es\/735741\/"},"modified":"2026-08-28T14:14:18","modified_gmt":"2026-08-28T14:14:18","slug":"el-carballines-alejandro-garcia-cuarto-a-solo-tres-segundos-del-oro","status":"publish","type":"post","link":"https:\/\/www.europesays.com\/es\/735741\/","title":{"rendered":"El carballi\u00f1es Alejandro Garc\u00eda, cuarto a solo tres segundos del oro"},"content":{"rendered":"<p class=\"paragraph-atom &#10;        B-500-500-700-N B-600-500-700-N--md  \">\n                    <strong>El <\/strong><a href=\"https:\/\/www.laregion.es\/temas\/ciclismo\/\" rel=\"nofollow noopener\" target=\"_blank\"><strong>mountain bike<\/strong><\/a><strong> ourensano se qued\u00f3 a menos de una rueda <\/strong>de su primera medalla en un Campeonato del Mundo. Eso fue a lo que se qued\u00f3 Alejandro Garc\u00eda del bronce en la prueba short track (distancia corta) del Mundial que se puso a dar pedal en Val di Sole (Italia). <strong>El biker carballi\u00f1\u00e9s, excanterano del Club Ciclista Maceda <\/strong>y ahora en las filas del equipo profesional Mondraker Factory Racing Team finaliz\u00f3 cuarto con el mismo tiempo que el bronce y a solo 3 segundos del oro. Sobresaliente actuaci\u00f3n del ourensano con el premio de la \u201cmedalla de chocolate\u201d.\n            <\/p>\n<p>        La carrera sali\u00f3 lanzada y no tard\u00f3 en formarse un grupo delantero con diez bikers<\/p>\n<p class=\"paragraph-atom &#10;        B-500-500-700-N B-600-500-700-N--md  \">\n                    <strong>La carrera sali\u00f3 lanzada y no tard\u00f3 en formarse un grupo delantero con diez bikers<\/strong>. Las medallas estuvieron ah\u00ed. Alejandro Garc\u00eda estuvo siempre en ese grupo cabecero, incluso liderando, lo mismo que su compa\u00f1ero en la selecci\u00f3n espa\u00f1ola, Thibaut Francois Baudry. En la \u00faltima vuelta se desataron las hostilidades en la lucha por el top-3 y el grupo empez\u00f3 a desintegrarse. El oro se lo jugaron el suizo Nicolas Halter y el alem\u00e1n Paul Schehl. El triunfo se lo qued\u00f3 el helv\u00e9tico con un tiempo de 20:54, el mismo que el teut\u00f3n, que se qued\u00f3 con la plata. Por el bronce, nuevo sprint, este todav\u00eda m\u00e1s cerrado entre el neerland\u00e9s Rens Teunissen y el carballi\u00f1\u00e9s Alejandro Garc\u00eda, aunque fue el centroeuropeo el que se qued\u00f3 con el metal, ambos con el mismo crono y a 3 segundos de la cabeza. El otro espa\u00f1ol escapado, <strong>Thibaut Francois, cerr\u00f3 el top-10 a 8 segundos del campe\u00f3n.<\/strong>\n            <\/p>\n<p class=\"paragraph-atom &#10;        B-500-500-700-N B-600-500-700-N--md  \">\n                    Alejandro Garc\u00eda tendr\u00e1 el domingo <strong>una nueva oportunidad para buscar una medalla mundialista. <\/strong>Ser\u00e1 en la prueba rali, la de distancia ol\u00edmpica (BTT XCO), en un circuito que se adapta a sus caracter\u00edsticas y, sobre todo, a su sensacional estado de forma.\n            <\/p>\n<p>         Top-30 para Marcos Rodr\u00edguez<\/p>\n<p class=\"paragraph-atom &#10;        B-500-500-700-N B-600-500-700-N--md  \">\n                    <strong>Compiti\u00f3 este jueves el tambi\u00e9n carballi\u00f1\u00e9s Marcos Rodr\u00edguez <\/strong>(Club Ciclista Maceda), en su caso en la categor\u00eda j\u00fanior, la prueba rali. Part\u00eda con el dorsal 57 y finaliz\u00f3, despu\u00e9s de una gran carrera, en el puesto 28 a 4:51 del australiano Connor Wright, campe\u00f3n con 1:00.09.\n            <\/p>\n","protected":false},"excerpt":{"rendered":"El mountain bike ourensano se qued\u00f3 a menos de una rueda de su primera medalla en un Campeonato&hellip;\n","protected":false},"author":2,"featured_media":735742,"comment_status":"","ping_status":"","sticky":false,"template":"","format":"standard","meta":{"footnotes":""},"categories":[273],"tags":[10114,130622,313,10859,312,168,25,24,3142,23,167,603],"class_list":["post-735741","post","type-post","status-publish","format-standard","has-post-thumbnail","category-ciclismo","tag-alejandro","tag-carballines","tag-ciclismo","tag-cuarto","tag-cycling","tag-deportes","tag-es","tag-espana","tag-garcia","tag-spain","tag-sports","tag-tres"],"share_on_mastodon":{"url":"https:\/\/pubeurope.com\/@es\/117173555436986276","error":""},"_links":{"self":[{"href":"https:\/\/www.europesays.com\/es\/wp-json\/wp\/v2\/posts\/735741","targetHints":{"allow":["GET"]}}],"collection":[{"href":"https:\/\/www.europesays.com\/es\/wp-json\/wp\/v2\/posts"}],"about":[{"href":"https:\/\/www.europesays.com\/es\/wp-json\/wp\/v2\/types\/post"}],"author":[{"embeddable":true,"href":"https:\/\/www.europesays.com\/es\/wp-json\/wp\/v2\/users\/2"}],"replies":[{"embeddable":true,"href":"https:\/\/www.europesays.com\/es\/wp-json\/wp\/v2\/comments?post=735741"}],"version-history":[{"count":0,"href":"https:\/\/www.europesays.com\/es\/wp-json\/wp\/v2\/posts\/735741\/revisions"}],"wp:featuredmedia":[{"embeddable":true,"href":"https:\/\/www.europesays.com\/es\/wp-json\/wp\/v2\/media\/735742"}],"wp:attachment":[{"href":"https:\/\/www.europesays.com\/es\/wp-json\/wp\/v2\/media?parent=735741"}],"wp:term":[{"taxonomy":"category","embeddable":true,"href":"https:\/\/www.europesays.com\/es\/wp-json\/wp\/v2\/categories?post=735741"},{"taxonomy":"post_tag","embeddable":true,"href":"https:\/\/www.europesays.com\/es\/wp-json\/wp\/v2\/tags?post=735741"}],"curies":[{"name":"wp","href":"https:\/\/api.w.org\/{rel}","templated":true}]}}