{"id":735759,"date":"2026-08-28T14:26:41","date_gmt":"2026-08-28T14:26:41","guid":{"rendered":"https:\/\/www.europesays.com\/es\/735759\/"},"modified":"2026-08-28T14:26:41","modified_gmt":"2026-08-28T14:26:41","slug":"acido-hialuronico-en-verano-por-que-puede-ayudar-a-combatir-la-deshidratacion-de-la-piel","status":"publish","type":"post","link":"https:\/\/www.europesays.com\/es\/735759\/","title":{"rendered":"\u00c1cido hialur\u00f3nico en verano: por qu\u00e9 puede ayudar a combatir la deshidrataci\u00f3n de la piel"},"content":{"rendered":"<p>El verano plantea varios desaf\u00edos para la piel. Las altas temperaturas, la exposici\u00f3n continuada al sol, el aire acondicionado y los cambios frecuentes de ambiente favorecen la p\u00e9rdida de agua, pueden alterar la funci\u00f3n barrera y provocar que el rostro se muestre m\u00e1s tirante, apagado y vulnerable.<\/p>\n<p>Ante estas circunstancias, <b>Vicente Calduch, farmac\u00e9utico y CEO de Calduch Especialidades<\/b>, se\u00f1ala el \u00e1cido hialur\u00f3nico como uno de los activos que conviene incorporar a la rutina facial durante los meses estivales. Su capacidad para captar y retener agua ayuda a mantener la hidrataci\u00f3n, mejorar la elasticidad y recuperar el confort de la piel.<\/p>\n<p>No obstante, <b>un s\u00e9rum con \u00e1cido hialur\u00f3nico no sustituye al protector solar<\/b>. Mientras el primero ayuda a mantener la hidrataci\u00f3n cut\u00e1nea, el fotoprotector es el encargado de proteger la piel frente a la radiaci\u00f3n ultravioleta. Ambos productos cumplen funciones diferentes y pueden complementarse dentro de una rutina de verano.<\/p>\n<p>Una reserva de agua presente en la piel<\/p>\n<p>El \u00e1cido hialur\u00f3nico es una mol\u00e9cula que se encuentra de forma natural en el organismo y desempe\u00f1a un papel importante en el mantenimiento de una piel hidratada, flexible y con un aspecto saludable. Sin embargo, <b>su concentraci\u00f3n disminuye progresivamente con la edad y tambi\u00e9n puede verse afectada por factores externos<\/b> como la radiaci\u00f3n ultravioleta, el calor o la contaminaci\u00f3n. Estas agresiones adquieren especial relevancia durante el verano, cuando la piel se enfrenta a una mayor exposici\u00f3n ambiental.<\/p>\n<p>La principal caracter\u00edstica del \u00e1cido hialur\u00f3nico es su capacidad para captar y retener agua: <b>puede contener hasta mil veces su propio peso<\/b>. Esta cualidad permite que act\u00fae como una reserva de hidrataci\u00f3n, contribuya a reducir la sensaci\u00f3n de tirantez y favorezca una apariencia m\u00e1s jugosa y luminosa.<\/p>\n<p>Tambi\u00e9n puede mejorar la elasticidad, aportar un efecto de relleno cosm\u00e9tico y ayudar a reforzar la funci\u00f3n barrera, reduciendo la p\u00e9rdida de agua. Aunque se trata de un activo interesante durante todo el a\u00f1o, cobra especial importancia en verano por el aumento de los factores que favorecen la deshidrataci\u00f3n.<\/p>\n<p>Alto y bajo peso molecular: \u00bfqu\u00e9 diferencia existe?<\/p>\n<p>No todas las formas de \u00e1cido hialur\u00f3nico act\u00faan del mismo modo. Una de las claves de las f\u00f3rmulas cosm\u00e9ticas reside en <b>combinar mol\u00e9culas de distintos tama\u00f1os para conseguir una acci\u00f3n complementaria<\/b>.<\/p>\n<p>El \u00e1cido hialur\u00f3nico de alto peso molecular permanece principalmente en las capas m\u00e1s superficiales. All\u00ed forma una pel\u00edcula hidratante que ayuda a reducir la p\u00e9rdida de agua, aporta suavidad y mejora el confort desde la aplicaci\u00f3n.<\/p>\n<p>El de bajo peso molecular, debido a su menor tama\u00f1o, <b>puede alcanzar capas m\u00e1s profundas de la epidermis<\/b>. Su funci\u00f3n se orienta a proporcionar una hidrataci\u00f3n m\u00e1s prolongada y a mejorar la elasticidad y la flexibilidad de la piel.<\/p>\n<p>Combinar ambas formas permite actuar en diferentes niveles: aporta hidrataci\u00f3n inmediata en la superficie y contribuye a mantenerla durante m\u00e1s tiempo. Esta estrategia resulta especialmente interesante en los meses de calor o cuando la piel presenta deshidrataci\u00f3n y sensaci\u00f3n de tirantez.<\/p>\n<p>N\u00ba2 S\u00e9rum Hidratante, de Calduch Especialidades<\/p>\n<p>                            <img decoding=\"async\" src=\"https:\/\/www.europesays.com\/es\/wp-content\/uploads\/2026\/08\/770x_Acido-Hialuronico-serum.jpg\" loading=\"lazy\"\/><\/p>\n<p>Para responder a estas necesidades, <b>Calduch Especialidades propone su N\u00ba2 S\u00e9rum Hidratante<\/b>, una f\u00f3rmula destinada a mejorar la elasticidad y reforzar la funci\u00f3n barrera.<\/p>\n<p>El producto <b>combina \u00e1cido hialur\u00f3nico de alto y bajo peso molecular<\/b> con activos hidratantes, calmantes y reparadores. Est\u00e1 pensado especialmente para pieles sensibles y deshidratadas o para aquellas que reaccionan ante los cambios de estaci\u00f3n y los episodios de estr\u00e9s ambiental.<\/p>\n<p>\u00ab<b>Una piel correctamente hidratada es una piel m\u00e1s resistente frente a las agresiones externas<\/b>. En verano es especialmente importante reforzar la hidrataci\u00f3n para mantener la barrera cut\u00e1nea en buen estado y prevenir la sensaci\u00f3n de tirantez y deshidrataci\u00f3n que provocan el sol y el calor\u00bb, explica Vicente Calduch.<\/p>\n<p>Adem\u00e1s del \u00e1cido hialur\u00f3nico de alto y bajo peso molecular, este producto incorpora una selecci\u00f3n de ingredientes destinados a calmar, hidratar y reforzar la piel.<\/p>\n<p><b>Aloe Vera: <\/b>ingrediente estrella por su capacidad calmante e hidratante. Act\u00faa reduciendo la inflamaci\u00f3n y proporcionando alivio inmediato en pieles irritadas.<\/p>\n<p><b>Pantenol (provitamina B5): <\/b>conocido por su acci\u00f3n reparadora, favorece la regeneraci\u00f3n y reduce la sensaci\u00f3n de tirantez.<\/p>\n<p><b>P\u00e9ptidos (como Tetrapeptide-21): <\/b>contribuyen a reforzar la estructura de la piel, estimulando su resiliencia frente a agresiones externas.<\/p>\n<p><b>Centella asi\u00e1tica: <\/b>activo bot\u00e1nico con propiedades calmantes y cicatrizantes, ideal para pieles sensibilizadas.<\/p>\n<p><b>Glicerina y glicoles hidratantes:<\/b> ayudan a mantener el equilibrio h\u00eddrico y mejorar la suavidad cut\u00e1nea.<\/p>\n<p>Esta combinaci\u00f3n convierte al s\u00e9rum en una f\u00f3rmula especialmente indicada para restaurar la piel tras episodios de estr\u00e9s ambiental, aportando hidrataci\u00f3n profunda sin sobrecargarla. Sin duda uno de tus aliados para el verano (y el resto del a\u00f1o).<\/p>\n<p>WhatsApp<a href=\"https:\/\/api.whatsapp.com\/send?text=https:\/\/www.eleconomista.es\/salud-bienestar\/belleza-estetica\/noticias\/14009833\/08\/26\/acido-hialuronico-en-verano-por-que-puede-ayudar-a-combatir-la-deshidratacion-de-la-piel.html?utm_source%3Dwhatsapp%26utm_medium%3Dshare_button&amp;id=1648118629957_whatsapp\" target=\"_blank\" data-action=\"share\/whatsapp\/share\" aria-label=\"Compartir en Whatsapp\" rel=\"nofollow noopener\"><\/a>Facebook<a id=\"fb-share\" href=\"#\" target=\"_blank\" rel=\"noopener noreferrer\" aria-label=\"Compartir en Facebook\"><\/a>Twitter<a href=\"https:\/\/twitter.com\/share?text=%C3%81cido+hialur%C3%B3nico+en+verano%3A+por+qu%C3%A9+puede+ayudar+a+combatir+la+deshidrataci%C3%B3n+de+la+piel&amp;url=https:\/\/www.eleconomista.es\/salud-bienestar\/belleza-estetica\/noticias\/14009833\/08\/26\/acido-hialuronico-en-verano-por-que-puede-ayudar-a-combatir-la-deshidratacion-de-la-piel.html&amp;via=Informalia&amp;id=1648118839245_twitter\" target=\"_blank\" aria-label=\"Compartir en Twitter\" rel=\"nofollow noopener\"><\/a>Linkedin<a onclick=\"return abrirLinkedin();\" href=\"https:\/\/www.linkedin.com\/shareArticle?text=%C3%81cido+hialur%C3%B3nico+en+verano%3A+por+qu%C3%A9+puede+ayudar+a+combatir+la+deshidrataci%C3%B3n+de+la+piel&amp;url=https:\/\/www.eleconomista.es\/salud-bienestar\/belleza-estetica\/noticias\/14009833\/08\/26\/acido-hialuronico-en-verano-por-que-puede-ayudar-a-combatir-la-deshidratacion-de-la-piel.html&amp;mini=true\" target=\"_blank\" aria-label=\"Compartir en linkedin\" rel=\"nofollow noopener\"><\/a>Beloud<a href=\"https:\/\/beloud.com\/share?text=%C3%81cido+hialur%C3%B3nico+en+verano%3A+por+qu%C3%A9+puede+ayudar+a+combatir+la+deshidrataci%C3%B3n+de+la+piel&amp;url=https:\/\/www.eleconomista.es\/salud-bienestar\/belleza-estetica\/noticias\/14009833\/08\/26\/acido-hialuronico-en-verano-por-que-puede-ayudar-a-combatir-la-deshidratacion-de-la-piel.html&amp;via=Informalia&amp;id=1648118839245_beloud\" target=\"_blank\" aria-label=\"Compartir en beloud\" rel=\"nofollow noopener\"><\/a>Bluesky<a href=\"https:\/\/bsky.app\/intent\/compose?text=https:\/\/bsky.app\/intent\/compose?text=https:\/\/www.eleconomista.es\/salud-bienestar\/belleza-estetica\/noticias\/14009833\/08\/26\/acido-hialuronico-en-verano-por-que-puede-ayudar-a-combatir-la-deshidratacion-de-la-piel.html&amp;url=https:\/\/www.eleconomista.es\/salud-bienestar\/belleza-estetica\/noticias\/14009833\/08\/26\/acido-hialuronico-en-verano-por-que-puede-ayudar-a-combatir-la-deshidratacion-de-la-piel.html&amp;via=elEconomistaes&amp;id=1648118839245_bluesky\" target=\"_blank\" aria-label=\"Compartir en bluesky\" rel=\"nofollow noopener\"><\/a><\/p>\n<p><script async src=\"https:\/\/platform.twitter.com\/widgets.js\" charset=\"utf-8\"><\/script><\/p>\n","protected":false},"excerpt":{"rendered":"El verano plantea varios desaf\u00edos para la piel. Las altas temperaturas, la exposici\u00f3n continuada al sol, el aire&hellip;\n","protected":false},"author":2,"featured_media":735760,"comment_status":"","ping_status":"","sticky":false,"template":"","format":"standard","meta":{"footnotes":""},"categories":[92],"tags":[3451,25,24,165,166,23],"class_list":["post-735759","post","type-post","status-publish","format-standard","has-post-thumbnail","category-salud","tag-belleza","tag-es","tag-espana","tag-health","tag-salud","tag-spain"],"share_on_mastodon":{"url":"https:\/\/pubeurope.com\/@es\/117173603591240304","error":""},"_links":{"self":[{"href":"https:\/\/www.europesays.com\/es\/wp-json\/wp\/v2\/posts\/735759","targetHints":{"allow":["GET"]}}],"collection":[{"href":"https:\/\/www.europesays.com\/es\/wp-json\/wp\/v2\/posts"}],"about":[{"href":"https:\/\/www.europesays.com\/es\/wp-json\/wp\/v2\/types\/post"}],"author":[{"embeddable":true,"href":"https:\/\/www.europesays.com\/es\/wp-json\/wp\/v2\/users\/2"}],"replies":[{"embeddable":true,"href":"https:\/\/www.europesays.com\/es\/wp-json\/wp\/v2\/comments?post=735759"}],"version-history":[{"count":0,"href":"https:\/\/www.europesays.com\/es\/wp-json\/wp\/v2\/posts\/735759\/revisions"}],"wp:featuredmedia":[{"embeddable":true,"href":"https:\/\/www.europesays.com\/es\/wp-json\/wp\/v2\/media\/735760"}],"wp:attachment":[{"href":"https:\/\/www.europesays.com\/es\/wp-json\/wp\/v2\/media?parent=735759"}],"wp:term":[{"taxonomy":"category","embeddable":true,"href":"https:\/\/www.europesays.com\/es\/wp-json\/wp\/v2\/categories?post=735759"},{"taxonomy":"post_tag","embeddable":true,"href":"https:\/\/www.europesays.com\/es\/wp-json\/wp\/v2\/tags?post=735759"}],"curies":[{"name":"wp","href":"https:\/\/api.w.org\/{rel}","templated":true}]}}