{"id":735771,"date":"2026-08-28T14:33:28","date_gmt":"2026-08-28T14:33:28","guid":{"rendered":"https:\/\/www.europesays.com\/es\/735771\/"},"modified":"2026-08-28T14:33:28","modified_gmt":"2026-08-28T14:33:28","slug":"dos-heridos-uno-con-la-oreja-cortada-en-una-pelea-de-hasta-30-personas-en-la-rochapea","status":"publish","type":"post","link":"https:\/\/www.europesays.com\/es\/735771\/","title":{"rendered":"Dos heridos, uno con la oreja cortada, en una pelea de hasta 30 personas en la Rochapea"},"content":{"rendered":"<p>    <img loading=\"lazy\" decoding=\"async\" src=\"https:\/\/www.europesays.com\/es\/wp-content\/uploads\/2026\/08\/4569cdf0-7b4f-43fb-abd3-eda01a64e0d6_16-9-discover-aspect-ratio_default_0.jpg\" alt=\"Vista de la Rochapea. \/ Patxi Cascante\" width=\"1200\" height=\"675\" title=\"Vista de la Rochapea. \/ Patxi Cascante\" style=\"height:auto;\"\/><\/p>\n<p class=\"article-photo__footer\">\n        Vista de la Rochapea.<br \/>\n                    Patxi Cascante\n            <\/p>\n<p class=\"article-body__text article-body__text--entry article-body__text-middle\">\n        Una pelea multitudinaria en la que<strong> se pudieron usar armas blancas y objetos contundentes<\/strong> en el barrio de la <a href=\"https:\/\/www.noticiasdenavarra.com\/tags\/rochapea\/\" title=\"Rochapea\" target=\"_blank\" class=\"link copy\" rel=\"nofollow noopener\">Rochapea<\/a> de <a href=\"https:\/\/www.noticiasdenavarra.com\/tags\/pamplona\/\" title=\"Pamplona\" target=\"_blank\" class=\"link copy\" rel=\"nofollow noopener\">Pamplona<\/a>, y en la que pudieron intervenir hasta una <strong>treintena de personas<\/strong>, se sald\u00f3 ayer con dos heridos de gravedad, uno de ellos con una oreja cortada. Los heridos fueron trasladados al <a href=\"https:\/\/www.noticiasdenavarra.com\/tags\/hospital-universitario-de-navarra\/\" title=\"Hospital Universitario de Navarra\" target=\"_blank\" class=\"link copy\" rel=\"nofollow noopener\">Hospital Universitario de Navarra<\/a>. No se han producido detenciones por el suceso. La <strong>reyerta se inici\u00f3 en torno a las 23.00 horas<\/strong> entre miembros de una familia vecina de las inmediaciones, en el cruce de las calles Vid\u00e1ngoz, Artica y Cruz de Barcacio, con unos j\u00f3venes que se encontraban en la calle.\n<\/p>\n<p>  <strong>Lluvia de golpes con la participaci\u00f3n de decenas de personas<\/strong><\/p>\n<p class=\"article-body__text \">\n        Lo que comenz\u00f3 siendo una discusi\u00f3n verbal se torn\u00f3 en una lluvia de golpes con la <strong>participaci\u00f3n de decenas de personas<\/strong>. Hasta el lugar se desplazaron agentes de la Polic\u00eda Municipal de Pamplona y de la Polic\u00eda Nacional, que <strong>disolvieron la trifulca<\/strong>. En redes sociales aparecen varios videos en los que se observa la <strong>violencia empleada y la cantidad de personas implicadas<\/strong>. Efectivos sanitarios trasladaron a los heridos al hospital y la investigaci\u00f3n policial est\u00e1 abierta.<\/p>\n","protected":false},"excerpt":{"rendered":"Vista de la Rochapea. Patxi Cascante Una pelea multitudinaria en la que se pudieron usar armas blancas y&hellip;\n","protected":false},"author":2,"featured_media":735772,"comment_status":"","ping_status":"","sticky":false,"template":"","format":"standard","meta":{"footnotes":""},"categories":[5],"tags":[1881,17,18,20500,25,24,13,14,11,11225,19,20,9,10,15,16,4801,3968,23,12,21,22],"class_list":["post-735771","post","type-post","status-publish","format-standard","has-post-thumbnail","category-titulares","tag-1881","tag-breaking-news","tag-breakingnews","tag-cortada","tag-es","tag-espana","tag-featured-news","tag-featurednews","tag-headlines","tag-heridos","tag-latest-news","tag-latestnews","tag-news","tag-noticias","tag-noticias-destacadas","tag-noticiasdestacadas","tag-oreja","tag-pelea","tag-spain","tag-titulares","tag-ultimas-noticias","tag-ultimasnoticias"],"share_on_mastodon":{"url":"https:\/\/pubeurope.com\/@es\/117173631643768581","error":""},"_links":{"self":[{"href":"https:\/\/www.europesays.com\/es\/wp-json\/wp\/v2\/posts\/735771","targetHints":{"allow":["GET"]}}],"collection":[{"href":"https:\/\/www.europesays.com\/es\/wp-json\/wp\/v2\/posts"}],"about":[{"href":"https:\/\/www.europesays.com\/es\/wp-json\/wp\/v2\/types\/post"}],"author":[{"embeddable":true,"href":"https:\/\/www.europesays.com\/es\/wp-json\/wp\/v2\/users\/2"}],"replies":[{"embeddable":true,"href":"https:\/\/www.europesays.com\/es\/wp-json\/wp\/v2\/comments?post=735771"}],"version-history":[{"count":0,"href":"https:\/\/www.europesays.com\/es\/wp-json\/wp\/v2\/posts\/735771\/revisions"}],"wp:featuredmedia":[{"embeddable":true,"href":"https:\/\/www.europesays.com\/es\/wp-json\/wp\/v2\/media\/735772"}],"wp:attachment":[{"href":"https:\/\/www.europesays.com\/es\/wp-json\/wp\/v2\/media?parent=735771"}],"wp:term":[{"taxonomy":"category","embeddable":true,"href":"https:\/\/www.europesays.com\/es\/wp-json\/wp\/v2\/categories?post=735771"},{"taxonomy":"post_tag","embeddable":true,"href":"https:\/\/www.europesays.com\/es\/wp-json\/wp\/v2\/tags?post=735771"}],"curies":[{"name":"wp","href":"https:\/\/api.w.org\/{rel}","templated":true}]}}