{"id":735777,"date":"2026-08-28T14:41:14","date_gmt":"2026-08-28T14:41:14","guid":{"rendered":"https:\/\/www.europesays.com\/es\/735777\/"},"modified":"2026-08-28T14:41:14","modified_gmt":"2026-08-28T14:41:14","slug":"asi-ha-sido-la-jornada-de-puertas-abiertas-del-palencia-baloncesto-el-norte-de-castilla","status":"publish","type":"post","link":"https:\/\/www.europesays.com\/es\/735777\/","title":{"rendered":"As\u00ed ha sido la jornada de puertas abiertas del Palencia Baloncesto &#8211; El Norte de Castilla"},"content":{"rendered":"<ol>\n<li><a href=\"https:\/\/news.google.com\/rss\/articles\/CBMirgFBVV95cUxPQXFQSVpOYXBlYVdkSkJBUmpYQXlpUlQzU25GVjVuaklaZnUyUExMaUdMRmZac3NwaFFIX1F6UFZnb2lLZWJUdDNqMUU0SXc2SXhnMTUtRlFLQXoyV0haNFJHa1VTR25tWWo1dk5TbUVUVmliQmhQZC00OWFUTVZSZXRBZTFKZEhvSDBvMnBlS1BfbTNXMEQ4RVlOZjc2ZnUwR3JwZW9mWmNqWjBscVE?oc=5\" target=\"_blank\" rel=\"nofollow noopener\">As\u00ed ha sido la jornada de puertas abiertas del Palencia Baloncesto<\/a>&nbsp;&nbsp;El Norte de Castilla<\/li>\n<li><a href=\"https:\/\/news.google.com\/rss\/articles\/CBMiwAFBVV95cUxNX2xGOEpZSEljLVh4UThhLWYySlcwenExUDdlVjJJN0NYM05IX0VsQ0prdDZHVnprSEFDMzRoMGJkdk12THVEY05vV3JQMzVyRmMyVzY2ajIwcmFraFpXeGRKaDhfS1RRbmx4dWRLWVh2NExrdUlScEpHN2k1b3VSZFFkOWFfcTlGeEU1eE8zb2dUX296a1VualdQMEhxaE5xN2h3eGZfN0RQUEVHMWMycU11Uzd2Ul82bVFWME50Z0rSAcYBQVVfeXFMUFNiVV9DXzQ0VzFjVEVDVDFEemxXejhmS0h6bTc3T3RDZ1pjZnp6Ql84TTd0VXlzTzctdW5QU0NaMDJTZTJIbmlVOXJmMHduQzlScm5NMzVTNXA0SzRmQ3NhZ3dsRXZnSlJlNHZYV0lHX1ROUDNjcWpVWEdycTZKX096a3R0ZWVoYS0xV0hENHUtRTA3VjVqQzFZV3dVX0hjX1YteWdZTVFiTzhDWVg0US1CZExwSmRYRzlmZWk4aHQ4d3JseVZB?oc=5\" target=\"_blank\" rel=\"nofollow noopener\">El Palencia, segundo rival de pretemporada el Leyma Coru\u00f1a<\/a>&nbsp;&nbsp;La Opini\u00f3n A Coru\u00f1a<\/li>\n<li><a href=\"https:\/\/news.google.com\/rss\/articles\/CBMizAFBVV95cUxOb2tUTXl1QktwdTU2YWJTQVBtMXNNcUVabExOSXJqdmZDSnUyeXV2Y3V5SUU2WVllNnJFTEhUTnhIWHprZ1dWU3VqNkNkLUo3eTkwdVRhQTdrc2NDSGxXa2pCOVZGWXJKbWNfN3NGU1hTUkl3aHNJN3dsUi1yV2VLdXRRX2JrVVpNNUN4QXYxN2dVZGx2aUpfVm82RHR4ZTBaOXlUc1RVNlJPMm5VTTJNMEYtamR0cDFOZmhTZ0hpdkdGbmIxRmVGVTE0b0U?oc=5\" target=\"_blank\" rel=\"nofollow noopener\">Ba\u00f1o de masas e ilusi\u00f3n a raudales en el pabell\u00f3n<\/a>&nbsp;&nbsp;Diario Palentino<\/li>\n<li><a href=\"https:\/\/news.google.com\/rss\/articles\/CBMiswFBVV95cUxNQzludVh3VmprZ0Q3NUtVUlVrRmdYaHEzUlNpWmZ2cVFaYi05OXBzMnBrVmNpZGt3R2E2ZjBjRHY2a1NLY0l0RXpxd2Z4TUdGY2xwYTJQQUtGZ0dBaU1rMkp3MGdoWlZXQS1QeUxzdk91dW41elRoUkt3MExYQTEyaWRUN085NFpFdURibm94dkl5LS1hcVRmOWZHSjl2WFVLdWNkVVBkVUpsM29WSjh1dk0tSQ?oc=5\" target=\"_blank\" rel=\"nofollow noopener\">Un triple para empezar: dona, salva vidas y recibe entradas para el Palencia-Coru\u00f1a<\/a>&nbsp;&nbsp;Palencia en la Red<\/li>\n<li><a href=\"https:\/\/news.google.com\/rss\/articles\/CBMi2gFBVV95cUxONHBPNVloeGRYNWUzeGlNLTRoSzJEZERrNlJrX3dFNDExckswTkNqeUVLUUpteFRrNkFaM2xXZ01Hb1dsTEppTVJsTjVKWlFtSHREY1FORWxsVWVxWDlWZUJjUkFVemI0WXotTTRSXzd4MFlzYlVlWUpIaFhua2RPTjR6cEdDb2JvcFpQN0d4a3dnSlZCaEo5QzAyS3dJdkRHd3pjYUpLS3A0WEJEZ1ozbThXLVBuNTM0U0lvU2wycWNxa202UXF0WVR5d0NrY3lVZEk3eUVkdjFwUQ?oc=5\" target=\"_blank\" rel=\"nofollow noopener\">El Palencia Baloncesto abre las puertas de su entrenamiento<\/a>&nbsp;&nbsp;Diario Palentino<\/li>\n<\/ol>\n","protected":false},"excerpt":{"rendered":"As\u00ed ha sido la jornada de puertas abiertas del Palencia Baloncesto&nbsp;&nbsp;El Norte de Castilla El Palencia, segundo rival&hellip;\n","protected":false},"author":2,"featured_media":735778,"comment_status":"","ping_status":"","sticky":false,"template":"","format":"standard","meta":{"footnotes":""},"categories":[269],"tags":[3127,299,298,168,25,24,293,6442,5748,23,167],"class_list":["post-735777","post","type-post","status-publish","format-standard","has-post-thumbnail","category-baloncesto","tag-abiertas","tag-baloncesto","tag-basketball","tag-deportes","tag-es","tag-espana","tag-jornada","tag-palencia","tag-puertas","tag-spain","tag-sports"],"share_on_mastodon":{"url":"https:\/\/pubeurope.com\/@es\/117173661841493604","error":""},"_links":{"self":[{"href":"https:\/\/www.europesays.com\/es\/wp-json\/wp\/v2\/posts\/735777","targetHints":{"allow":["GET"]}}],"collection":[{"href":"https:\/\/www.europesays.com\/es\/wp-json\/wp\/v2\/posts"}],"about":[{"href":"https:\/\/www.europesays.com\/es\/wp-json\/wp\/v2\/types\/post"}],"author":[{"embeddable":true,"href":"https:\/\/www.europesays.com\/es\/wp-json\/wp\/v2\/users\/2"}],"replies":[{"embeddable":true,"href":"https:\/\/www.europesays.com\/es\/wp-json\/wp\/v2\/comments?post=735777"}],"version-history":[{"count":0,"href":"https:\/\/www.europesays.com\/es\/wp-json\/wp\/v2\/posts\/735777\/revisions"}],"wp:featuredmedia":[{"embeddable":true,"href":"https:\/\/www.europesays.com\/es\/wp-json\/wp\/v2\/media\/735778"}],"wp:attachment":[{"href":"https:\/\/www.europesays.com\/es\/wp-json\/wp\/v2\/media?parent=735777"}],"wp:term":[{"taxonomy":"category","embeddable":true,"href":"https:\/\/www.europesays.com\/es\/wp-json\/wp\/v2\/categories?post=735777"},{"taxonomy":"post_tag","embeddable":true,"href":"https:\/\/www.europesays.com\/es\/wp-json\/wp\/v2\/tags?post=735777"}],"curies":[{"name":"wp","href":"https:\/\/api.w.org\/{rel}","templated":true}]}}