{"id":735815,"date":"2026-08-28T15:09:17","date_gmt":"2026-08-28T15:09:17","guid":{"rendered":"https:\/\/www.europesays.com\/es\/735815\/"},"modified":"2026-08-28T15:09:17","modified_gmt":"2026-08-28T15:09:17","slug":"ana-rosa-ficha-a-uno-de-los-maximos-rivales-de-pedro-sanchez-dentro-del-psoe-como-colaborador","status":"publish","type":"post","link":"https:\/\/www.europesays.com\/es\/735815\/","title":{"rendered":"Ana Rosa ficha a uno de los m\u00e1ximos rivales de Pedro S\u00e1nchez dentro del PSOE como colaborador"},"content":{"rendered":"<p class=\"ft-text ft-helper-closenews\">Ana Rosa Quintana refuerza la tertulia pol\u00edtica de su programa con una voz especialmente cr\u00edtica con Pedro S\u00e1nchez. <strong>Tom\u00e1s G\u00f3mez se incorpora como colaborador de &#8216;El programa de Ana Rosa&#8217;<\/strong>, que iniciar\u00e1 su nueva temporada el lunes 31 de agosto, a las 09:00 horas, con su presentadora desplazada en directo hasta Ceuta.<\/p>\n<p class=\"ft-text\">G\u00f3mez fue alcalde de Parla entre 1999 y 2008 y secretario general del PSOE de Madrid desde 2007 hasta 2015. En 2010 mostr\u00f3 su poder dentro del partido <strong>al imponerse en unas primarias a Trinidad Jim\u00e9nez, la candidata apoyada por Jos\u00e9 Luis Rodr\u00edguez Zapatero<\/strong>. Su trayectoria pol\u00edtica termin\u00f3 abruptamente cuando<strong> Pedro S\u00e1nchez decidi\u00f3 destituirlo como l\u00edder regional<\/strong> y colocar una gestora al frente de la federaci\u00f3n madrile\u00f1a.<\/p>\n<p class=\"ft-text\">Ferraz justific\u00f3 entonces la medida por el da\u00f1o que provocaban al PSOE las informaciones sobre los sobrecostes del tranv\u00eda de Parla, aunque <strong>G\u00f3mez no estaba imputado ni directamente vinculado con ninguna ilegalidad.<\/strong> La investigaci\u00f3n judicial fue archivada en 2020. Desde entonces, <strong>el antiguo dirigente socialista ha acusado a S\u00e1nchez de actuar con \u201cautoritarismo\u201d <\/strong>y ha cuestionado en varias ocasiones su liderazgo, llegando a reclamar elecciones ante los casos de corrupci\u00f3n que salpicaban al partido.<\/p>\n<p>Losantos tambi\u00e9n llega al programa<\/p>\n<p class=\"ft-text\">Junto a Tom\u00e1s G\u00f3mez, la mesa pol\u00edtica incorpora a Soraya Rodr\u00edguez, exportavoz parlamentaria del PSOE y exmiembro del Parlamento Europeo, y a Isaac Blasco, subdirector de Vozp\u00f3puli. Por su parte, <strong>Federico Jim\u00e9nez Losantos se sumar\u00e1 a &#8216;La Firma&#8217;<\/strong>, secci\u00f3n en la que participar\u00e1 junto a Carlos Herrera, \u00c1ngel Exp\u00f3sito, Pedro J. Ram\u00edrez, Jorge Bustos, Joaqu\u00edn Manso, Irene Tabera, Manuel Mar\u00edn y Miriam Gonz\u00e1lez.<\/p>\n<p class=\"ft-text\">El regreso del programa estar\u00e1 marcado por la crisis migratoria. Ana Rosa entrevistar\u00e1 desde Ceuta al presidente de la ciudad aut\u00f3noma, Juan Jes\u00fas Vivas, y estar\u00e1 acompa\u00f1ada por Rodolfo Irago, Eduardo Inda, Alejandro Requeijo y Mar\u00eda Claver. Desde el plat\u00f3 de Madrid, Jano Mecha, Alberto Sotillos y Estefan\u00eda Molina abordar\u00e1n el resto de la actualidad.<\/p>\n<p data-close=\"closedContent\" class=\"subscribeHideForDisplay\">Suscr\u00edbete para seguir leyendo<\/p>\n","protected":false},"excerpt":{"rendered":"Ana Rosa Quintana refuerza la tertulia pol\u00edtica de su programa con una voz especialmente cr\u00edtica con Pedro S\u00e1nchez.&hellip;\n","protected":false},"author":2,"featured_media":735816,"comment_status":"","ping_status":"","sticky":false,"template":"","format":"standard","meta":{"footnotes":""},"categories":[171],"tags":[683,8027,3455,146,147,25,24,1750,11039,1822,2959,1699,1669,2465,199,23,692,214],"class_list":["post-735815","post","type-post","status-publish","format-standard","has-post-thumbnail","category-tv","tag-ana","tag-colaborador","tag-dentro","tag-entertainment","tag-entretenimiento","tag-es","tag-espana","tag-ficha","tag-maximos","tag-pedro","tag-pedro-sanchez","tag-psoe","tag-rivales","tag-rosa","tag-sanchez","tag-spain","tag-telecinco","tag-tv"],"share_on_mastodon":{"url":"https:\/\/pubeurope.com\/@es\/117173771969844667","error":""},"_links":{"self":[{"href":"https:\/\/www.europesays.com\/es\/wp-json\/wp\/v2\/posts\/735815","targetHints":{"allow":["GET"]}}],"collection":[{"href":"https:\/\/www.europesays.com\/es\/wp-json\/wp\/v2\/posts"}],"about":[{"href":"https:\/\/www.europesays.com\/es\/wp-json\/wp\/v2\/types\/post"}],"author":[{"embeddable":true,"href":"https:\/\/www.europesays.com\/es\/wp-json\/wp\/v2\/users\/2"}],"replies":[{"embeddable":true,"href":"https:\/\/www.europesays.com\/es\/wp-json\/wp\/v2\/comments?post=735815"}],"version-history":[{"count":0,"href":"https:\/\/www.europesays.com\/es\/wp-json\/wp\/v2\/posts\/735815\/revisions"}],"wp:featuredmedia":[{"embeddable":true,"href":"https:\/\/www.europesays.com\/es\/wp-json\/wp\/v2\/media\/735816"}],"wp:attachment":[{"href":"https:\/\/www.europesays.com\/es\/wp-json\/wp\/v2\/media?parent=735815"}],"wp:term":[{"taxonomy":"category","embeddable":true,"href":"https:\/\/www.europesays.com\/es\/wp-json\/wp\/v2\/categories?post=735815"},{"taxonomy":"post_tag","embeddable":true,"href":"https:\/\/www.europesays.com\/es\/wp-json\/wp\/v2\/tags?post=735815"}],"curies":[{"name":"wp","href":"https:\/\/api.w.org\/{rel}","templated":true}]}}