{"id":735825,"date":"2026-08-28T15:14:16","date_gmt":"2026-08-28T15:14:16","guid":{"rendered":"https:\/\/www.europesays.com\/es\/735825\/"},"modified":"2026-08-28T15:14:16","modified_gmt":"2026-08-28T15:14:16","slug":"clasicos-populares-verano-de-1900-rimsky-korsakov","status":"publish","type":"post","link":"https:\/\/www.europesays.com\/es\/735825\/","title":{"rendered":"Cl\u00e1sicos populares &#8211; Verano de 1900: Rimsky-Korsakov"},"content":{"rendered":"<p>              <strong>TP<\/strong><\/p>\n<p>Abrimos el \u00faltimo programa de esta edici\u00f3n de verano con Voces de primavera de Johann Strauss hijo, un vals que naci\u00f3 con voz y fue escrito para la soprano Bianca Bianchi, tan famosa en su \u00e9poca que lleg\u00f3 a dar nombre a un asteroide. En El hit del verano de\u2026 viajamos a 1900 para quedarnos con el vertiginoso Vuelo del moscard\u00f3n de Rimski-Korsakov, y tambi\u00e9n escuchamos el tema principal de La bella y la bestia de Alan Menken y Howard Ashman. En O\u00eddo p\u00e9simo, Pablo nos trajo su \u00faltima selecci\u00f3n musical del verano, y atendimos las peticiones de los oyentes con m\u00fasicas de Soroz\u00e1bal, Karl Jenkins, Ger\u00f3nimo Gim\u00e9nez y Mascagni. En Modo avi\u00f3n escuchamos Come sei veramente de Giovanni Allevi, una pieza que termin\u00f3 haci\u00e9ndose conocida en medio mundo gracias a un anuncio dirigido por Spike Lee. Cerramos con el tema principal de The Big Country de Jerome Moross y despidiendo la edici\u00f3n de verano: el lunes regresamos con la nueva temporada y recuperamos, entre otras cosas, las playlist para el d\u00eda a d\u00eda.<\/p>\n","protected":false},"excerpt":{"rendered":"TP Abrimos el \u00faltimo programa de esta edici\u00f3n de verano con Voces de primavera de Johann Strauss hijo,&hellip;\n","protected":false},"author":2,"featured_media":735826,"comment_status":"","ping_status":"","sticky":false,"template":"","format":"standard","meta":{"footnotes":""},"categories":[91],"tags":[70638,146,147,25,24,133,1448,1986,1987,23,130628],"class_list":["post-735825","post","type-post","status-publish","format-standard","has-post-thumbnail","category-entretenimiento","tag-clasicos-populares","tag-entertainment","tag-entretenimiento","tag-es","tag-espana","tag-online","tag-radio","tag-rne","tag-rtve-play","tag-spain","tag-verano-de-1900-rimsky-korsakov"],"share_on_mastodon":{"url":"https:\/\/pubeurope.com\/@es\/117173791554933620","error":""},"_links":{"self":[{"href":"https:\/\/www.europesays.com\/es\/wp-json\/wp\/v2\/posts\/735825","targetHints":{"allow":["GET"]}}],"collection":[{"href":"https:\/\/www.europesays.com\/es\/wp-json\/wp\/v2\/posts"}],"about":[{"href":"https:\/\/www.europesays.com\/es\/wp-json\/wp\/v2\/types\/post"}],"author":[{"embeddable":true,"href":"https:\/\/www.europesays.com\/es\/wp-json\/wp\/v2\/users\/2"}],"replies":[{"embeddable":true,"href":"https:\/\/www.europesays.com\/es\/wp-json\/wp\/v2\/comments?post=735825"}],"version-history":[{"count":0,"href":"https:\/\/www.europesays.com\/es\/wp-json\/wp\/v2\/posts\/735825\/revisions"}],"wp:featuredmedia":[{"embeddable":true,"href":"https:\/\/www.europesays.com\/es\/wp-json\/wp\/v2\/media\/735826"}],"wp:attachment":[{"href":"https:\/\/www.europesays.com\/es\/wp-json\/wp\/v2\/media?parent=735825"}],"wp:term":[{"taxonomy":"category","embeddable":true,"href":"https:\/\/www.europesays.com\/es\/wp-json\/wp\/v2\/categories?post=735825"},{"taxonomy":"post_tag","embeddable":true,"href":"https:\/\/www.europesays.com\/es\/wp-json\/wp\/v2\/tags?post=735825"}],"curies":[{"name":"wp","href":"https:\/\/api.w.org\/{rel}","templated":true}]}}