{"id":735845,"date":"2026-08-28T15:30:14","date_gmt":"2026-08-28T15:30:14","guid":{"rendered":"https:\/\/www.europesays.com\/es\/735845\/"},"modified":"2026-08-28T15:30:14","modified_gmt":"2026-08-28T15:30:14","slug":"muere-begona-rodriguez-mujer-del-dj-nando-costa-a-pocas-semanas-de-su-segundo-aniversario-de-boda-el-mundo","status":"publish","type":"post","link":"https:\/\/www.europesays.com\/es\/735845\/","title":{"rendered":"Muere Bego\u00f1a Rodr\u00edguez, mujer del DJ Nando Costa, a pocas semanas de su segundo aniversario de boda &#8211; El Mundo"},"content":{"rendered":"<ol>\n<li><a href=\"https:\/\/news.google.com\/rss\/articles\/CBMihgFBVV95cUxPVXpiRDBTOHRtN2VjNWFyR0hYdEpPMkI2cWZ0RnFBVVE3cUZPNG15VExMWnNIUGt6cDl1WkY4VldfbmRhdWI0bUV6end4eVdUOTNrWFJZaWpTcENnbWJuN0xMT0duZHlKaUQwMVJaaFlBeGtLN2tpblVKYVQ5WVRHTTVMUUx3d9IBhgFBVV95cUxQUTl5cUQ3RHJtQzBnRlVJTlFRS1VLSFNXbXNDODdwZWdrMzZkd0RGSnZYU1RKN3pHZmpKY21Pb1RwLWpSZ3RMZjVSVUVqZExtaTc5RWdmRTIydDhmaHVFanJISmNUS2Q4N0ZQSmZwLU0zMXAwdkR1UDBFeTNybDZUU25pQXEydw?oc=5\" target=\"_blank\" rel=\"nofollow noopener\">Muere Bego\u00f1a Rodr\u00edguez, mujer del DJ Nando Costa, a pocas semanas de su segundo aniversario de boda<\/a>&nbsp;&nbsp;El Mundo<\/li>\n<li><a href=\"https:\/\/news.google.com\/rss\/articles\/CBMijgFBVV95cUxOQjRBRFdVYUdkY0laV3RqUVBYb2p4aWhQVlp1SXlNUF9mdllQTG8wU05iWjF3Vzc1dGtDaGhKMFBpQ2xFUVhSVmRINFE5UmExZld4SFNaM2JBd19wRVFJYng4RlBydTFCSFRWQ25jcy05dm1vRXNsR0Z4enBRM0ZvLWY3dkQ1ZktFQ0NHdXBn?oc=5\" target=\"_blank\" rel=\"nofollow noopener\">Muere Bego\u00f1a, la mujer del DJ Nando Costa y madre de su hija: \u00abFuiste y siempre ser\u00e1s el amor de mi vida\u00bb<\/a>&nbsp;&nbsp;HOLA<\/li>\n<li><a href=\"https:\/\/news.google.com\/rss\/articles\/CBMikwFBVV95cUxPYU95WDJqV2NfZXdJTUZmSUhyN2p0SXhsOTZZWEw3b2ZUeVoySXRZUlF0cks0UUZLLUZHS0hWR3k1R1dwMDItTElfb082bnhoQnQwclZ3eThEaTJ1RmVJd1FobmxQeU92YkpFbWxfSWMwWnU3Q3dJMGlrd0tmeG1mYVNWRklWbUlVdTZYcm5KaUdmM1nSAZgBQVVfeXFMUDd4RHdjVXRERHE0blc0OTA3d051QWVsdEZueF9PRmpEcGp2dE9zY1Jsa2U3dkF1RWVZR2dLTEtJaDUxNGxkY0doaWR2cm8wU1lEbVRLT1JWN0ctM0pjNVRJa2ZiTW1vR0NuaVBWX0dMVkJQQWtyejBpUV9ldWZjSzF1M1k5UmRyLUdSZVR0cENpYnRJdnZFelM?oc=5\" target=\"_blank\" rel=\"nofollow noopener\">\u00abS\u00ed, Bego, t\u00fa fuiste y siempre ser\u00e1s el amor de mi vida\u00bb: El dj ontinyent\u00ed Nando Costa se despide de su mujer<\/a>&nbsp;&nbsp;Levante-EMV<\/li>\n<li><a href=\"https:\/\/news.google.com\/rss\/articles\/CBMisgFBVV95cUxNZ2N0c28xczFCY01IRUJqNkxTVU9Gd09QdlZBcl9ldEw5WElFb0t5OW5PRVFBeUJlM2F4S1hkUkVzZkZSelRfenNmNXhsYzFQS2h5WGtOemRxaUsyMHMzS25ORENIVThpZXpvNFhRSUZiZXNLSGFsdTlnaEFtbExuSWtzVkNXalFYR0EwMVFncGdJUTJJelFGR01JTTl3S0RhREloQ0JvbnE0cW9Ha3J1MjFn?oc=5\" target=\"_blank\" rel=\"nofollow noopener\">El hermano de Bego\u00f1a, la mujer del DJ Nando Costa, se pronuncia tras su muerte: \u00abElla te amaba con locura\u00bb<\/a>&nbsp;&nbsp;Divinity<\/li>\n<li><a href=\"https:\/\/news.google.com\/rss\/articles\/CBMi4AFBVV95cUxPcklxSXJGNUxidXhQTW9VRUFjX0l0TF9uYzRCbHNXSVRfT01Ed3FMZjdLZ2R0MmNwOTlUeUFLbFVOLXJMR21sR294TFY2Qy13VnZGeTQ4cXdrLXFhb0lETTdDYkVTSERWTzJoOERnQWJQVDJiUDczV29TRXYtUmJmX003b2xZWUlRVDlYQ1k5RVNFbGs0RGVPdE1YdUZKNnk2N0E0OWVXcmFGNlBVLVZCTnA4MXRaODQ4SGxfREVjV2VtVUNia19MZlVLQ1hnUTVwMUFqaVpUTGFPb19rSGd0dg?oc=5\" target=\"_blank\" rel=\"nofollow noopener\">Muere Bego\u00f1a, mujer del DJ Nando Costa y madre de su hija: \u00abHar\u00e9 todo lo posible para que crezca sabiendo qui\u00e9n eras\u00bb<\/a>&nbsp;&nbsp;20Minutos<\/li>\n<\/ol>\n","protected":false},"excerpt":{"rendered":"Muere Bego\u00f1a Rodr\u00edguez, mujer del DJ Nando Costa, a pocas semanas de su segundo aniversario de boda&nbsp;&nbsp;El Mundo&hellip;\n","protected":false},"author":2,"featured_media":735846,"comment_status":"","ping_status":"","sticky":false,"template":"","format":"standard","meta":{"footnotes":""},"categories":[174],"tags":[255,146,147,25,24,256,10536,23,94957],"class_list":["post-735845","post","type-post","status-publish","format-standard","has-post-thumbnail","category-famosos","tag-celebrities","tag-entertainment","tag-entretenimiento","tag-es","tag-espana","tag-famosos","tag-loc-celebrities","tag-spain","tag-tnds"],"share_on_mastodon":{"url":"https:\/\/pubeurope.com\/@es\/117173854405760554","error":""},"_links":{"self":[{"href":"https:\/\/www.europesays.com\/es\/wp-json\/wp\/v2\/posts\/735845","targetHints":{"allow":["GET"]}}],"collection":[{"href":"https:\/\/www.europesays.com\/es\/wp-json\/wp\/v2\/posts"}],"about":[{"href":"https:\/\/www.europesays.com\/es\/wp-json\/wp\/v2\/types\/post"}],"author":[{"embeddable":true,"href":"https:\/\/www.europesays.com\/es\/wp-json\/wp\/v2\/users\/2"}],"replies":[{"embeddable":true,"href":"https:\/\/www.europesays.com\/es\/wp-json\/wp\/v2\/comments?post=735845"}],"version-history":[{"count":0,"href":"https:\/\/www.europesays.com\/es\/wp-json\/wp\/v2\/posts\/735845\/revisions"}],"wp:featuredmedia":[{"embeddable":true,"href":"https:\/\/www.europesays.com\/es\/wp-json\/wp\/v2\/media\/735846"}],"wp:attachment":[{"href":"https:\/\/www.europesays.com\/es\/wp-json\/wp\/v2\/media?parent=735845"}],"wp:term":[{"taxonomy":"category","embeddable":true,"href":"https:\/\/www.europesays.com\/es\/wp-json\/wp\/v2\/categories?post=735845"},{"taxonomy":"post_tag","embeddable":true,"href":"https:\/\/www.europesays.com\/es\/wp-json\/wp\/v2\/tags?post=735845"}],"curies":[{"name":"wp","href":"https:\/\/api.w.org\/{rel}","templated":true}]}}