{"id":735859,"date":"2026-08-28T15:38:16","date_gmt":"2026-08-28T15:38:16","guid":{"rendered":"https:\/\/www.europesays.com\/es\/735859\/"},"modified":"2026-08-28T15:38:16","modified_gmt":"2026-08-28T15:38:16","slug":"este-fin-de-semana-habra-baile-del-vermu-en-la-plaza","status":"publish","type":"post","link":"https:\/\/www.europesays.com\/es\/735859\/","title":{"rendered":"Este fin de semana habr\u00e1 Baile del Verm\u00fa en la Plaza"},"content":{"rendered":"<p><strong>La cofrad\u00eda de \u2018Los Coloraos\u2019, que volver\u00e1 a gestionar el espacio, adelanta su apertura para amenizar dos mediod\u00edas donde se espera mucho movimiento de daimiele\u00f1os y visitantes en las calles. El s\u00e1bado pinchar\u00e1 un DJ local y el domingo actuar\u00e1 el cantante Germ\u00e1n Ruiz, que concurs\u00f3 en el programa de televisi\u00f3n \u2018A tu vera\u2019. \u00a0<\/strong><\/p>\n<p>  <img loading=\"lazy\" decoding=\"async\" src=\"https:\/\/www.europesays.com\/es\/wp-content\/uploads\/2026\/08\/cartel_baile_vermu.jpeg\" width=\"217\" height=\"325\" alt=\"Cartel\" typeof=\"foaf:Image\" class=\"img-fluid\"\/><br \/>\nCartel<\/p>\n<p><strong>Daimiel Noticias.-<\/strong> El Baile del Verm\u00fa iniciar\u00e1 su actividad este fin de semana, adelant\u00e1ndose de manera excepcional a las fechas oficiales de la feria. La cofrad\u00eda de \u2018Los Coloraos&#8217;, que vuelve a gestionar la carpa municipal de la Plaza de Espa\u00f1a, ha confirmado este viernes su apertura mientras remataban su puesta a punto.\u00a0<\/p>\n<p>De este modo, los daimiele\u00f1os y los que visiten el municipio podr\u00e1n disfrutar del espacio festivo tanto el s\u00e1bado 29 como el domingo 30 de agosto. Seg\u00fan explic\u00f3 Carlos Fern\u00e1ndez de Marcos, presidente de la cofrad\u00eda, quieren aprovechar un fin de semana donde, con el concierto de la orquesta Panorama y dos d\u00edas no laborables para la mayor\u00eda, se espera mucho movimiento en las calles de Daimiel.\u00a0<\/p>\n<p>En este punto, Fern\u00e1ndez de Marcos aclaraba que la programaci\u00f3n musical de estas dos jornadas de pre-feria correr\u00e1 a cargo de \u00a0de la cofrad\u00eda, dado que la contrataci\u00f3n del Ayuntamiento no contemplaba la cobertura art\u00edstica de estos d\u00edas en el pliego de gesti\u00f3n.\u00a0<\/p>\n<p>  <img loading=\"lazy\" decoding=\"async\" src=\"https:\/\/www.europesays.com\/es\/wp-content\/uploads\/2026\/08\/dsc_0113_2.jpg\" width=\"800\" height=\"535\" alt=\"Fern\u00e1ndez de Marcos\" typeof=\"foaf:Image\" class=\"img-fluid\"\/><br \/>\nFern\u00e1ndez de Marcos<\/p>\n<p>De este modo, para el s\u00e1bado se ha programado la actuaci\u00f3n de un DJ local, mientras que el domingo se subir\u00e1 al escenario un grupo de flamenco liderado por Germ\u00e1n Ruiz. Este cantante ha participado en el programa de televisi\u00f3n \u2018A tu vera\u2019 y actu\u00f3 en la \u00faltima quema de cubos en honor al Cristo del Consuelo. A partir del lunes 31 de agosto, el Consistorio asume la contrataci\u00f3n de las orquestas que amenizar\u00e1n el resto de las fiestas.<\/p>\n<p>Como novedad de este a\u00f1o, el horario de cierre de la carpa municipal se prolongar\u00e1 hasta las 7 de la tarde. La \u00fanica excepci\u00f3n ser\u00e1 el d\u00eda de la inauguraci\u00f3n oficial, el lunes 31 de agosto, jornada en la que el cierre se adelantar\u00e1 a las 4:30 de la tarde. La apertura diaria de las instalaciones se mantendr\u00e1 fija en torno a las 12:30 del mediod\u00eda.\u00a0<\/p>\n<p>Junto al servicio de bebida, el espacio dispondr\u00e1 de una cocina centrada exclusivamente en la preparaci\u00f3n de bocadillos cl\u00e1sicos de lomo, magreta, o chorizo.\u00a0<\/p>\n<p>  <img loading=\"lazy\" decoding=\"async\" src=\"https:\/\/www.europesays.com\/es\/wp-content\/uploads\/2026\/08\/dsc_0122_2.jpg\" width=\"800\" height=\"535\" alt=\"Carpa\" typeof=\"foaf:Image\" class=\"img-fluid\"\/><br \/>\nEscenario de la carpa.<\/p>\n","protected":false},"excerpt":{"rendered":"La cofrad\u00eda de \u2018Los Coloraos\u2019, que volver\u00e1 a gestionar el espacio, adelanta su apertura para amenizar dos mediod\u00edas&hellip;\n","protected":false},"author":2,"featured_media":735860,"comment_status":"","ping_status":"","sticky":false,"template":"","format":"standard","meta":{"footnotes":""},"categories":[91],"tags":[56555,3010,146,147,25,24,2328,23,111296],"class_list":["post-735859","post","type-post","status-publish","format-standard","has-post-thumbnail","category-entretenimiento","tag-carpa","tag-daimiel","tag-entertainment","tag-entretenimiento","tag-es","tag-espana","tag-fiesta","tag-spain","tag-vermu"],"share_on_mastodon":{"url":"https:\/\/pubeurope.com\/@es\/117173886177071335","error":""},"_links":{"self":[{"href":"https:\/\/www.europesays.com\/es\/wp-json\/wp\/v2\/posts\/735859","targetHints":{"allow":["GET"]}}],"collection":[{"href":"https:\/\/www.europesays.com\/es\/wp-json\/wp\/v2\/posts"}],"about":[{"href":"https:\/\/www.europesays.com\/es\/wp-json\/wp\/v2\/types\/post"}],"author":[{"embeddable":true,"href":"https:\/\/www.europesays.com\/es\/wp-json\/wp\/v2\/users\/2"}],"replies":[{"embeddable":true,"href":"https:\/\/www.europesays.com\/es\/wp-json\/wp\/v2\/comments?post=735859"}],"version-history":[{"count":0,"href":"https:\/\/www.europesays.com\/es\/wp-json\/wp\/v2\/posts\/735859\/revisions"}],"wp:featuredmedia":[{"embeddable":true,"href":"https:\/\/www.europesays.com\/es\/wp-json\/wp\/v2\/media\/735860"}],"wp:attachment":[{"href":"https:\/\/www.europesays.com\/es\/wp-json\/wp\/v2\/media?parent=735859"}],"wp:term":[{"taxonomy":"category","embeddable":true,"href":"https:\/\/www.europesays.com\/es\/wp-json\/wp\/v2\/categories?post=735859"},{"taxonomy":"post_tag","embeddable":true,"href":"https:\/\/www.europesays.com\/es\/wp-json\/wp\/v2\/tags?post=735859"}],"curies":[{"name":"wp","href":"https:\/\/api.w.org\/{rel}","templated":true}]}}