{"id":735903,"date":"2026-08-28T16:16:23","date_gmt":"2026-08-28T16:16:23","guid":{"rendered":"https:\/\/www.europesays.com\/es\/735903\/"},"modified":"2026-08-28T16:16:23","modified_gmt":"2026-08-28T16:16:23","slug":"van-aert-quiere-poner-otra-pica-en-cordoba-el-ciclista-belga-es-uno-de-los-favoritos-a-ganar-la-etapa-del-domingo-6-de-septiembre","status":"publish","type":"post","link":"https:\/\/www.europesays.com\/es\/735903\/","title":{"rendered":"Van Aert quiere poner otra &#8216;pica en C\u00f3rdoba&#8217;: el ciclista belga es uno de los favoritos a ganar la etapa del domingo 6 de septiembre"},"content":{"rendered":"<p class=\"ft-text\"><strong>Hablar del palmar\u00e9s de <\/strong><a class=\"ft-link ft-link--decoration\" href=\"https:\/\/www.diariocordoba.com\/deportes\/2026\/04\/12\/gesta-van-aert-roubaix-pogacar-enorme-129016632.html\" rel=\"nofollow noopener\" target=\"_blank\">Wout Van Aert<\/a> es tratar de repasar la hoja<strong> de servicios de un ciclista que deslumbra en las carreteras de toda Europa, <\/strong>desaf\u00eda a los m\u00e1s grandes rivales y se impone con <strong>calidad, maestr\u00eda y \u00e9pica<\/strong> en cl\u00e1sicas, esprints, etapas de media monta\u00f1a, jornadas todoterreno de las grandes vueltas y campeonatos mundiales. Adem\u00e1s, <a class=\"ft-link ft-link--decoration\" href=\"https:\/\/www.diariocordoba.com\/cordoba-ciudad\/2024\/08\/23\/directo-vuelta-ciclista-espana-cordoba-107282709.html\" rel=\"nofollow noopener\" target=\"_blank\">Van Aert sabe lo que es ganar en C\u00f3rdoba, ya que se impuso el 23 de agosto de 2024<\/a> en la s\u00e9ptima etapa de aquella edici\u00f3n. Dos a\u00f1os despu\u00e9s, buscar\u00e1 el doblete en nuestra ciudad el pr\u00f3ximo domingo 6 de septiembre.<\/p>\n<p class=\"ft-text\">El <strong>ciclista belga de 31 a\u00f1os del Team Visma Lease a bike (Herentals, 1994)<\/strong> se encuentra en el c\u00e9nit de su carrera, coronada de <strong>grandes resultados en las principales cl\u00e1sicas<\/strong>, lo que le ha dado un prestigio magistral. <strong>Vencedor de la Strade Bianche, la Mil\u00e1n-San Remo y la Par\u00eds-Roubaix<\/strong>, podio en la <strong>Lieja-Basto\u00f1a-Lieja<\/strong>, bronce en el <strong>Europeo en ruta y en contrarreloj<\/strong>, plata en el <strong>Mundial en ruta y tambi\u00e9n contra el crono<\/strong> y, obviamante, campe\u00f3n, en este caso en hasta cuatro ocasiones, del <strong>Campeonato belga<\/strong>.<\/p>\n<p><img decoding=\"async\" src=\"https:\/\/www.europesays.com\/es\/wp-content\/uploads\/2026\/08\/c95171fc-6f52-41d2-9f7a-132fd74e7514_alta-libre-aspect-ratio_default_0_x600y266.jpg\" width=\"1200\" height=\"800\" alt=\"Van Aert vence a Pogacar en el esprint por la Par\u00eds-Roubaix.\" class=\"ft-helper-img-rd\" loading=\"lazy\" fetchpriority=\"auto\"\/><\/p>\n<p class=\"ft-helper-fontColor-quaternary ft-helper-fontSize-body-S ft-helper-spacer-t-xxs\">Van Aert vence a Pogacar en el esprint por la Par\u00eds-Roubaix, este 2026.  \/ ASO<\/p>\n<p>Ya sabe lo que es vencer con autoridad en C\u00f3rdoba<\/p>\n<p class=\"ft-text\">Adem\u00e1s, <strong>atesora hasta tres victorias de etapa en la <\/strong><a class=\"ft-link ft-link--decoration\" href=\"https:\/\/www.lavuelta.es\/es\/\" rel=\"nofollow noopener\" target=\"_blank\">Vuelta a Espa\u00f1a<\/a>, competici\u00f3n que <strong>solo disput\u00f3 en una ocasi\u00f3n, en<\/strong> 2024. Un solo a\u00f1o en el que, sin embargo, <strong>exprimi\u00f3 casi todo lo que puede hacerse en la gran vuelta espa\u00f1ola<\/strong>. Logr\u00f3 atesorar el <strong>maillot verde<\/strong> durante multitud de d\u00edas gracias a las tres etapas en las que se impuso, la segunda de ellas, en C\u00f3rdoba. Concretamente fue el 23 de agosto de 2024, en la s\u00e9ptima cita del calendario de aquella edici\u00f3n, en un recorrido que <strong>part\u00eda de la malague\u00f1a Archidona y llegaba a C\u00f3rdoba<\/strong>, no sin antes pasar por la Sierra y subir el <strong>Alto del 14%<\/strong>. Una jornada que recuerda a la que viviremos el <strong>pr\u00f3ximo domingo, 6 de septiembre, en la 15\u00aa etapa<\/strong> de esta Vuelta a Espa\u00f1a 2026, en la que de nuevo Van<strong> Aert es un claro favorito<\/strong> a la victoria.<\/p>\n<p><img decoding=\"async\" src=\"https:\/\/www.europesays.com\/es\/wp-content\/uploads\/2026\/08\/1787933781_465_46c34b79-ceb9-4efe-9cab-e540912e293a_alta-libre-aspect-ratio_default_0.jpg\" width=\"1200\" height=\"800\" alt=\"La llegada a C\u00f3rdoba de la Vuelta a Espa\u00f1a 2024, en im\u00e1genes\" class=\"ft-helper-img-rd\" loading=\"lazy\" fetchpriority=\"auto\"\/><\/p>\n<p class=\"ft-helper-fontColor-quaternary ft-helper-fontSize-body-S ft-helper-spacer-t-xxs\">Wout Van Aert vence en la meta en C\u00f3rdoba, en etapa de la Vuelta a Espa\u00f1a 2024. A poco del final de la competici\u00f3n, tuvo que abandonar por una grave ca\u00edda en los Lagos de Covadonga.  \/ A. J. Gonz\u00e1lez<\/p>\n<p class=\"ft-text\">La etapa tuvo de todo en su recta final y dej\u00f3 un <strong>grand\u00edsimo sabor de boca en los aficionados del ciclismo en nuestra provincia<\/strong>. Tras un primer paso por las calles de C\u00f3rdoba, a la que accedi\u00f3 por la <strong>ronda de Isasa, <\/strong>el pelot\u00f3n busc\u00f3 las <strong>cuestas de la Sierra y r\u00e1pidamente se intern\u00f3 en el Alto del 14%<\/strong>, el gran reto. All\u00ed hubo una ca\u00edda que rompi\u00f3 un poco el grupo principal y, tras coronar, <strong>el espa\u00f1ol Marc Soler, intr\u00e9pido como pocos, se lanz\u00f3 a tumba abierta en el descenso<\/strong>. Lleg\u00f3 a tener casi medio minuto de renta sobre el pelot\u00f3n, pero el fuerte ritmo del Jumbo Visma (por entonces se llamaba as\u00ed el equipo de Van Aert) acab\u00f3 desarticulando su aventura.<\/p>\n<p>El r\u00e1pido ciclista belga no fall\u00f3 al esprint<\/p>\n<p class=\"ft-text\"><strong>Todo estaba ideado para la victoria de Wout Van Aert<\/strong>, que buscaba la segunda de aquella Vuelta a Espa\u00f1a tras la lograda en <strong>Castelo Branco, en tierras portuguesas, <\/strong>durante la tercera etapa. <strong>Su equipo lanz\u00f3 bien el esprint y <\/strong><a class=\"ft-link ft-link--decoration\" href=\"https:\/\/www.diariocordoba.com\/cordoba-ciudad\/2026\/08\/25\/wout-aert-mads-pedersen-magnus-cort-nielsen-victoria-vuelta-espana-cordoba-133632333.html\" rel=\"nofollow noopener\" target=\"_blank\"><strong>el rapid\u00edsimo ciclista belga no fall\u00f3<\/strong><\/a><a class=\"ft-link ft-link--decoration\" href=\"https:\/\/www.diariocordoba.com\/cordoba-ciudad\/2026\/08\/25\/wout-aert-mads-pedersen-magnus-cort-nielsen-victoria-vuelta-espana-cordoba-133632333.html\" rel=\"nofollow noopener\" target=\"_blank\"> en los metros finales<\/a>, imponi\u00e9ndose a <strong>Mathias Vacek<\/strong> y a un <a class=\"ft-link ft-link--decoration\" href=\"https:\/\/www.diariocordoba.com\/cordoba-ciudad\/2026\/08\/26\/pau-miquel-busca-segunda-oportunidad-cordoba-vuelta-espana-133634830.html\" rel=\"nofollow noopener\" target=\"_blank\">joven <\/a><a class=\"ft-link ft-link--decoration\" href=\"https:\/\/www.diariocordoba.com\/cordoba-ciudad\/2026\/08\/26\/pau-miquel-busca-segunda-oportunidad-cordoba-vuelta-espana-133634830.html\" rel=\"nofollow noopener\" target=\"_blank\"><strong>Pau Miquel<\/strong><\/a><a class=\"ft-link ft-link--decoration\" href=\"https:\/\/www.diariocordoba.com\/cordoba-ciudad\/2026\/08\/26\/pau-miquel-busca-segunda-oportunidad-cordoba-vuelta-espana-133634830.html\" rel=\"nofollow noopener\" target=\"_blank\"> que buscar\u00e1 resarcirse este pr\u00f3ximo domingo 6 de septiembre<\/a>. <strong>Van Aert querr\u00e1 mojar dos veces en la avenida de Vallellano<\/strong> que tan buenos recuerdos le traer\u00e1 y levantar los brazos para, tambi\u00e9n, y como premio complementario, reforzar su lucha por el maillot verde de los puntos.<\/p>\n<p>Un ep\u00edlogo dram\u00e1tico que querr\u00e1 borrar de la cabeza<\/p>\n<p class=\"ft-text\">Sin embargo, <strong>no todo fueron buenas noticia para Wout Van Aert en aquella Vuelta a Espa\u00f1a 2024<\/strong> en la que puso una &#8216;pica en C\u00f3rdoba&#8217;. El belga <strong>venci\u00f3 en una tercera etapa, esta vez cabalgando sobre la serran\u00eda gallega<\/strong> en un recorrido de media monta\u00f1a que finaliz\u00f3 en <strong>Bayona <\/strong>(Pontevedra). Sin embargo, <strong>unos d\u00edas m\u00e1s tarde, en la etapa reina de los Lagos de Covadonga, sufri\u00f3 una grave ca\u00edda<\/strong> que le hizo abandonar la carrera y perderse lo que quedaba de temporada.<\/p>\n<p><img decoding=\"async\" src=\"https:\/\/www.europesays.com\/es\/wp-content\/uploads\/2026\/08\/1c9e7cb6-321f-4ccd-a178-e51916d45dbe_alta-libre-aspect-ratio_default_0_x600y225.jpg\" width=\"1200\" height=\"675\" alt=\"Van Aert, tras la ca\u00edda que le hizo abandonar la Vuelta Espa\u00f1a 2024, en la etapa de los Lagos de Covadonga.\" class=\"ft-helper-img-rd\" loading=\"lazy\" fetchpriority=\"auto\"\/><\/p>\n<p class=\"ft-helper-fontColor-quaternary ft-helper-fontSize-body-S ft-helper-spacer-t-xxs\">Van Aert, tras la ca\u00edda que le hizo abandonar la Vuelta Espa\u00f1a 2024, en la etapa de los Lagos de Covadonga.  \/ RTVE<\/p>\n<p class=\"ft-text\"><strong>Con ese regusto amargo que le dej\u00f3 una Vuelta a Espa\u00f1a<\/strong>, la \u00fanica en la que hab\u00eda competido, de la que, eso s\u00ed, se march\u00f3 con tres etapas, Wout <strong>Van Aert querr\u00e1 cerrar un doblete en C\u00f3rdoba<\/strong>, firmar una nueva victoria en nuestro pa\u00eds y resarcirse de sus heridas llev\u00e1ndose el maillot verde que tan fat\u00eddicamente perdi\u00f3 en las curvas de tierras asturianas.<\/p>\n","protected":false},"excerpt":{"rendered":"Hablar del palmar\u00e9s de Wout Van Aert es tratar de repasar la hoja de servicios de un ciclista&hellip;\n","protected":false},"author":2,"featured_media":735904,"comment_status":"","ping_status":"","sticky":false,"template":"","format":"standard","meta":{"footnotes":""},"categories":[273],"tags":[6175,11953,313,2760,312,168,25,24,16900,62361,1352,2615,23,167,1357],"class_list":["post-735903","post","type-post","status-publish","format-standard","has-post-thumbnail","category-ciclismo","tag-aert","tag-belga","tag-ciclismo","tag-cordoba","tag-cycling","tag-deportes","tag-es","tag-espana","tag-favorito","tag-pica","tag-poner","tag-quiere","tag-spain","tag-sports","tag-vuelta"],"share_on_mastodon":{"url":"https:\/\/pubeurope.com\/@es\/117174036351399604","error":""},"_links":{"self":[{"href":"https:\/\/www.europesays.com\/es\/wp-json\/wp\/v2\/posts\/735903","targetHints":{"allow":["GET"]}}],"collection":[{"href":"https:\/\/www.europesays.com\/es\/wp-json\/wp\/v2\/posts"}],"about":[{"href":"https:\/\/www.europesays.com\/es\/wp-json\/wp\/v2\/types\/post"}],"author":[{"embeddable":true,"href":"https:\/\/www.europesays.com\/es\/wp-json\/wp\/v2\/users\/2"}],"replies":[{"embeddable":true,"href":"https:\/\/www.europesays.com\/es\/wp-json\/wp\/v2\/comments?post=735903"}],"version-history":[{"count":0,"href":"https:\/\/www.europesays.com\/es\/wp-json\/wp\/v2\/posts\/735903\/revisions"}],"wp:featuredmedia":[{"embeddable":true,"href":"https:\/\/www.europesays.com\/es\/wp-json\/wp\/v2\/media\/735904"}],"wp:attachment":[{"href":"https:\/\/www.europesays.com\/es\/wp-json\/wp\/v2\/media?parent=735903"}],"wp:term":[{"taxonomy":"category","embeddable":true,"href":"https:\/\/www.europesays.com\/es\/wp-json\/wp\/v2\/categories?post=735903"},{"taxonomy":"post_tag","embeddable":true,"href":"https:\/\/www.europesays.com\/es\/wp-json\/wp\/v2\/tags?post=735903"}],"curies":[{"name":"wp","href":"https:\/\/api.w.org\/{rel}","templated":true}]}}