{"id":735927,"date":"2026-08-28T16:32:13","date_gmt":"2026-08-28T16:32:13","guid":{"rendered":"https:\/\/www.europesays.com\/es\/735927\/"},"modified":"2026-08-28T16:32:13","modified_gmt":"2026-08-28T16:32:13","slug":"unos-175-estudiantes-enferman-en-belgica-por-una-posible-intoxicacion-alimentaria","status":"publish","type":"post","link":"https:\/\/www.europesays.com\/es\/735927\/","title":{"rendered":"Unos 175 estudiantes enferman en B\u00e9lgica por una posible intoxicaci\u00f3n alimentaria"},"content":{"rendered":"<p class=\"c-paragraph\">Unos 175 estudiantes y supervisores de la Universidad de Ciencias Aplicadas de Breda (BUas), en el sur de <a href=\"https:\/\/www.20minutos.es\/tags\/lugares\/paises-bajos.html\" rel=\"nofollow noopener\" target=\"_blank\">Pa\u00edses Bajos<\/a>, <b>enfermaron<\/b> durante la pasada noche <b>mientras participaban en un campamento<\/b> de bienvenida en B\u00e9lgica, en un brote que las autoridades consideran probablemente relacionado con una <a href=\"https:\/\/www.20minutos.es\/tags\/temas\/intoxicacion.html\" rel=\"nofollow noopener\" target=\"_blank\">intoxicaci\u00f3n alimentaria<\/a>.<\/p>\n<p class=\"c-paragraph\">M\u00e1s de 800 estudiantes participan desde el martes en un programa de introducci\u00f3n organizado por tres facultades de la universidad neerlandesa en un camping de Poppel, una localidad belga pr\u00f3xima a la frontera con Pa\u00edses Bajos.<\/p>\n<p class=\"c-paragraph\">Seg\u00fan inform\u00f3 este viernes BUas en un comunicado, el brote comenz\u00f3 a \u00faltima hora del jueves y <b>continu\u00f3 durante la noche<\/b>, y alrededor de 175 estudiantes y supervisores resultaron afectados.<\/p>\n<p class=\"c-paragraph\">El equipo responsable del programa puso en marcha un plan de emergencia junto con los servicios de salud p\u00fablica belgas para atender a los enfermos y determinar el origen del brote.\u00a0Algunos afectados tuvieron que ser trasladados a un hospital despu\u00e9s de presentar s\u00edntomas graves, entre ellos deshidrataci\u00f3n.<\/p>\n<p class=\"c-paragraph\">La universidad se\u00f1al\u00f3 que las autoridades sanitarias investigaron la causa y concluyeron que \u00ablo m\u00e1s probable\u00bb es que est\u00e9 relacionada con los alimentos, aunque <b>no precis\u00f3 qu\u00e9 producto podr\u00eda haber provocado las intoxicaciones<\/b>.\u00a0Ante \u00abla magnitud y gravedad de la situaci\u00f3n\u00bb, BUas decidi\u00f3 cancelar las actividades previstas para este viernes, \u00faltimo d\u00eda del programa.<\/p>\n<p class=\"c-paragraph\">Los estudiantes enfermos ser\u00e1n recogidos por sus padres o tutores, mientras que aquellos que no tengan esa posibilidad <b>ser\u00e1n trasladados y atendidos con ayuda de la universidad<\/b>; el resto de participantes regresar\u00e1 al campus de BUas, situado en Breda, en el sur de Pa\u00edses Bajos.<\/p>\n<p class=\"c-paragraph\">Las autoridades sanitarias han recomendado a los afectados con s\u00edntomas leves, como v\u00f3mitos, dolor de est\u00f3mago o dolor de cabeza, que <b>descansen hasta recuperarse<\/b>, mientras que aquellos que sufran s\u00edntomas graves, como dolor incontrolable, v\u00f3mitos con sangre o desmayos, deben <b>contactar con los servicios de emergencia o acudir a un m\u00e9dico<\/b>.<\/p>\n<p class=\"c-paragraph\">El personal de BUas contactar\u00e1 en los pr\u00f3ximos d\u00edas con los estudiantes afectados para comprobar su evoluci\u00f3n y determinar si necesitan asistencia adicional.<\/p>\n<p class=\"c-paragraph\">\u00abEstamos profundamente preocupados por la situaci\u00f3n\u00bb, se\u00f1al\u00f3 la universidad, que asegur\u00f3 haber movilizado los servicios de emergencia necesarios y estar solicitando asesoramiento m\u00e9dico sobre c\u00f3mo gestionar la situaci\u00f3n.<\/p>\n<p class=\"c-paragraph\">BUas lament\u00f3 adem\u00e1s la cancelaci\u00f3n anticipada de la semana de bienvenida y agradeci\u00f3 la forma en que estudiantes y supervisores <b>se ayudaron mutuamente durante la noche<\/b>. \u00abEsperamos que, a pesar de este desafortunado final, todos puedan seguir recordando con cari\u00f1o la semana de introducci\u00f3n\u00bb, concluy\u00f3 el Consejo Ejecutivo de la universidad.<\/p>\n","protected":false},"excerpt":{"rendered":"Unos 175 estudiantes y supervisores de la Universidad de Ciencias Aplicadas de Breda (BUas), en el sur de&hellip;\n","protected":false},"author":2,"featured_media":735928,"comment_status":"","ping_status":"","sticky":false,"template":"","format":"standard","meta":{"footnotes":""},"categories":[42],"tags":[26367,3171,17,18,130664,9486,13,14,11,61,62,63,64,19,20,9,10,15,16,12,21,22,63485,65,66,67],"class_list":["post-735927","post","type-post","status-publish","format-standard","has-post-thumbnail","category-internacional","tag-26367","tag-belgica","tag-breaking-news","tag-breakingnews","tag-enferman","tag-estudiantes","tag-featured-news","tag-featurednews","tag-headlines","tag-internacional","tag-international","tag-international-news","tag-internationalnews","tag-latest-news","tag-latestnews","tag-news","tag-noticias","tag-noticias-destacadas","tag-noticiasdestacadas","tag-titulares","tag-ultimas-noticias","tag-ultimasnoticias","tag-unos","tag-world","tag-world-news","tag-worldnews"],"share_on_mastodon":{"url":"https:\/\/pubeurope.com\/@es\/117174098173576297","error":""},"_links":{"self":[{"href":"https:\/\/www.europesays.com\/es\/wp-json\/wp\/v2\/posts\/735927","targetHints":{"allow":["GET"]}}],"collection":[{"href":"https:\/\/www.europesays.com\/es\/wp-json\/wp\/v2\/posts"}],"about":[{"href":"https:\/\/www.europesays.com\/es\/wp-json\/wp\/v2\/types\/post"}],"author":[{"embeddable":true,"href":"https:\/\/www.europesays.com\/es\/wp-json\/wp\/v2\/users\/2"}],"replies":[{"embeddable":true,"href":"https:\/\/www.europesays.com\/es\/wp-json\/wp\/v2\/comments?post=735927"}],"version-history":[{"count":0,"href":"https:\/\/www.europesays.com\/es\/wp-json\/wp\/v2\/posts\/735927\/revisions"}],"wp:featuredmedia":[{"embeddable":true,"href":"https:\/\/www.europesays.com\/es\/wp-json\/wp\/v2\/media\/735928"}],"wp:attachment":[{"href":"https:\/\/www.europesays.com\/es\/wp-json\/wp\/v2\/media?parent=735927"}],"wp:term":[{"taxonomy":"category","embeddable":true,"href":"https:\/\/www.europesays.com\/es\/wp-json\/wp\/v2\/categories?post=735927"},{"taxonomy":"post_tag","embeddable":true,"href":"https:\/\/www.europesays.com\/es\/wp-json\/wp\/v2\/tags?post=735927"}],"curies":[{"name":"wp","href":"https:\/\/api.w.org\/{rel}","templated":true}]}}