{"id":735931,"date":"2026-08-28T16:34:19","date_gmt":"2026-08-28T16:34:19","guid":{"rendered":"https:\/\/www.europesays.com\/es\/735931\/"},"modified":"2026-08-28T16:34:19","modified_gmt":"2026-08-28T16:34:19","slug":"la-vendedora-del-atico-para-el-gobierno-de-ayuso-acepta-que-se-difundan-detalles-de-la-compra","status":"publish","type":"post","link":"https:\/\/www.europesays.com\/es\/735931\/","title":{"rendered":"La vendedora del \u00e1tico para el Gobierno de Ayuso acepta que se difundan detalles de la compra"},"content":{"rendered":"<p class=\"article-text\">\n        Astrid Gil-Casares, propietaria del \u00e1tico que la Comunidad de Madrid <a href=\"https:\/\/www.eldiario.es\/madrid\/reunion-informal-reforma-sol-fechas-clave-compra-atico-gobierno-ayuso_1_13467398.html\" data-mrf-recirculation=\"links-noticia\" class=\"link\" rel=\"nofollow noopener\" target=\"_blank\">compr\u00f3 por 6,3 millones de euros<\/a>, ha aceptado que se hagan p\u00fablicos detalles de la operaci\u00f3n, seg\u00fan ha adelantado este viernes El Pa\u00eds y ha podido confirmar elDiario.es. Planifica Madrid, la empresa p\u00fablica que gestion\u00f3 la compra, aleg\u00f3 a trav\u00e9s de Transparencia que no pod\u00eda compartir el expediente u otra informaci\u00f3n relevante porque esta afectaba a \u201cterceros\u201d y estos ten\u00edan que dar el visto bueno. Ahora, despu\u00e9s de que la vendedora haya dado el visto bueno por escrito, Transparencia ya podr\u00eda ofrecer esta informaci\u00f3n.\n    <\/p>\n<p class=\"article-text\">\n        La vendedora hab\u00eda firmado durante la operaci\u00f3n un acuerdo de confidencialidad exigido por el Gobierno de Isabel D\u00edaz Ayuso, que aleg\u00f3 cuando la operaci\u00f3n sali\u00f3 a la luz que el inmueble hab\u00eda sido adquirido para destinarlo a \u201creuniones\u201d mientras durasen unas reformas en la sede de la Presidencia de la Comunidad de la Puerta del Sol.\n    <\/p>\n<p class=\"article-text\">\n        Astrid Gil-Casares ofreci\u00f3 una entrevista a la revista <a href=\"https:\/\/www.vanitatis.elconfidencial.com\/cafe-society\/2026-07-30\/astrid-gil-casares-explica-compra-atico-comunidad-de-madrid_4398659\/\" data-mrf-recirculation=\"links-noticia\" class=\"link\" target=\"_blank\" rel=\"nofollow noopener\">Vanitatis<\/a> el pasado 30 de julio, un d\u00eda despu\u00e9s de que se conociese la operaci\u00f3n. En ella explic\u00f3 que hab\u00eda firmado ese \u201cacuerdo de confidencialidad\u201d, que le imped\u00eda comentar \u201clas circunstancias de la operaci\u00f3n\u201d. \u201cEn cualquier caso, desconozco por completo el destino que se pretend\u00eda dar a dicho inmueble\u201d, a\u00f1adi\u00f3 entonces.\n    <\/p>\n<p class=\"article-text\">\n        El diputado de M\u00e1s Madrid Hugo Mart\u00ednez Abarca ha sido una de las personas que solicitaron a Transparencia esos detalles de la compra del \u00e1tico, as\u00ed como el expediente del mismo. El 21 de agosto, Transparencia suspendi\u00f3 el tr\u00e1mite porque deb\u00eda preguntar a \u201cterceros interesados\u201d si acced\u00edan a dar la informaci\u00f3n. Despu\u00e9s, se reanud\u00f3 el expediente, aunque se ampli\u00f3 en 20 d\u00edas h\u00e1biles m\u00e1s, \u201cdebido al elevado n\u00famero de solicitudes de contenido diverso recibidas en relaci\u00f3n con esta materia\u201d, seg\u00fan indicaron.\n    <\/p>\n<p>    <a href=\"https:\/\/www.eldiario.es\/madrid\/reunion-informal-reforma-sol-fechas-clave-compra-atico-gobierno-ayuso_1_13467398.html\" data-mrf-recirculation=\"saber-mas-abajo\" data-dl-event=\"saber-mas-abajo\" rel=\"nofollow noopener\" target=\"_blank\"><\/p>\n<p class=\"know-more__title\">De la \u201creuni\u00f3n informal\u201d a la reforma en Sol: las fechas clave en la compra del \u00e1tico para el Gobierno de Ayuso\n<\/p>\n<p>            <img decoding=\"async\" class=\"lazy\" loading=\"lazy\" data-src=\"https:\/\/static.eldiario.es\/clip\/2beb0435-5bba-4f9e-866f-ac8b88f3fdcc_16-9-aspect-ratio_default_0_x1158y170.jpg\" src=\"data:image\/svg+xml,%3Csvg xmlns=\" http:=\"\" viewbox=\"0 0 880 495\" alt=\"De la \u201creuni\u00f3n informal\u201d a la reforma en Sol: las fechas clave en la compra del \u00e1tico para el Gobierno de Ayuso\"\/><\/p>\n<p>                        <\/a><\/p>\n<p class=\"article-text\">\n        Tanto la Comunidad de Madrid como el PP aseguran que ya se han dado explicaciones suficientes, pero un mes m\u00e1s tarde de que se conociera el esc\u00e1ndalo, todav\u00eda se desconocen inc\u00f3gnitas que rodean a la operaci\u00f3n, como qui\u00e9n estaba presente durante la firma o por qu\u00e9 se eligi\u00f3 esa localizaci\u00f3n en la calle General Mart\u00ednez Campos, en el barrio de Chamber\u00ed, un inmueble situado a pocos metros de la casa familiar de Ayuso y donde ahora reside su madre. Tampoco se tiene informaci\u00f3n del expediente de compra o de por qu\u00e9 se exigi\u00f3 <a href=\"https:\/\/www.eldiario.es\/politica\/empresa-publica-compro-atico-temporal-ayuso-exigio-confidencialidad-vendedor-visita_1_13418991.html\" data-mrf-recirculation=\"links-noticia\" class=\"link\" rel=\"nofollow noopener\" target=\"_blank\">confidencialidad a la vendedora<\/a> en una operaci\u00f3n de una empresa p\u00fablica que, como indicaron tanto Ayuso como su consejero Miguel \u00c1ngel Garc\u00eda Mart\u00edn, se dedicaba \u201ctodo el a\u00f1o\u201d a la compra y venta de inmuebles.\n    <\/p>\n","protected":false},"excerpt":{"rendered":"Astrid Gil-Casares, propietaria del \u00e1tico que la Comunidad de Madrid compr\u00f3 por 6,3 millones de euros, ha aceptado&hellip;\n","protected":false},"author":2,"featured_media":735932,"comment_status":"","ping_status":"","sticky":false,"template":"","format":"standard","meta":{"footnotes":""},"categories":[5],"tags":[23529,59393,6984,17,18,6364,7510,130665,20023,25,24,13,14,582,11,19,20,9,10,15,16,23,12,21,22,18102],"class_list":["post-735931","post","type-post","status-publish","format-standard","has-post-thumbnail","category-titulares","tag-acepta","tag-atico","tag-ayuso","tag-breaking-news","tag-breakingnews","tag-compra","tag-detalles","tag-difundan","tag-empresaria","tag-es","tag-espana","tag-featured-news","tag-featurednews","tag-gobierno","tag-headlines","tag-latest-news","tag-latestnews","tag-news","tag-noticias","tag-noticias-destacadas","tag-noticiasdestacadas","tag-spain","tag-titulares","tag-ultimas-noticias","tag-ultimasnoticias","tag-vendio"],"share_on_mastodon":{"url":"https:\/\/pubeurope.com\/@es\/117174105913421154","error":""},"_links":{"self":[{"href":"https:\/\/www.europesays.com\/es\/wp-json\/wp\/v2\/posts\/735931","targetHints":{"allow":["GET"]}}],"collection":[{"href":"https:\/\/www.europesays.com\/es\/wp-json\/wp\/v2\/posts"}],"about":[{"href":"https:\/\/www.europesays.com\/es\/wp-json\/wp\/v2\/types\/post"}],"author":[{"embeddable":true,"href":"https:\/\/www.europesays.com\/es\/wp-json\/wp\/v2\/users\/2"}],"replies":[{"embeddable":true,"href":"https:\/\/www.europesays.com\/es\/wp-json\/wp\/v2\/comments?post=735931"}],"version-history":[{"count":0,"href":"https:\/\/www.europesays.com\/es\/wp-json\/wp\/v2\/posts\/735931\/revisions"}],"wp:featuredmedia":[{"embeddable":true,"href":"https:\/\/www.europesays.com\/es\/wp-json\/wp\/v2\/media\/735932"}],"wp:attachment":[{"href":"https:\/\/www.europesays.com\/es\/wp-json\/wp\/v2\/media?parent=735931"}],"wp:term":[{"taxonomy":"category","embeddable":true,"href":"https:\/\/www.europesays.com\/es\/wp-json\/wp\/v2\/categories?post=735931"},{"taxonomy":"post_tag","embeddable":true,"href":"https:\/\/www.europesays.com\/es\/wp-json\/wp\/v2\/tags?post=735931"}],"curies":[{"name":"wp","href":"https:\/\/api.w.org\/{rel}","templated":true}]}}