{"id":735961,"date":"2026-08-28T16:58:43","date_gmt":"2026-08-28T16:58:43","guid":{"rendered":"https:\/\/www.europesays.com\/es\/735961\/"},"modified":"2026-08-28T16:58:43","modified_gmt":"2026-08-28T16:58:43","slug":"muere-begona-mujer-del-dj-nando-costa-y-madre-de-su-hija-hare-todo-lo-posible-para-que-crezca-sabiendo-quien-eras","status":"publish","type":"post","link":"https:\/\/www.europesays.com\/es\/735961\/","title":{"rendered":"Muere Bego\u00f1a, mujer del DJ Nando Costa y madre de su hija: \u00abHar\u00e9 todo lo posible para que crezca sabiendo qui\u00e9n eras\u00bb"},"content":{"rendered":"<p class=\"c-paragraph\">Bego\u00f1a Rodr\u00edguez, abogada y pareja del DJ Nando Costa, ha fallecido, tal y como ha confirmado su marido en sus redes sociales, donde comparti\u00f3 el <b>\u00faltimo v\u00eddeo que tiene de ella en su m\u00f3vil<\/b>.<\/p>\n<p class=\"c-paragraph\">El m\u00fasico es DJ residente en la sala de conciertos Stereo Alicante y act\u00faa, entre otros, en el Low Festival de Torrevieja, donde a principios de agosto estuvieron ambos. De hecho, la \u00faltima publicaci\u00f3n en redes de Rodr\u00edguez fue en este evento.<\/p>\n<p class=\"c-paragraph\">Nando Costa, quien se cas\u00f3 en 2024 con la letrada, anunci\u00f3 este mi\u00e9rcoles que se desped\u00eda de las redes \u00ab<b>durante mucho tiempo, quiz\u00e1 para siempre<\/b>\u00ab, con esa publicaci\u00f3n en la que le dedicaba unas palabras al amor de su vida.<\/p>\n<p class=\"c-paragraph\">\u00abT\u00fa fuiste y siempre ser\u00e1s el amor de mi vida. Tambi\u00e9n <b>fuiste mi mejor amiga<\/b>\u00ab, escribi\u00f3 \u00e9l y, despu\u00e9s, habl\u00f3 de la hija que ten\u00edan en com\u00fan. \u00abSiempre dec\u00edamos que t\u00fa, Baby Abril y yo \u00e9ramos una empresa, y que para que funcionara ten\u00edamos que estar los tres juntos y unidos en todo. Y as\u00ed era. \u00c9ramos un equipo\u00bb.<\/p>\n<p class=\"c-paragraph\">\u00abLa vida ha decidido arrancarte de nuestro lado demasiado pronto, y todav\u00eda <b>no soy capaz de entenderlo ni jam\u00e1s lo entender\u00e9<\/b>\u00ab, lament\u00f3. \u00abNo s\u00e9 qu\u00e9 voy a hacer sin ti. Es injusto\u2026 terriblemente injusto\u00bb.<\/p>\n<p class=\"c-paragraph\">Pero tambi\u00e9n destac\u00f3 todo lo bien que ella le hac\u00eda: \u00ab<b>Eras mi faro entre la niebla<\/b>\u00ab, frase que llevaban tatuada; \u00abSiempre estabas para todo el mundo (&#8230;) Cuidabas, escuchabas, ayudabas y quer\u00edas como pocas personas saben hacerlo\u00bb.<\/p>\n<p class=\"c-paragraph\">\u00abRecuerdo el d\u00eda que me enamor\u00e9 de ti como si fuera ayer. Y recuerdo tambi\u00e9n el d\u00eda que me diste el mejor regalo que pod\u00eda recibir jam\u00e1s: nuestra Baby Abril\u00bb, reiter\u00f3. \u00abRecuerdo c\u00f3mo te quer\u00eda la gente. C\u00f3mo <b>te conoc\u00edan m\u00e1s a ti que a m\u00ed, y eso que el artista era yo<\/b>. Porque donde t\u00fa llegabas, dejabas huella\u00bb.<\/p>\n<p class=\"c-paragraph\">Aunque asegur\u00f3 que su \u00abvida nunca volver\u00e1 a ser la misma\u00bb sin ella, le prometi\u00f3 que intentar\u00eda \u00abseguir adelante\u00bb por ella y cuidar de Abril: \u00ab<b>Intentar\u00e9 estar a la altura de la madre maravillosa que tuvo<\/b>. Te prometo que har\u00e9 todo lo posible para que crezca sabiendo qui\u00e9n eras y cu\u00e1nto la quer\u00edas\u00bb.<\/p>\n<p class=\"c-paragraph\">Abogada y divulgadora sobre temas judiciales, Bego\u00f1a Rodr\u00edguez mezclaba en su perfil fotos y v\u00eddeos en festivales con contenido legal que explicaba desde su propio despacho en Santa Pola. Y, por supuesto, tambi\u00e9n estampas familiares con Abril.<\/p>\n","protected":false},"excerpt":{"rendered":"Bego\u00f1a Rodr\u00edguez, abogada y pareja del DJ Nando Costa, ha fallecido, tal y como ha confirmado su marido&hellip;\n","protected":false},"author":2,"featured_media":735962,"comment_status":"","ping_status":"","sticky":false,"template":"","format":"standard","meta":{"footnotes":""},"categories":[5],"tags":[7421,17,18,3973,25,24,13,14,11,19,20,8938,2461,75158,9,10,15,16,23,12,21,22],"class_list":["post-735961","post","type-post","status-publish","format-standard","has-post-thumbnail","category-titulares","tag-begona","tag-breaking-news","tag-breakingnews","tag-dj","tag-es","tag-espana","tag-featured-news","tag-featurednews","tag-headlines","tag-latest-news","tag-latestnews","tag-muere","tag-mujer","tag-nando","tag-news","tag-noticias","tag-noticias-destacadas","tag-noticiasdestacadas","tag-spain","tag-titulares","tag-ultimas-noticias","tag-ultimasnoticias"],"share_on_mastodon":{"url":"https:\/\/pubeurope.com\/@es\/117174200107132217","error":""},"_links":{"self":[{"href":"https:\/\/www.europesays.com\/es\/wp-json\/wp\/v2\/posts\/735961","targetHints":{"allow":["GET"]}}],"collection":[{"href":"https:\/\/www.europesays.com\/es\/wp-json\/wp\/v2\/posts"}],"about":[{"href":"https:\/\/www.europesays.com\/es\/wp-json\/wp\/v2\/types\/post"}],"author":[{"embeddable":true,"href":"https:\/\/www.europesays.com\/es\/wp-json\/wp\/v2\/users\/2"}],"replies":[{"embeddable":true,"href":"https:\/\/www.europesays.com\/es\/wp-json\/wp\/v2\/comments?post=735961"}],"version-history":[{"count":0,"href":"https:\/\/www.europesays.com\/es\/wp-json\/wp\/v2\/posts\/735961\/revisions"}],"wp:featuredmedia":[{"embeddable":true,"href":"https:\/\/www.europesays.com\/es\/wp-json\/wp\/v2\/media\/735962"}],"wp:attachment":[{"href":"https:\/\/www.europesays.com\/es\/wp-json\/wp\/v2\/media?parent=735961"}],"wp:term":[{"taxonomy":"category","embeddable":true,"href":"https:\/\/www.europesays.com\/es\/wp-json\/wp\/v2\/categories?post=735961"},{"taxonomy":"post_tag","embeddable":true,"href":"https:\/\/www.europesays.com\/es\/wp-json\/wp\/v2\/tags?post=735961"}],"curies":[{"name":"wp","href":"https:\/\/api.w.org\/{rel}","templated":true}]}}