{"id":735985,"date":"2026-08-28T17:19:12","date_gmt":"2026-08-28T17:19:12","guid":{"rendered":"https:\/\/www.europesays.com\/es\/735985\/"},"modified":"2026-08-28T17:19:12","modified_gmt":"2026-08-28T17:19:12","slug":"la-pesquera-viguesa-pescapuerta-compra-congelados-llinares-lider-andaluza-en-distribucion-a-hosteleria-la-voz-de-galicia","status":"publish","type":"post","link":"https:\/\/www.europesays.com\/es\/735985\/","title":{"rendered":"La pesquera viguesa Pescapuerta compra Congelados Llinares, l\u00edder andaluza en distribuci\u00f3n a hosteler\u00eda &#8211; La Voz de Galicia"},"content":{"rendered":"<ol>\n<li><a href=\"https:\/\/news.google.com\/rss\/articles\/CBMi1AFBVV95cUxOMlg3SXdMMEhiMzhsRG9HdGlJNXk5dC04dTVPMWNSaHdsRG92ZVZodzdMbkswYTFBem52TmxaRGZvcEExQ0ZNblliRml3RFhOamhJbjZOdkt1aExBazc2ZHhPeWhhZnlVYTgyMkxscXBvcFlyd3B0cVVzN1hKQy1iYktHS2Y0Rmswbko4WHFUMkhCWnFHOGhRX3FpUHk3S2lSNUQyX3paNjl2LVhZTVZsaHQtbTNsSFZfU3BWT2dnSTNJTGw1czJYek92V1pFYUVUZVl3aNIB8AFBVV95cUxNVDByWjNkMlZiWEs4bDlMVVlmaXpQTzZ1aUU1SzFGYnZYQWpEUWU5a0Q4NXRKbHpUOVJpdWo4Z1c1WUhtQk5vVmw5VXM2Y3NmeGFRVHhhREttbXo2LUhRbFgzZ1RvdDYzaXc3S0tEOGI2WHVDeHhpcmFIOEdHRXF0eEgxOVRndDg2UnFuRndIOEdJLW55bkU4NjhMWTNQN1loRjA0Z2pfdEcxbVlhcmJrdjdiTWpvVlc0S0hXLVJjTDBHb0JEUWxDa1lNVkdCUWdMWTlpeU1vMV93Qmd0ZmJmZWRrMFpCWGsyVFpzaXBCUHM?oc=5\" target=\"_blank\" rel=\"nofollow noopener\">La pesquera viguesa Pescapuerta compra Congelados Llinares, l\u00edder andaluza en distribuci\u00f3n a hosteler\u00eda<\/a>&nbsp;&nbsp;La Voz de Galicia<\/li>\n<li><a href=\"https:\/\/news.google.com\/rss\/articles\/CBMi0wFBVV95cUxOengtOGp2Y2pKWnBxTHRCTlhNQm1KRU1kV1ltM1paQUJzbnFYUjdyLTlGQmJkZ3NQZDdQWWpwYWpOSE1uWmVzR192NlNDSFpxZWdtLVpKTjd6UTVkUWJNSnNpV2luMjdwQkpPTmJaeXlvMEFSaTNxdWhWZk5HLTNLV3ZFUEJQeHBwczZaR0NvTVdoMHVJQnMyVFpqT2dHLWRhTmxDRF84VEpZemhjbXlTX2JjMDVaam1aOHZRV3ZEdHZ3R0tza3VXc09BaWlaNjhYUWs40gHYAUFVX3lxTE9VRUhqM2dVMHNFV3RzVXlMMXN1R1BrVDZKWC03azAwX1h6cXR6MGlEcm44UEFVZ1hfaXp2d0s1TE81TlNvVGxvWFhwdDBDUTY3U3U5QVlIb1JlR2JkVWd4SklMX3dKamtMOGFFWjVaclpRcmZRNkFfck9Tei1tTEtyUGtxS21WMGd3M2lLR0ZmQVY5YXZsTzdlWlBjcDkydVJ1eVcxcWgzRXVjMjlXTDJCYzFEZXkyZHAtS251ZklfbGFFcHBWd2dRei1GRm9aTnpvMTFUWGlrRw?oc=5\" target=\"_blank\" rel=\"nofollow noopener\">Pescapuerta se hace may\u00fascula en suelo espa\u00f1ol: compra la andaluza Llinares y galopa hacia los 400 millones de facturaci\u00f3n<\/a>&nbsp;&nbsp;Faro de Vigo<\/li>\n<li><a href=\"https:\/\/news.google.com\/rss\/articles\/CBMifkFVX3lxTE92TF9lTHlOeFk3Qi10cVlCV196MGlfZUVsa1ZzeExiVF9WYUkteDR4bEZiS3JjdGY0X0xvd3NPV2x4X21yenh0SGlWZ1hwQ0RIc0pEM0p3Y29zbWdHc1BHNF9fazhmWnZpdzFlZ2lVaEdnRlpyd0d1NjlhYXZTQQ?oc=5\" target=\"_blank\" rel=\"nofollow noopener\">Algeciras, Pescapuerta toma el control de la popular Llinares<\/a>&nbsp;&nbsp;Algeciras Al Minuto<\/li>\n<li><a href=\"https:\/\/news.google.com\/rss\/articles\/CBMioAFBVV95cUxPb2F4ei11bkszN2JOdXg1dE5ZdFJrdVNyMXdPMzliRkk0WmFHUUw2NWhuR3Q3Sm1xSzhxQjFMSkYtOUtGaVVHeTBfZUwtTGN4QmJqRmV6N3hsdjM5RDFwU1ZvWlNTTGIySmxQai1NdFhvRWJiNzBTQjJYNXdTZ1k2Y2xjb2ZHN3ZOSzZpYktIaUZBd2Q1S1NQMHo1R2tLODgt?oc=5\" target=\"_blank\" rel=\"nofollow noopener\">Pescapuerta se hace con la andaluza Congelados Llinares<\/a>&nbsp;&nbsp;Atl\u00e1ntico<\/li>\n<li><a href=\"https:\/\/news.google.com\/rss\/articles\/CBMirAFBVV95cUxNVXpsMjdWRXhUejVDMXJaTUUwQlRCQnlPNFZPbnMwUTJjT01YNDIwNldUbzlDS3ctQkNSc3Uyd0dYNHJaVTFqSGdOMGtGbGhXVGp2UzFmTGJCYWRxS1laRFZtWU5EcDNTREpNcmlEeFoxUmEtZDM1ZFdNVXhyXzd1XzFOdG5ZQkJCdlFBNk9iMHM0Y2FMQUc2MVdfU29sb3pNMGlUUUR2a1U0Z3Vf0gGyAUFVX3lxTFBIa1REWDhJN245NnNLWDJ3VmVyVTFfX3R5UGdXQlZNdnJtVmFSWUxPMWlOTktfeHdaRTVUODJhUV9OSVJaVkQ1UEQwSlMyMm1FMGpKQ0xxRmE3d19Sb3IxSDVlVzlDTFpkNnp1NjRnNHNId1ZKTnJSaVZ6WjZqOHZkeGlMRWRvcGdqTXpJZmJJTEFQa2FBU0FRX25tVERaQTBPbWduRjMtczkwNVNHNnlrcEE?oc=5\" target=\"_blank\" rel=\"nofollow noopener\">Pescapuerta se hace con el control de la andaluza Congelados Llinares<\/a>&nbsp;&nbsp;Econom\u00eda Digital<\/li>\n<\/ol>\n","protected":false},"excerpt":{"rendered":"La pesquera viguesa Pescapuerta compra Congelados Llinares, l\u00edder andaluza en distribuci\u00f3n a hosteler\u00eda&nbsp;&nbsp;La Voz de Galicia Pescapuerta se&hellip;\n","protected":false},"author":2,"featured_media":735986,"comment_status":"","ping_status":"","sticky":false,"template":"","format":"standard","meta":{"footnotes":""},"categories":[80],"tags":[82,1615,818,95,94,25,7860,24,317,628,3564,13485,3855,1462,1171,23],"class_list":["post-735985","post","type-post","status-publish","format-standard","has-post-thumbnail","category-economia","tag-business","tag-china","tag-croacia","tag-economia","tag-economy","tag-es","tag-eslovenia","tag-espana","tag-francia","tag-italia","tag-japon","tag-jordania","tag-malaga","tag-portugal","tag-sevilla","tag-spain"],"share_on_mastodon":{"url":"https:\/\/pubeurope.com\/@es\/117174283083871238","error":""},"_links":{"self":[{"href":"https:\/\/www.europesays.com\/es\/wp-json\/wp\/v2\/posts\/735985","targetHints":{"allow":["GET"]}}],"collection":[{"href":"https:\/\/www.europesays.com\/es\/wp-json\/wp\/v2\/posts"}],"about":[{"href":"https:\/\/www.europesays.com\/es\/wp-json\/wp\/v2\/types\/post"}],"author":[{"embeddable":true,"href":"https:\/\/www.europesays.com\/es\/wp-json\/wp\/v2\/users\/2"}],"replies":[{"embeddable":true,"href":"https:\/\/www.europesays.com\/es\/wp-json\/wp\/v2\/comments?post=735985"}],"version-history":[{"count":0,"href":"https:\/\/www.europesays.com\/es\/wp-json\/wp\/v2\/posts\/735985\/revisions"}],"wp:featuredmedia":[{"embeddable":true,"href":"https:\/\/www.europesays.com\/es\/wp-json\/wp\/v2\/media\/735986"}],"wp:attachment":[{"href":"https:\/\/www.europesays.com\/es\/wp-json\/wp\/v2\/media?parent=735985"}],"wp:term":[{"taxonomy":"category","embeddable":true,"href":"https:\/\/www.europesays.com\/es\/wp-json\/wp\/v2\/categories?post=735985"},{"taxonomy":"post_tag","embeddable":true,"href":"https:\/\/www.europesays.com\/es\/wp-json\/wp\/v2\/tags?post=735985"}],"curies":[{"name":"wp","href":"https:\/\/api.w.org\/{rel}","templated":true}]}}