{"id":735995,"date":"2026-08-28T17:31:21","date_gmt":"2026-08-28T17:31:21","guid":{"rendered":"https:\/\/www.europesays.com\/es\/735995\/"},"modified":"2026-08-28T17:31:21","modified_gmt":"2026-08-28T17:31:21","slug":"tyrese-martin-el-faro-del-barca-desde-el-primer-dia","status":"publish","type":"post","link":"https:\/\/www.europesays.com\/es\/735995\/","title":{"rendered":"Tyrese Martin, el faro del Bar\u00e7a desde el primer d\u00eda"},"content":{"rendered":"<p class=\"ft-text\"><strong>Tyrese Martin no es un fichaje m\u00e1s<\/strong>. <a class=\"ft-link ft-link--decoration\" href=\"https:\/\/www.sport.es\/es\/noticias\/barca\/baloncesto\/tyrese-martin-todoterreno-llega-cambiar-132777770\" rel=\"nofollow noopener\" target=\"_blank\">El Bar\u00e7a apost\u00f3 fuerte por el jugador nacido hace 27 a\u00f1os en Allentown (Pensilvania)<\/a> para que sea uno de los l\u00edderes de un equipo plagado de novedades, al igual que hizo con Justin Robinson (Paris Basketball) para el puesto de base y con Moses Wright para el de p\u00edvot, aunque su llegada se frustr\u00f3 y a\u00fan prosigue la b\u00fasqueda de ese perfil.<\/p>\n<p class=\"ft-text\">Con 59 partidos en la Liga de Desarrollo (G-League) y <a class=\"ft-link ft-link--decoration\" href=\"https:\/\/www.sport.es\/es\/noticias\/baloncesto\/oficial-barca-ficha-tyrese-martin-132768866\" rel=\"nofollow noopener\" target=\"_blank\">122 en la NBA divididos entre Atlanta Hawks (16), Brooklyn Nets (97) y Philadelphia 76ers (9)<\/a> en los que promedi\u00f3 6,8 puntos, 2,8 puntos y 1,7 asistencias, el exterior sorprendi\u00f3 en las negociaciones por el convencimiento en su capacidad para aportar muchas cosas al equipo en su primera experiencia fuera de Estados Unidos.<\/p>\n<p class=\"ft-text\">Los primeros d\u00edas de Martin en el Bar\u00e7a han supuesto la confirmaci\u00f3n de estas buenas sensaciones y de que su fichaje podr\u00eda ser un acierto total. <strong>\u00abEstoy seguro de que puedo ejercer de l\u00edder<\/strong> y desarrollar este rol, haciendo lo que s\u00e9 hacer en la pista\u00bb, coment\u00f3 <a class=\"ft-link ft-link--decoration\" href=\"https:\/\/www.sport.es\/es\/noticias\/barca\/baloncesto\/tyrese-martin-kevin-punter-explosion-133328366\" rel=\"nofollow noopener\" target=\"_blank\">la nueva estrella azulgrana<\/a> a los medios del club.<\/p>\n<p><img decoding=\"async\" src=\"https:\/\/www.europesays.com\/es\/wp-content\/uploads\/2026\/08\/64d0abf8-2887-4b40-9385-6fb07069685b_alta-libre-aspect-ratio_default_0_x600y225.jpg\" width=\"1200\" height=\"675\" alt=\"Tyrese Martin, esta semana en el Palau\" class=\"ft-helper-img-rd\" loading=\"lazy\" fetchpriority=\"auto\"\/><\/p>\n<p class=\"ft-helper-fontColor-quaternary ft-helper-fontSize-body-S ft-helper-spacer-t-xxs\">Tyrese Martin, esta semana en el Palau  \/ FCB<\/p>\n<p class=\"ft-text\">\u00abEstoy muy bien, agradecido y muy ilusionado.<strong> Con ganas de jugar duro y de competir para el equipo y para la afici\u00f3n\u00bb<\/strong>, insisti\u00f3 el alero estadounidense de 1,98 metros y capaz tambi\u00e9n de actuar como escolta. La idea del club y del propio Aleksander Sekulic es <a class=\"ft-link ft-link--decoration\" href=\"https:\/\/www.sport.es\/es\/videos\/baloncesto\/20260714\/juega-tyrese-martin\/132430695.shtml\" rel=\"nofollow noopener\" target=\"_blank\">que sea un jugador clave por su perfil f\u00edsico y por su capacidad anotadora<\/a>, tanto en penetraci\u00f3n como en tiro tras bloqueo.<\/p>\n<p class=\"ft-text\">En el recuerdo a\u00fan queda su <strong>exhibici\u00f3n el 27 de noviembre de 2024 en la victoria de los Nets por 117-127 en la pista de Phoenix Suns<\/strong>, cuando fue el mejor escudero para el alem\u00e1n Denis Schr\u00f6der (29 puntos) para anotar 30 puntos con una espectacular serie de 8\/10 en triples. En sus dos temporadas en Brooklyn estuvo en torno al 34% en triples y all\u00ed la l\u00ednea est\u00e1 m\u00e1s lejos.<\/p>\n<p class=\"ft-text\"><strong>\u00abSomos un equipo joven, competitivo, que quiere jugar con dureza<\/strong>, de forma r\u00e1pida, con capacidad para anotar muchos triples y con un estilo de estas caracter\u00edsticas\u00bb, insiste un Tyrese Martin que est\u00e1 muy acostumbrado a ese estilo tan f\u00edsico que ha poblado y ha terminado conquistando la Liga Endesa y, sobre todo, la Euroliga.<\/p>\n<p><img decoding=\"async\" src=\"https:\/\/www.europesays.com\/es\/wp-content\/uploads\/2026\/08\/25160b15-d245-4c65-b983-bd558a04817e_alta-libre-aspect-ratio_default_0_x600y256.jpg\" width=\"1200\" height=\"770\" alt=\"Kevin Punter ya se entrena con el Bar\u00e7a\" class=\"ft-helper-img-rd\" loading=\"lazy\" fetchpriority=\"auto\"\/><\/p>\n<p class=\"ft-helper-fontColor-quaternary ft-helper-fontSize-body-S ft-helper-spacer-t-xxs\">Kevin Punter ya se entrena con el Bar\u00e7a  \/ FCB<\/p>\n<p class=\"ft-text\">\u00abTenemos muchos jugadores nuevos y lo primero ser\u00e1 que empecemos a conocernos bien y para jugar todos juntos como un equipo en la pista. <strong>Somos jugadores con experiencia y debemos aprovecharlo para sacar ventaja\u00bb, <\/strong>concluy\u00f3 el estadounidense en unas declaraciones que invitan mucho al optimismo.<\/p>\n<p class=\"ft-text\">Con Kevin Punter ya de regreso en Barcelona tras recibir un permiso del club <a class=\"ft-link ft-link--decoration\" href=\"https:\/\/www.sport.es\/es\/noticias\/barca\/baloncesto\/kevin-punter-mensaje-calma-aguas-133003231\" rel=\"nofollow noopener\" target=\"_blank\">despu\u00e9s de un varias semanas de rumores sobre su posible marcha<\/a>, <strong>el primer partido para empezar a disfrutar de Tyrese Martin con el Bar\u00e7a es el domingo 6 de septiembre<\/strong> a las 12.30 horas contra el MoraBanc Andorra para poner punto y final a la tradicional estad\u00eda veraniega de pretemporada en el Com\u00fa d&#8217;Encamp.<\/p>\n","protected":false},"excerpt":{"rendered":"Tyrese Martin no es un fichaje m\u00e1s. El Bar\u00e7a apost\u00f3 fuerte por el jugador nacido hace 27 a\u00f1os&hellip;\n","protected":false},"author":2,"featured_media":735996,"comment_status":"","ping_status":"","sticky":false,"template":"","format":"standard","meta":{"footnotes":""},"categories":[269],"tags":[299,2296,298,168,25,24,17184,1730,977,23,167,120322],"class_list":["post-735995","post","type-post","status-publish","format-standard","has-post-thumbnail","category-baloncesto","tag-baloncesto","tag-barca","tag-basketball","tag-deportes","tag-es","tag-espana","tag-faro","tag-martin","tag-primer","tag-spain","tag-sports","tag-tyrese"],"share_on_mastodon":{"url":"https:\/\/pubeurope.com\/@es\/117174331979177356","error":""},"_links":{"self":[{"href":"https:\/\/www.europesays.com\/es\/wp-json\/wp\/v2\/posts\/735995","targetHints":{"allow":["GET"]}}],"collection":[{"href":"https:\/\/www.europesays.com\/es\/wp-json\/wp\/v2\/posts"}],"about":[{"href":"https:\/\/www.europesays.com\/es\/wp-json\/wp\/v2\/types\/post"}],"author":[{"embeddable":true,"href":"https:\/\/www.europesays.com\/es\/wp-json\/wp\/v2\/users\/2"}],"replies":[{"embeddable":true,"href":"https:\/\/www.europesays.com\/es\/wp-json\/wp\/v2\/comments?post=735995"}],"version-history":[{"count":0,"href":"https:\/\/www.europesays.com\/es\/wp-json\/wp\/v2\/posts\/735995\/revisions"}],"wp:featuredmedia":[{"embeddable":true,"href":"https:\/\/www.europesays.com\/es\/wp-json\/wp\/v2\/media\/735996"}],"wp:attachment":[{"href":"https:\/\/www.europesays.com\/es\/wp-json\/wp\/v2\/media?parent=735995"}],"wp:term":[{"taxonomy":"category","embeddable":true,"href":"https:\/\/www.europesays.com\/es\/wp-json\/wp\/v2\/categories?post=735995"},{"taxonomy":"post_tag","embeddable":true,"href":"https:\/\/www.europesays.com\/es\/wp-json\/wp\/v2\/tags?post=735995"}],"curies":[{"name":"wp","href":"https:\/\/api.w.org\/{rel}","templated":true}]}}